{"id":612061,"date":"2025-12-20T16:49:24","date_gmt":"2025-12-20T16:49:24","guid":{"rendered":"https:\/\/www.europesays.com\/fr\/612061\/"},"modified":"2025-12-20T16:49:24","modified_gmt":"2025-12-20T16:49:24","slug":"le-tribunal-administratif-de-rouen-confirme-la-fermeture-pour-deux-mois-de-la-boite-de-nuit-le-so-club","status":"publish","type":"post","link":"https:\/\/www.europesays.com\/fr\/612061\/","title":{"rendered":"Le tribunal administratif de Rouen confirme la fermeture pour deux mois de la bo\u00eete de nuit le \u00ab\u00a0So Club\u00a0\u00bb"},"content":{"rendered":"<p>L&rsquo;\u00e9tablissement de nuit le \u00ab\u00a0So Club\u00a0\u00bb, situ\u00e9 sur les quais de Seine \u00e0 Rouen, va devoir fermer ses portes pour une dur\u00e9e de deux mois. C&rsquo;est ce qu&rsquo;a confirm\u00e9 le tribunal administratif de Rouen ce samedi 20 d\u00e9cembre. Il consid\u00e8re que la d\u00e9cision du pr\u00e9fet de Seine-Maritime n&rsquo;est pas \u00ab\u00a0excessive\u00a0\u00bb.<\/p>\n<p>Le tribunal administratif de Rouen a rendu sa d\u00e9cision, samedi 20 d\u00e9cembre 2025, concernant le recours de l&rsquo;\u00e9tablissement du \u00ab\u00a0So Club\u00a0\u00bb, situ\u00e9 sur les quais de Seine \u00e0 Rouen (Seine-Maritime). <strong>Il confirme l&rsquo;arr\u00eat\u00e9 pr\u00e9fectoral<\/strong>\u00a0du 16 d\u00e9cembre\u00a0<a class=\"IciLink ici-link IciArticleLink g-ici-body-regular-1 underline brand svelte-1chfe2s\" href=\"https:\/\/www.francebleu.fr\/infos\/faits-divers-justice\/preoccupant-pour-la-fete-a-rouen-la-boite-de-nuit-le-so-a-nouveau-fermee-administrativement-8031631\" target=\"_blank\" rel=\"noopener\">exigeant une fermeture de l&rsquo;\u00e9tablissement pour deux mois<\/a>.\u00a0Cela fait suite \u00e0 des \u00ab\u00a0infractions de vente d&rsquo;alcool \u00e0 un mineur et de vente d&rsquo;alcool \u00e0 des individus manifestement ivres\u00a0\u00bb, avait pr\u00e9cis\u00e9 la pr\u00e9fecture.<\/p>\n<p>\u00ab\u00a0Il y a de la col\u00e8re\u00a0\u00bb<\/p>\n<p>Le juge estime que \u00ab\u00a0les \u00e9l\u00e9ments apport\u00e9s par l\u2019exploitant du \u00ab\u00a0So Club\u00a0\u00bb pour remettre en cause l\u2019exactitude mat\u00e9rielle de ces faits n\u2019\u00e9taient pas suffisants [&#8230;], que ces faits, qui ne sont pas isol\u00e9s, sont \u00e0 l\u2019origine, par leur nature, de graves troubles \u00e0 l\u2019ordre public et qu\u2019ils sont en relation directe avec les conditions d\u2019exploitation et la fr\u00e9quentation du \u00ab\u00a0So Club\u00a0\u00bb.\u00a0\u00bb<\/p>\n<p>Pour l&rsquo;avocat de l&rsquo;\u00e9tablissement,\u00a0Me Henri de Beauregard, cette d\u00e9cision pr\u00e9fectorale paraissait infond\u00e9e. <strong>Il ne comprend pas cette d\u00e9cision du tribunal<\/strong>. \u00ab\u00a0L&rsquo;arr\u00eat\u00e9 \u00e9tait fond\u00e9 sur deux \u00e9l\u00e9ments. Le premier consistant \u00e0 affirmer que l&rsquo;\u00e9tablissement aurait servi de l&rsquo;alcool \u00e0 une personne mineure et le deuxi\u00e8me que l&rsquo;\u00e9tablissement aurait servi une personne en \u00e9tat d&rsquo;ivresse manifeste\u00a0\u00bb, explique-t-il avant de poursuivre, \u00ab\u00a0nous continuions \u00e0 soutenir qu&rsquo;aucun de ces deux \u00e9l\u00e9ments n&rsquo;est fond\u00e9 ou mat\u00e9rialis\u00e9\u00a0\u00bb.<\/p>\n<p>Une fermeture d&rsquo;une dur\u00e9e de deux mois<\/p>\n<p>\u00ab\u00a0Le juge des r\u00e9f\u00e9r\u00e9s en a d\u00e9duit que la fermeture de l\u2019\u00e9tablissement pour une dur\u00e9e\u00a0de deux mois n\u2019\u00e9tait pas excessive et qu\u2019ainsi, il n\u2019\u00e9tait pas port\u00e9 une atteinte manifestement disproportionn\u00e9e aux libert\u00e9s d\u2019entreprendre et du commerce et de l\u2019industrie, qui constituent des libert\u00e9s fondamentales\u00a0\u00bb, souligne le tribunal.<\/p>\n<p>De son c\u00f4t\u00e9, l&rsquo;avocat de l&rsquo;\u00e9tablissement nocturne a d&rsquo;ores et d\u00e9j\u00e0 annonc\u00e9 qu&rsquo;ils poursuivraient les recours juridiques.<\/p>\n","protected":false},"excerpt":{"rendered":"L&rsquo;\u00e9tablissement de nuit le \u00ab\u00a0So Club\u00a0\u00bb, situ\u00e9 sur les quais de Seine \u00e0 Rouen, va devoir fermer ses&hellip;\n","protected":false},"author":2,"featured_media":612062,"comment_status":"","ping_status":"","sticky":false,"template":"","format":"standard","meta":{"footnotes":""},"categories":[9587],"tags":[1111,11,1777,674,1011,27,12,5161,25,9590],"class_list":{"0":"post-612061","1":"post","2":"type-post","3":"status-publish","4":"format-standard","5":"has-post-thumbnail","7":"category-rouen","8":"tag-actu","9":"tag-actualites","10":"tag-eu","11":"tag-europe","12":"tag-fr","13":"tag-france","14":"tag-news","15":"tag-normandie","16":"tag-republique-francaise","17":"tag-rouen"},"share_on_mastodon":{"url":"https:\/\/pubeurope.com\/@fr\/115752925042978185","error":""},"_links":{"self":[{"href":"https:\/\/www.europesays.com\/fr\/wp-json\/wp\/v2\/posts\/612061","targetHints":{"allow":["GET"]}}],"collection":[{"href":"https:\/\/www.europesays.com\/fr\/wp-json\/wp\/v2\/posts"}],"about":[{"href":"https:\/\/www.europesays.com\/fr\/wp-json\/wp\/v2\/types\/post"}],"author":[{"embeddable":true,"href":"https:\/\/www.europesays.com\/fr\/wp-json\/wp\/v2\/users\/2"}],"replies":[{"embeddable":true,"href":"https:\/\/www.europesays.com\/fr\/wp-json\/wp\/v2\/comments?post=612061"}],"version-history":[{"count":0,"href":"https:\/\/www.europesays.com\/fr\/wp-json\/wp\/v2\/posts\/612061\/revisions"}],"wp:featuredmedia":[{"embeddable":true,"href":"https:\/\/www.europesays.com\/fr\/wp-json\/wp\/v2\/media\/612062"}],"wp:attachment":[{"href":"https:\/\/www.europesays.com\/fr\/wp-json\/wp\/v2\/media?parent=612061"}],"wp:term":[{"taxonomy":"category","embeddable":true,"href":"https:\/\/www.europesays.com\/fr\/wp-json\/wp\/v2\/categories?post=612061"},{"taxonomy":"post_tag","embeddable":true,"href":"https:\/\/www.europesays.com\/fr\/wp-json\/wp\/v2\/tags?post=612061"}],"curies":[{"name":"wp","href":"https:\/\/api.w.org\/{rel}","templated":true}]}}