{"id":612063,"date":"2025-12-20T16:50:16","date_gmt":"2025-12-20T16:50:16","guid":{"rendered":"https:\/\/www.europesays.com\/fr\/612063\/"},"modified":"2025-12-20T16:50:16","modified_gmt":"2025-12-20T16:50:16","slug":"echirolles-du-changement-sur-la-ligne-c6","status":"publish","type":"post","link":"https:\/\/www.europesays.com\/fr\/612063\/","title":{"rendered":"\u00c9chirolles. Du changement sur la ligne C6"},"content":{"rendered":"<p>Il y a du changement \u00e0 partir de ce lundi 22\u00a0d\u00e9cembre. La ligne Chrono C6 change de parcours et retrouve son itin\u00e9raire d\u2019avant les travaux du <a href=\"https:\/\/www.ledauphine.com\/d\/echangeur-du-rondeau-ou-en-est-le-chantier-95a8e06d-60b2-410a-b4e4-3210965d68d5\" target=\"_blank\" rel=\"nofollow noopener\">Rondeau<\/a>, reprenant le cours de la Lib\u00e9ration. Et cela va bousculer quelques habitudes des usagers du bus.<\/p>\n<p>D\u2019abord, l\u2019arr\u00eat Essarts \u2013 La Butte \u00e0 \u00c9chirolles n\u2019est plus desservi\u00a0: pour retrouver la C6, il faudra prendre tram A jusqu\u2019\u00e0 Grand\u2019place ou rejoindre l\u2019arr\u00eat de bus \u201cMaison des anciens\u201d.<\/p>\n<p>En revanche, les arr\u00eats Marielle Franco \u2013 Technisud, Stade Lesdigui\u00e8res et Verlaine sont de nouveaux desservis.<\/p>\n<p>Par ailleurs, un nouvel arr\u00eat Rondeau est cr\u00e9\u00e9, sur le plateau du Rondeau (au-dessus de la tranch\u00e9e couverte).<\/p>\n<p>Les cadences sur cette ligne C6 sont d\u2019un bus toutes les 8 \u00e0 12 minutes.<\/p>\n<p class=\"note\">Pour en savoir plus\u00a0: <a href=\"https:\/\/www.reso-m.fr\/\" target=\"_blank\" rel=\"nofollow noopener\">reso-m.fr<\/a><\/p>\n","protected":false},"excerpt":{"rendered":"Il y a du changement \u00e0 partir de ce lundi 22\u00a0d\u00e9cembre. La ligne Chrono C6 change de parcours&hellip;\n","protected":false},"author":2,"featured_media":612064,"comment_status":"","ping_status":"","sticky":false,"template":"","format":"standard","meta":{"footnotes":""},"categories":[9566],"tags":[1111,11,2430,3542,9852,9853,112,1777,674,1011,27,2731,108,12,25,2803],"class_list":{"0":"post-612063","1":"post","2":"type-post","3":"status-publish","4":"format-standard","5":"has-post-thumbnail","7":"category-grenoble","8":"tag-actu","9":"tag-actualites","10":"tag-auvergne-rhone-alpes","11":"tag-circulation","12":"tag-echirolles","13":"tag-echirolles-bassin","14":"tag-edition-grenoble-agglomeration","15":"tag-eu","16":"tag-europe","17":"tag-fr","18":"tag-france","19":"tag-grenoble","20":"tag-isere","21":"tag-news","22":"tag-republique-francaise","23":"tag-transport"},"share_on_mastodon":{"url":"https:\/\/pubeurope.com\/@fr\/115752928903056617","error":""},"_links":{"self":[{"href":"https:\/\/www.europesays.com\/fr\/wp-json\/wp\/v2\/posts\/612063","targetHints":{"allow":["GET"]}}],"collection":[{"href":"https:\/\/www.europesays.com\/fr\/wp-json\/wp\/v2\/posts"}],"about":[{"href":"https:\/\/www.europesays.com\/fr\/wp-json\/wp\/v2\/types\/post"}],"author":[{"embeddable":true,"href":"https:\/\/www.europesays.com\/fr\/wp-json\/wp\/v2\/users\/2"}],"replies":[{"embeddable":true,"href":"https:\/\/www.europesays.com\/fr\/wp-json\/wp\/v2\/comments?post=612063"}],"version-history":[{"count":0,"href":"https:\/\/www.europesays.com\/fr\/wp-json\/wp\/v2\/posts\/612063\/revisions"}],"wp:featuredmedia":[{"embeddable":true,"href":"https:\/\/www.europesays.com\/fr\/wp-json\/wp\/v2\/media\/612064"}],"wp:attachment":[{"href":"https:\/\/www.europesays.com\/fr\/wp-json\/wp\/v2\/media?parent=612063"}],"wp:term":[{"taxonomy":"category","embeddable":true,"href":"https:\/\/www.europesays.com\/fr\/wp-json\/wp\/v2\/categories?post=612063"},{"taxonomy":"post_tag","embeddable":true,"href":"https:\/\/www.europesays.com\/fr\/wp-json\/wp\/v2\/tags?post=612063"}],"curies":[{"name":"wp","href":"https:\/\/api.w.org\/{rel}","templated":true}]}}