{"id":612067,"date":"2025-12-20T16:52:26","date_gmt":"2025-12-20T16:52:26","guid":{"rendered":"https:\/\/www.europesays.com\/fr\/612067\/"},"modified":"2025-12-20T16:52:26","modified_gmt":"2025-12-20T16:52:26","slug":"a-rennes-radio-saint-vincent-fait-bouger-son-lycee-pour-les-restos-du-coeur","status":"publish","type":"post","link":"https:\/\/www.europesays.com\/fr\/612067\/","title":{"rendered":"\u00c0 Rennes, Radio Saint-Vincent fait bouger son lyc\u00e9e pour les Restos du c\u0153ur"},"content":{"rendered":"<p>Il ne fait pas bien chaud, il n\u2019y a pas grand monde et c\u2019est le beau milieu de l\u2019apr\u00e8s-midi du mercredi 17\u00a0d\u00e9cembre 2025\u2026 Mais pas de quoi affaiblir l\u2019enthousiasme de six camarades du lyc\u00e9e Saint-Vincent, \u00e0 Rennes (Ille-et-Vilaine), qui participent au relais de cyclistes pour maintenir gonfl\u00e9 un c\u0153ur g\u00e9ant install\u00e9 en haut du grand escalier de l\u2019institution catholique. \u00a0Nous avons r\u00e9uni 6700 euros de dons et plus de 50\u00a0kg de denr\u00e9es et de produits d\u2019hygi\u00e8ne\u00a0<a href=\"https:\/\/rennes.maville.com\/actu\/actudet_-a-rennes-le-lycee-saint-vincent-va-pedaler-24-heures-pour-les-restos-du-coeur-_7-7109833_actu.Htm\" target=\"_blank\" rel=\"noopener\"> au profit des Restos du c\u0153ur <\/a>.Les \u00e9l\u00e8ves ont trouv\u00e9 des parrains et des entreprises ont aussi fait des dons\u00a0\u00bb, se r\u00e9jouit Christine Giulani, coordinatrice p\u00e9dagogique du coll\u00e8ge-lyc\u00e9e Saint-Vincent. En haut des marches, l\u2019effort des sportifs et sportives se fait au rythme des samples d\u2019un DJ et des commentaires de la dynamique \u00e9quipe de <a href=\"https:\/\/radiosaintvincent.fr\/\" target=\"_blank\" rel=\"noopener\">Radio Saint-Vincent<\/a> second\u00e9e par des \u00e9tudiants de l\u2019<a href=\"https:\/\/saint-brieuc.maville.com\/actu\/actudet_-la-bretagne-terre-de-cinema-maintient-ses-aides-a-la-filiere-audiovisuelle-en-2025-_5-6638191_actu.Htm\" target=\"_blank\" rel=\"noopener\">ESRA, \u00e9cole sup\u00e9rieure priv\u00e9e sp\u00e9cialis\u00e9e dans la formation en conception et r\u00e9alisation audiovisuelle<\/a>. \u00ab<a href=\"https:\/\/rennes.maville.com\/actu\/actudet_-chaque-jour-au-micro-de-radio-saint-vincent-des-ondes-porteuses-pour-les-lyceens-et-etudiants-_52674-5604439_actu.Htm\" target=\"_blank\" rel=\"noopener\">\u00a0La radio existe depuis 2017 <\/a>. Elle fonctionne comme un atelier propos\u00e9 hors du temps scolaire\u00a0\u00bb, souligne son responsable Erwan Ferezou<\/p>\n<p>\t<img decoding=\"async\" src=\"https:\/\/www.europesays.com\/fr\/wp-content\/uploads\/2025\/12\/P35651067D7118530G_px_640_.jpg\" alt=\"photo quelques \u00e9l\u00e8ves assurent le relais sur des v\u00e9los pour maintenir gonfl\u00e9 le grand c\u0153ur dress\u00e9 en haut des marches de l\u2019institution saint-vincent, \u00e0 rennes.  \u00a9  ouest-france\" width=\"640\" title=\" Quelques \u00e9l\u00e8ves assurent le relais sur des v\u00e9los pour maintenir gonfl\u00e9 le grand c\u0153ur dress\u00e9 en haut des marches de l\u2019institution Saint-Vincent, \u00e0 Rennes.   Ouest-France \"\/><\/p>\n<p class=\"elmt-legende\"> Quelques \u00e9l\u00e8ves assurent le relais sur des v\u00e9los pour maintenir gonfl\u00e9 le grand c\u0153ur dress\u00e9 en haut des marches de l\u2019institution Saint-Vincent, \u00e0 Rennes.   Ouest-France <\/p>\n<p>\u00a0C\u2019est une web radio qui diffuse de la musique et nous r\u00e9alisons une \u00e9mission par trimestre sur des sujets qui nous passionnent\u00a0, explique Lilou Tourillon, 17\u00a0ans, qui a rejoint la radio depuis deux ans. Pour son camarade Augustin Kerloc\u2019h, c\u2019est d\u00e9j\u00e0 la troisi\u00e8me ann\u00e9e. \u00ab\u00a0Je voudrais devenir journaliste, conc\u00e8de l\u2019adolescent. Avec <a href=\"https:\/\/radiosaintvincent.fr\/podcasts\" target=\"_blank\" rel=\"noopener\"> Radio Saint-Vincent <\/a>, nous \u00e9laborons aussi des programmes sp\u00e9ciaux lors des portes ouvertes de l\u2019\u00e9tablissement. Les 9 et 10\u00a0janvier 2026, nous serons aussi pr\u00e9sents au <a href=\"https:\/\/salon-du-lyceen-et-de-l-etudiant-rennes.salon.letudiant.fr\/\" target=\"_blank\" rel=\"noopener\"> salon de l\u2019\u00e9tudiant <\/a> o\u00f9 nous r\u00e9aliserons des interviews et des portraits des diff\u00e9rents \u00e9tablissements pr\u00e9sents\u00a0\u00bb. L\u2019une des interviews dont il est fier\u00a0? \u00a0Celle de R\u00e9mi Decouacon qui a organis\u00e9 la finale de la Champions League\u00a0!\u00a0. Un programme \u00e0 retrouver, comme les autres, sur le site internet de <a href=\"https:\/\/radiosaintvincent.fr\/\" target=\"_blank\" rel=\"noopener\">Radio Saint-Vincent<\/a>.<\/p>\n<p>\u00a0<\/p>\n","protected":false},"excerpt":{"rendered":"Il ne fait pas bien chaud, il n\u2019y a pas grand monde et c\u2019est le beau milieu de&hellip;\n","protected":false},"author":2,"featured_media":612068,"comment_status":"","ping_status":"","sticky":false,"template":"","format":"standard","meta":{"footnotes":""},"categories":[2821],"tags":[1111,11,17817,829,1777,674,21,1011,27,2633,12,1825,584,25,7057,51437,11489],"class_list":{"0":"post-612067","1":"post","2":"type-post","3":"status-publish","4":"format-standard","5":"has-post-thumbnail","7":"category-rennes","8":"tag-actu","9":"tag-actualites","10":"tag-bouger","11":"tag-bretagne","12":"tag-eu","13":"tag-europe","14":"tag-fait","15":"tag-fr","16":"tag-france","17":"tag-lycee","18":"tag-news","19":"tag-radio","20":"tag-rennes","21":"tag-republique-francaise","22":"tag-restos","23":"tag-saint-vincent","24":"tag-ur"},"share_on_mastodon":{"url":"https:\/\/pubeurope.com\/@fr\/115752937250881712","error":""},"_links":{"self":[{"href":"https:\/\/www.europesays.com\/fr\/wp-json\/wp\/v2\/posts\/612067","targetHints":{"allow":["GET"]}}],"collection":[{"href":"https:\/\/www.europesays.com\/fr\/wp-json\/wp\/v2\/posts"}],"about":[{"href":"https:\/\/www.europesays.com\/fr\/wp-json\/wp\/v2\/types\/post"}],"author":[{"embeddable":true,"href":"https:\/\/www.europesays.com\/fr\/wp-json\/wp\/v2\/users\/2"}],"replies":[{"embeddable":true,"href":"https:\/\/www.europesays.com\/fr\/wp-json\/wp\/v2\/comments?post=612067"}],"version-history":[{"count":0,"href":"https:\/\/www.europesays.com\/fr\/wp-json\/wp\/v2\/posts\/612067\/revisions"}],"wp:featuredmedia":[{"embeddable":true,"href":"https:\/\/www.europesays.com\/fr\/wp-json\/wp\/v2\/media\/612068"}],"wp:attachment":[{"href":"https:\/\/www.europesays.com\/fr\/wp-json\/wp\/v2\/media?parent=612067"}],"wp:term":[{"taxonomy":"category","embeddable":true,"href":"https:\/\/www.europesays.com\/fr\/wp-json\/wp\/v2\/categories?post=612067"},{"taxonomy":"post_tag","embeddable":true,"href":"https:\/\/www.europesays.com\/fr\/wp-json\/wp\/v2\/tags?post=612067"}],"curies":[{"name":"wp","href":"https:\/\/api.w.org\/{rel}","templated":true}]}}