{"id":612073,"date":"2025-12-20T16:55:31","date_gmt":"2025-12-20T16:55:31","guid":{"rendered":"https:\/\/www.europesays.com\/fr\/612073\/"},"modified":"2025-12-20T16:55:31","modified_gmt":"2025-12-20T16:55:31","slug":"jean-philippe-maurer-interpelle-pia-imbs","status":"publish","type":"post","link":"https:\/\/www.europesays.com\/fr\/612073\/","title":{"rendered":"Jean-Philippe Maurer interpelle Pia Imbs"},"content":{"rendered":"<p>\u00c0 la suite de cette intervention, le conseiller eurom\u00e9tropolitain LR a adress\u00e9 un courrier \u00e0 Pia Imbs, pr\u00e9sidente de l\u2019Eurom\u00e9tropole, afin de l\u2019interpeller plus particuli\u00e8rement sur la garantie d\u2019emprunt accord\u00e9e par la collectivit\u00e9 au GIP Icans, d\u2019un montant initial de plus de 21\u00a0millions d\u2019euros, et sur les modalit\u00e9s envisag\u00e9es pour le transfert de cette garantie vers la structure appel\u00e9e \u00e0 succ\u00e9der \u00e0 l\u2019\u00e9tablissement.<\/p>\n<p>Au-del\u00e0 des enjeux financiers, Jean-Philippe Maurer souligne l\u2019importance majeure de l\u2019Icans dans l\u2019offre et la qualit\u00e9 des soins sur le territoire, ainsi que les implications de sa s\u00e9paration d\u2019avec le centre Paul-Strauss, dans un contexte o\u00f9 l\u2019acc\u00e8s aux soins constitue un enjeu central du contrat local de sant\u00e9 de l\u2019Eurom\u00e9tropole.<\/p>\n","protected":false},"excerpt":{"rendered":"\u00c0 la suite de cette intervention, le conseiller eurom\u00e9tropolitain LR a adress\u00e9 un courrier \u00e0 Pia Imbs, pr\u00e9sidente&hellip;\n","protected":false},"author":2,"featured_media":612074,"comment_status":"","ping_status":"","sticky":false,"template":"","format":"standard","meta":{"footnotes":""},"categories":[2820],"tags":[1111,11,1984,2880,1777,674,107,1011,27,775,12,316,25,71,640,2879],"class_list":{"0":"post-612073","1":"post","2":"type-post","3":"status-publish","4":"format-standard","5":"has-post-thumbnail","7":"category-strasbourg","8":"tag-actu","9":"tag-actualites","10":"tag-conseil-municipal","11":"tag-edition-strasbourg","12":"tag-eu","13":"tag-europe","14":"tag-fil-info","15":"tag-fr","16":"tag-france","17":"tag-grand-est","18":"tag-news","19":"tag-politique","20":"tag-republique-francaise","21":"tag-sante","22":"tag-strasbourg","23":"tag-strasbourg-ville"},"share_on_mastodon":{"url":"https:\/\/pubeurope.com\/@fr\/115752948498051429","error":""},"_links":{"self":[{"href":"https:\/\/www.europesays.com\/fr\/wp-json\/wp\/v2\/posts\/612073","targetHints":{"allow":["GET"]}}],"collection":[{"href":"https:\/\/www.europesays.com\/fr\/wp-json\/wp\/v2\/posts"}],"about":[{"href":"https:\/\/www.europesays.com\/fr\/wp-json\/wp\/v2\/types\/post"}],"author":[{"embeddable":true,"href":"https:\/\/www.europesays.com\/fr\/wp-json\/wp\/v2\/users\/2"}],"replies":[{"embeddable":true,"href":"https:\/\/www.europesays.com\/fr\/wp-json\/wp\/v2\/comments?post=612073"}],"version-history":[{"count":0,"href":"https:\/\/www.europesays.com\/fr\/wp-json\/wp\/v2\/posts\/612073\/revisions"}],"wp:featuredmedia":[{"embeddable":true,"href":"https:\/\/www.europesays.com\/fr\/wp-json\/wp\/v2\/media\/612074"}],"wp:attachment":[{"href":"https:\/\/www.europesays.com\/fr\/wp-json\/wp\/v2\/media?parent=612073"}],"wp:term":[{"taxonomy":"category","embeddable":true,"href":"https:\/\/www.europesays.com\/fr\/wp-json\/wp\/v2\/categories?post=612073"},{"taxonomy":"post_tag","embeddable":true,"href":"https:\/\/www.europesays.com\/fr\/wp-json\/wp\/v2\/tags?post=612073"}],"curies":[{"name":"wp","href":"https:\/\/api.w.org\/{rel}","templated":true}]}}