{"id":612075,"date":"2025-12-20T16:56:17","date_gmt":"2025-12-20T16:56:17","guid":{"rendered":"https:\/\/www.europesays.com\/fr\/612075\/"},"modified":"2025-12-20T16:56:17","modified_gmt":"2025-12-20T16:56:17","slug":"nice-lenval-change-de-tete","status":"publish","type":"post","link":"https:\/\/www.europesays.com\/fr\/612075\/","title":{"rendered":"Nice. Lenval change de t\u00eate&#8230;"},"content":{"rendered":"<p><img decoding=\"async\" alt=\"\" src=\"https:\/\/www.europesays.com\/fr\/wp-content\/uploads\/2025\/12\/level-dg.jpg\" title=\"\"\/><br \/>&#8211; C\u00e9line Metge &#8211;<\/p>\n<p>C\u2019est au CHU de NICE que d\u00e9marre sa carri\u00e8re en tant que directeur de l\u2019h\u00f4pital Saint-Roch puis directrice adjointe aux travaux et aupr\u00e8s de la Direction G\u00e9n\u00e9rale. Elle rejoint ensuite le secteur priv\u00e9 non lucratif et assure \u00e0 l&rsquo;H\u00f4pital L\u00e9on B\u00e9rard, situ\u00e9 \u00e0 Hy\u00e8res, les fonctions de Directrice adjointe en charge du contr\u00f4le de gestion et des projets de comptabilit\u00e9 analytique, puis des affaires \u00e9conomiques, des syst\u00e8mes d\u2019information et de la politique g\u00e9n\u00e9rale. En 2020, elle d\u00e9cide de revenir \u00e0 Nice et occupe au Centre Antoine Lacassagne le poste de Directrice des Ressources Humaines m\u00e9dicales et non m\u00e9dicales.<\/p>\n<p>Elle se f\u00e9licite aujourd\u2019hui d\u2019\u00eatre \u00e0 Lenval\u00a0: \u00ab\u00a0c\u2019est une institution historique de renom attach\u00e9e \u00e0 des valeurs fortes depuis plus de 140 ans. Je suis donc honor\u00e9e de m\u2019investir, dans la poursuite de son d\u00e9veloppement, au service de l\u2019enfance. Lenval est un lieu de soin, embl\u00e9matique et bien connu\u00a0: l\u2019H\u00f4pital P\u00e9diatrique Universitaire qui assure des missions de recours mais aussi une offre de proximit\u00e9 pour les familles ni\u00e7oises. La Fondation Lenval regroupe aussi des \u00e9tablissements sp\u00e9cialis\u00e9s dans le secteur m\u00e9dico-social et social ainsi qu\u2019un institut de formation.\u00a0<\/p>\n<p>Au total, Lenval rassemble une \u00e9quipe de 1500 professionnels r\u00e9partis sur 21 sites azur\u00e9ens, et parfois aussi appel\u00e9s \u00e0 se rendre en Corse ou dans des Centres Hospitaliers de la r\u00e9gion PACA pour des consultations avanc\u00e9es comme \u00e0 Grasse, Antibes ou Menton sans compter la pr\u00e9sence \u00e0 l\u2019international des praticiens lors des congr\u00e8s et s\u00e9minaires o\u00f9 ils exposent leurs travaux de recherche, leurs initiatives et pratiques innovantes en chirurgie comme dans l\u2019autisme, le psychotraumatisme ou l\u2019orthop\u00e9die.\u00a0<\/p>\n<p>Nous tenons \u00e0 la dimension universitaire de notre h\u00f4pital et aux activit\u00e9s de recherche et d\u2019enseignement qui font de l\u2019\u00e9tablissement un centre de r\u00e9f\u00e9rence.<\/p>\n<p>Je souhaite poursuivre le d\u00e9veloppement des activit\u00e9s de la Fondation, maintenir un dialogue constructif avec les partenaires institutionnels, \u00e9tablir des bases financi\u00e8res saines et \u00e9quilibr\u00e9es et ainsi garantir notamment pour l\u2019h\u00f4pital les moyens humains et mat\u00e9riels indispensables \u00e0 la qualit\u00e9 et la s\u00e9curit\u00e9 des soins. Je souhaite nous conformer aux engagements pris, soutenir l\u2019attractivit\u00e9 de nos m\u00e9tiers et engager une politique de qualit\u00e9 de vie au travail sans omettre l&rsquo;\u00e9laboration de prochain projet m\u00e9dical d\u2019\u00e9tablissement avec les m\u00e9decins.\u00a0\u00bb\u00a0<\/p>\n<p>Me Fran\u00e7ois Dunan, Pr\u00e9sident du CA, et le bureau accompagnent au quotidien la direction g\u00e9n\u00e9rale dans les projets \u00e0 conduire. D\u2019ores et d\u00e9j\u00e0 les \u00e9tablissements m\u00e9dico-sociaux se transforment. L\u2019IME Bariquand Alphand ouvre un SESSAD \u00e0 Breil-sul-Roya\u00a0; l\u2019IES Les Chanterelles envisage le d\u00e9ploiement d\u2019une unit\u00e9 pour les 12 \u00e0 15 ans\u00a0; l\u2019EEAP Henri Germain esp\u00e8re s\u2019engager rapidement dans des travaux pour accueillir plus d\u2019enfants en semi-internat\u00a0; l&rsquo;H\u00f4pital P\u00e9diatrique Universitaire poursuit quant \u00e0 lui son d\u00e9veloppement \u00e0 travers notamment des investissements en imagerie et au bloc op\u00e9ratoire, ses travaux de recherche et en leitmotiv la pr\u00e9vention et l\u2019innovation.\u00a0<\/p>\n<ul>\n<li>Le positionnement unique de Lenval, ses capacit\u00e9s immobili\u00e8res fortes, son r\u00e9seau, son attractivit\u00e9, l\u2019excellence de ses professionnels permettent d\u2019engager ses projets essentiels pour l\u2019enfance dans la continuit\u00e9 de son histoire. CQFD\u00a0!<\/li>\n<\/ul>\n","protected":false},"excerpt":{"rendered":"&#8211; C\u00e9line Metge &#8211; C\u2019est au CHU de NICE que d\u00e9marre sa carri\u00e8re en tant que directeur de&hellip;\n","protected":false},"author":2,"featured_media":612076,"comment_status":"","ping_status":"","sticky":false,"template":"","format":"standard","meta":{"footnotes":""},"categories":[2819],"tags":[1111,47,11,1777,674,1011,27,1110,1031,12,2401,882,25],"class_list":{"0":"post-612075","1":"post","2":"type-post","3":"status-publish","4":"format-standard","5":"has-post-thumbnail","7":"category-nice","8":"tag-actu","9":"tag-actualite","10":"tag-actualites","11":"tag-eu","12":"tag-europe","13":"tag-fr","14":"tag-france","15":"tag-informations","16":"tag-magazine","17":"tag-news","18":"tag-nice","19":"tag-provence-alpes-cote-dazur","20":"tag-republique-francaise"},"share_on_mastodon":{"url":"https:\/\/pubeurope.com\/@fr\/115752953452073075","error":""},"_links":{"self":[{"href":"https:\/\/www.europesays.com\/fr\/wp-json\/wp\/v2\/posts\/612075","targetHints":{"allow":["GET"]}}],"collection":[{"href":"https:\/\/www.europesays.com\/fr\/wp-json\/wp\/v2\/posts"}],"about":[{"href":"https:\/\/www.europesays.com\/fr\/wp-json\/wp\/v2\/types\/post"}],"author":[{"embeddable":true,"href":"https:\/\/www.europesays.com\/fr\/wp-json\/wp\/v2\/users\/2"}],"replies":[{"embeddable":true,"href":"https:\/\/www.europesays.com\/fr\/wp-json\/wp\/v2\/comments?post=612075"}],"version-history":[{"count":0,"href":"https:\/\/www.europesays.com\/fr\/wp-json\/wp\/v2\/posts\/612075\/revisions"}],"wp:featuredmedia":[{"embeddable":true,"href":"https:\/\/www.europesays.com\/fr\/wp-json\/wp\/v2\/media\/612076"}],"wp:attachment":[{"href":"https:\/\/www.europesays.com\/fr\/wp-json\/wp\/v2\/media?parent=612075"}],"wp:term":[{"taxonomy":"category","embeddable":true,"href":"https:\/\/www.europesays.com\/fr\/wp-json\/wp\/v2\/categories?post=612075"},{"taxonomy":"post_tag","embeddable":true,"href":"https:\/\/www.europesays.com\/fr\/wp-json\/wp\/v2\/tags?post=612075"}],"curies":[{"name":"wp","href":"https:\/\/api.w.org\/{rel}","templated":true}]}}