{"id":612077,"date":"2025-12-20T16:57:13","date_gmt":"2025-12-20T16:57:13","guid":{"rendered":"https:\/\/www.europesays.com\/fr\/612077\/"},"modified":"2025-12-20T16:57:13","modified_gmt":"2025-12-20T16:57:13","slug":"coupe-de-france-nice-ne-compte-pas-sincliner-une-25e-fois-sport","status":"publish","type":"post","link":"https:\/\/www.europesays.com\/fr\/612077\/","title":{"rendered":"Coupe de France. Nice ne compte pas s\u2019incliner une 25e fois . Sport"},"content":{"rendered":"<p>\u00c0 Nice, la situation continue d\u2019\u00eatre instable, et si <a href=\"https:\/\/nice.maville.com\/sport\/detail_-ogc-nice.-jean-pierre-riviere-devoile-les-raisons-de-son-retour-_53018-7118714_actu.Htm\" target=\"_blank\" rel=\"noopener\">les retours de Jean-Pierre Riv\u00e8re et Maurice Cohen<\/a> pour remplacer Fabrice Bocquet \u00e0 la direction du club visent \u00e0 redonner un cap, c\u2019est surtout la d\u00e9sastreuse spirale sportive qu\u2019il faut casser face \u00e0 Saint-\u00c9tienne (L2) en Coupe de France.<\/p>\n<p>Au-del\u00e0 de la d\u00e9flagration interne qu\u2019a provoqu\u00e9e<a href=\"https:\/\/lorient.maville.com\/sport\/detail_--pas-admissible-olivier-pantaloni-reagit-aux-agressions-des-joueurs-de-l-ogc-nice-apres-la-defaite-a-lorient-_52713-7095869_actu.Htm\" target=\"_blank\" rel=\"noopener\"> la soir\u00e9e du 30\u00a0novembre<\/a>, o\u00f9 certains supporters ont pris \u00e0 partie les joueurs, de retour d\u2019une d\u00e9faite \u00e0 Lorient (3-1), au-del\u00e0 des incessantes r\u00e9percussions, \u00e0 commencer par les plaintes contre X port\u00e9es par Terem Moffi et J\u00e9r\u00e9mie Boga, toujours en arr\u00eat maladie, puis par le club, ainsi que le d\u00e9samour des supporters pour cette \u00e9quipe, c\u2019est d\u2019abord la situation sportive qui pr\u00e9occupe <a href=\"https:\/\/lens.maville.com\/sport\/detail_-rc-lens.-frank-haise-ne-pas-jouer-avec-la-medaille-autour-du-cou-_12248-5894430_actu.Htm\" target=\"_blank\" rel=\"noopener\">Franck Haise<\/a>.<\/p>\n<p>Lui qui avait propos\u00e9 d\u2019\u00eatre un fusible mais qui a, de nouveau, \u00e9t\u00e9 confort\u00e9 dans sa t\u00e2che d\u2019entra\u00eeneur par Riv\u00e8re vendredi, ne compte pas voir son \u00e9quipe, qui vient d\u2019encha\u00eener neuf d\u00e9faites cons\u00e9cutives, s\u2019incliner une 25e fois en 2025, pour son 48e match sur la p\u00e9riode.<\/p>\n<p>\u00a0\u00c7a s\u2019arr\u00eatera un jour, soyez-en s\u00fbr, certifie-t-il. J\u2019esp\u00e8re que \u00e7a sera contre Saint-\u00c9tienne\u00a0\u00bb, 2e de L2, \u00a0qui a beaucoup de qualit\u00e9 offensive\u00a0\u00bb, et avec qui \u00ab\u00a0l\u2019\u00e9cart actuel ne doit pas \u00eatre gigantesque\u00a0, pr\u00e9dit-il.<\/p>\n<p>Avec 12\u00a0joueurs absents, entre quatre d\u00e9parts \u00e0 la Coupe d\u2019Afrique des nations et les bless\u00e9s, Haise continue de se d\u00e9battre, et convient qu\u2019en cas de qualification \u00a0tout le monde serait content\u00a0. \u00a0\u00c7a fera du bien de casser la s\u00e9rie, de se dire qu\u2019on reste dans cette comp\u00e9tition. \u00c7a donnera un peu de force et de confiance pour la reprise. Pour autant, tout ne sera pas r\u00e9gl\u00e9.\u00a0<\/p>\n<p>Mais\u00a0dans la p\u00e9riode actuelle, je signerais tout de suite\u00a0, ass\u00e8ne-t-il. Car si, contre Braga (0-1) et<a href=\"https:\/\/rennes.maville.com\/sport\/detail_-ligue-1.-lens-poursuit-sa-folle-serie-en-battant-nice-et-reprend-la-tete-du-championnat-_54135-7109107_actu.Htm\" target=\"_blank\" rel=\"noopener\"> \u00e0 Lens (0-2)<\/a>, il a entrevu des signaux positifs, ses joueurs doivent\u00a0\u00eatre plus efficace dans l\u2019approche des deux buts\u00a0, malgr\u00e9 \u00a0la f\u00e9brilit\u00e9\u00a0, et \u00a0le d\u00e9chet technique\u00a0, qui en d\u00e9coule.<\/p>\n<p>\u00ab\u00a0Ces six mois m\u2019ont fait vieillir un peu plus\u00a0\u00bb<\/p>\n<p>\u00a0On ne va pas, en claquant des doigts, dire qu\u2019on sort du contexte de la Ligue 1 et de la Coupe d\u2019Europe, dit-il. C\u2019est au-del\u00e0. Il faut avancer sur les progr\u00e8s r\u00e9cents, et aller chercher d\u2019autres choses, plus loin pour enfin parvenir \u00e0 faire basculer un match.\u00a0<\/p>\n<p>Pour que ses hommes y parviennent, il assure continuer \u00e0 s\u2019investir. Et de pr\u00e9ciser\u00a0: \u00a0La situation est assez difficile comme \u00e7a pour ne pas baisser la garde\u00a0.<\/p>\n<p><strong>Lire aussi\u00a0:<\/strong>\u00a0<a href=\"https:\/\/rennes.maville.com\/sport\/detail_-coupe-de-france.-a-quelle-heure-et-sur-quelle-chaine-tv-suivre-les-32es-de-finale-en-direct-_54135-7118457_actu.Htm\" target=\"_blank\" rel=\"noopener\">Coupe de France. \u00c0 quelle heure et sur quelle cha\u00eene TV suivre les 32es de finale en direct\u00a0?<\/a><\/p>\n<p>\u00a0La question est +\u00a0quel est le r\u00f4le d\u2019un entra\u00eeneur\u00a0? +, interroge-t-il encore. Entra\u00eener, changer les joueurs, les syst\u00e8mes, les entra\u00eenements, regonfler certains, expliquer \u00e0 d\u2019autres qu\u2019ils ne sont pas sur la bonne voie. Qu\u2019il gagne ou perde, l\u2019entra\u00eeneur a le m\u00eame r\u00f4le. Il n\u2019est pas vu de la m\u00eame mani\u00e8re. Mais son r\u00f4le change peu.\u00a0<\/p>\n<p>Dimanche, dans un stade\u00a0malheureusement \u00e0 huis clos, parce que, m\u00eame si c\u2019est aussi difficile et compliqu\u00e9 de ce c\u00f4t\u00e9-l\u00e0, je pr\u00e9f\u00e8re que des gens assistent au match et qu\u2019on puisse parvenir \u00e0 les emmener avec nous durant le match\u00a0, explique-t-il, il va encore mettre son ouvrage sur le m\u00e9tier. Histoire de terminer 2025 avec un sourire. \u00ab\u00a0On ne va pas revenir sur tout ce qui s\u2019est pass\u00e9, synth\u00e9tise-t-il. Il n\u2019y aura pas de baguette magique le 25, ni le 31. Des choses restent mais sont derri\u00e8re. On est l\u00e0 pour avancer, pour que 2026 soit meilleur que le deuxi\u00e8me semestre 2025.\u00a0\u00bb Puis il conclut\u00a0: \u00a0En voyant les photos il y a quelques ann\u00e9es, je vois que je vieillis. Mais ces six mois-l\u00e0 m\u2019ont fait vieillir encore un peu plus.\u00a0<\/p>\n<p>\u00a0<\/p>\n","protected":false},"excerpt":{"rendered":"\u00c0 Nice, la situation continue d\u2019\u00eatre instable, et si les retours de Jean-Pierre Riv\u00e8re et Maurice Cohen pour&hellip;\n","protected":false},"author":2,"featured_media":612078,"comment_status":"","ping_status":"","sticky":false,"template":"","format":"standard","meta":{"footnotes":""},"categories":[2819],"tags":[1111,11,3809,1465,1777,674,63,1011,27,1792,1922,12,2401,882,25,479,4937,517,1470],"class_list":{"0":"post-612077","1":"post","2":"type-post","3":"status-publish","4":"format-standard","5":"has-post-thumbnail","7":"category-nice","8":"tag-actu","9":"tag-actualites","10":"tag-ball","11":"tag-basket","12":"tag-eu","13":"tag-europe","14":"tag-football","15":"tag-fr","16":"tag-france","17":"tag-handball","18":"tag-info","19":"tag-news","20":"tag-nice","21":"tag-provence-alpes-cote-dazur","22":"tag-republique-francaise","23":"tag-rugby","24":"tag-saint-brieuc","25":"tag-sport","26":"tag-volley"},"share_on_mastodon":{"url":"https:\/\/pubeurope.com\/@fr\/115752956361928307","error":""},"_links":{"self":[{"href":"https:\/\/www.europesays.com\/fr\/wp-json\/wp\/v2\/posts\/612077","targetHints":{"allow":["GET"]}}],"collection":[{"href":"https:\/\/www.europesays.com\/fr\/wp-json\/wp\/v2\/posts"}],"about":[{"href":"https:\/\/www.europesays.com\/fr\/wp-json\/wp\/v2\/types\/post"}],"author":[{"embeddable":true,"href":"https:\/\/www.europesays.com\/fr\/wp-json\/wp\/v2\/users\/2"}],"replies":[{"embeddable":true,"href":"https:\/\/www.europesays.com\/fr\/wp-json\/wp\/v2\/comments?post=612077"}],"version-history":[{"count":0,"href":"https:\/\/www.europesays.com\/fr\/wp-json\/wp\/v2\/posts\/612077\/revisions"}],"wp:featuredmedia":[{"embeddable":true,"href":"https:\/\/www.europesays.com\/fr\/wp-json\/wp\/v2\/media\/612078"}],"wp:attachment":[{"href":"https:\/\/www.europesays.com\/fr\/wp-json\/wp\/v2\/media?parent=612077"}],"wp:term":[{"taxonomy":"category","embeddable":true,"href":"https:\/\/www.europesays.com\/fr\/wp-json\/wp\/v2\/categories?post=612077"},{"taxonomy":"post_tag","embeddable":true,"href":"https:\/\/www.europesays.com\/fr\/wp-json\/wp\/v2\/tags?post=612077"}],"curies":[{"name":"wp","href":"https:\/\/api.w.org\/{rel}","templated":true}]}}