{"id":612088,"date":"2025-12-20T17:04:21","date_gmt":"2025-12-20T17:04:21","guid":{"rendered":"https:\/\/www.europesays.com\/fr\/612088\/"},"modified":"2025-12-20T17:04:21","modified_gmt":"2025-12-20T17:04:21","slug":"un-automobiliste-percute-deux-cyclistes-au-sud-de-toulouse-un-mort-et-un-blesse-grave","status":"publish","type":"post","link":"https:\/\/www.europesays.com\/fr\/612088\/","title":{"rendered":"Un automobiliste percute deux cyclistes au sud de Toulouse\u00a0: un mort et un bless\u00e9 grave"},"content":{"rendered":"<p>\n                                                                    l&rsquo;essentiel<br \/>\n                                                                Un dramatique accident de la circulation a co\u00fbt\u00e9 la vie \u00e0 un cycliste ce samedi en fin d\u2019apr\u00e8s-midi \u00e0 Gaillac-Toulzac, au sud de la Haute-Garonne. Percut\u00e9s par une voiture sur la RD 12, deux amateurs de v\u00e9lo ont \u00e9t\u00e9 violemment touch\u00e9s. Une enqu\u00eate pour homicide involontaire a \u00e9t\u00e9 ouverte afin de d\u00e9terminer les circonstances pr\u00e9cises du drame.\n                            <\/p>\n<p>Un cycliste a perdu la vie et un autre a \u00e9t\u00e9 gri\u00e8vement bless\u00e9 lors d\u2019un grave accident de la route survenu ce samedi en fin d\u2019apr\u00e8s-midi, sur la RD 12, \u00e0 Gaillac-Toulzac, au sud de la Haute-Garonne. Le drame a impliqu\u00e9 une voiture et deux amateurs de v\u00e9lo. Les sapeurs-pompiers du Service d\u00e9partemental d\u2019incendie et de secours de la Haute-Garonne sont rapidement intervenus sur les lieux.<\/p>\n<p>Selon les premiers \u00e9l\u00e9ments recueillis, vers 17\u00a0heures\u00a0le conducteur de l\u2019automobile aurait percut\u00e9 involontairement les deux cyclistes. L\u2019un d\u2019eux a succomb\u00e9 \u00e0 ses blessures malgr\u00e9 l\u2019intervention des secours. L\u2019automobiliste, ainsi que le second cycliste, s\u00e9rieusement bless\u00e9, ont \u00e9t\u00e9 pris en charge et transport\u00e9s \u00e0 l\u2019h\u00f4pital.<\/p>\n<p class=\"std-elt__inline\">\n        <strong>\u00c0 lire aussi :<\/strong><br \/>\n        <a href=\"https:\/\/www.ladepeche.fr\/2025\/11\/24\/accident-mortel-pres-de-toulouse-le-conducteur-qui-roulait-trop-vite-et-sous-stupefiant-a-ete-incarcere-13071221.php\" target=\"_blank\" rel=\"noopener\">Accident mortel pr\u00e8s de Toulouse\u00a0: le conducteur, qui roulait trop vite et sous stup\u00e9fiant, a \u00e9t\u00e9 incarc\u00e9r\u00e9<\/a>\n    <\/p>\n<p>La RD 12 est un axe r\u00e9guli\u00e8rement fr\u00e9quent\u00e9 par les cyclistes, en particulier les week-ends, ce qui renforce l\u2019\u00e9motion suscit\u00e9e par ce drame survenu en fin de journ\u00e9e.<\/p>\n<p>Des pr\u00e9l\u00e8vements effectu\u00e9s<\/p>\n<p>Une enqu\u00eate pour homicide involontaire a automatiquement \u00e9t\u00e9 ouverte par le parquet de Toulouse. Les gendarmes de la compagnie de Muret sont charg\u00e9s des investigations. Visiblement choqu\u00e9e, la personne au volant du v\u00e9hicule sera prochainement interrog\u00e9e. Les forces de l\u2019ordre s\u2019attachent d\u00e9sormais \u00e0 d\u00e9terminer les circonstances exactes de ce drame. Des pr\u00e9l\u00e8vements ont \u00e9galement \u00e9t\u00e9 effectu\u00e9s afin de d\u00e9tecter la pr\u00e9sence \u00e9ventuelle d\u2019alcool ou de stup\u00e9fiants dans le sang du conducteur.<\/p>\n<p class=\"std-elt__inline\">\n        <strong>\u00c0 lire aussi :<\/strong><br \/>\n        <a href=\"https:\/\/www.ladepeche.fr\/2025\/12\/11\/accident-mortel-du-metro-de-toulouse-reprise-du-chantier-de-la-ligne-c-13105145.php\" target=\"_blank\" rel=\"noopener\">Accident mortel du m\u00e9tro de Toulouse\u00a0: reprise du chantier de la ligne C<\/a>\n    <\/p>\n<p>En raison de l\u2019intervention des secours et des op\u00e9rations de s\u00e9curisation, la circulation a \u00e9t\u00e9 totalement interrompue sur ce secteur de la D12. Les automobilistes ont \u00e9t\u00e9 invit\u00e9s \u00e0 \u00e9viter la zone et \u00e0 emprunter des itin\u00e9raires de d\u00e9viation. La reprise de la circulation est intervenue apr\u00e8s l\u2019\u00e9vacuation des victimes et la fin des op\u00e9rations de s\u00e9curisation.<\/p>\n<p>Depuis l\u2019ann\u00e9e 2025, au moins 54 personnes ont \u00e9t\u00e9 tu\u00e9es sur les routes du d\u00e9partement de Haute-Garonne.<\/p>\n","protected":false},"excerpt":{"rendered":"l&rsquo;essentiel Un dramatique accident de la circulation a co\u00fbt\u00e9 la vie \u00e0 un cycliste ce samedi en fin&hellip;\n","protected":false},"author":2,"featured_media":612089,"comment_status":"","ping_status":"","sticky":false,"template":"","format":"standard","meta":{"footnotes":""},"categories":[2816],"tags":[1111,11,1777,674,1011,27,329,2722,12,2680,25,7691,53137,2312],"class_list":{"0":"post-612088","1":"post","2":"type-post","3":"status-publish","4":"format-standard","5":"has-post-thumbnail","7":"category-toulouse","8":"tag-actu","9":"tag-actualites","10":"tag-eu","11":"tag-europe","12":"tag-fr","13":"tag-france","14":"tag-france-monde","15":"tag-haute-garonne","16":"tag-news","17":"tag-occitanie","18":"tag-republique-francaise","19":"tag-su00e9curitu00e9","20":"tag-su00e9curitu00e9-routiu00e8re","21":"tag-toulouse"},"share_on_mastodon":{"url":"https:\/\/pubeurope.com\/@fr\/115752983819329543","error":""},"_links":{"self":[{"href":"https:\/\/www.europesays.com\/fr\/wp-json\/wp\/v2\/posts\/612088","targetHints":{"allow":["GET"]}}],"collection":[{"href":"https:\/\/www.europesays.com\/fr\/wp-json\/wp\/v2\/posts"}],"about":[{"href":"https:\/\/www.europesays.com\/fr\/wp-json\/wp\/v2\/types\/post"}],"author":[{"embeddable":true,"href":"https:\/\/www.europesays.com\/fr\/wp-json\/wp\/v2\/users\/2"}],"replies":[{"embeddable":true,"href":"https:\/\/www.europesays.com\/fr\/wp-json\/wp\/v2\/comments?post=612088"}],"version-history":[{"count":0,"href":"https:\/\/www.europesays.com\/fr\/wp-json\/wp\/v2\/posts\/612088\/revisions"}],"wp:featuredmedia":[{"embeddable":true,"href":"https:\/\/www.europesays.com\/fr\/wp-json\/wp\/v2\/media\/612089"}],"wp:attachment":[{"href":"https:\/\/www.europesays.com\/fr\/wp-json\/wp\/v2\/media?parent=612088"}],"wp:term":[{"taxonomy":"category","embeddable":true,"href":"https:\/\/www.europesays.com\/fr\/wp-json\/wp\/v2\/categories?post=612088"},{"taxonomy":"post_tag","embeddable":true,"href":"https:\/\/www.europesays.com\/fr\/wp-json\/wp\/v2\/tags?post=612088"}],"curies":[{"name":"wp","href":"https:\/\/api.w.org\/{rel}","templated":true}]}}