{"id":612090,"date":"2025-12-20T17:06:15","date_gmt":"2025-12-20T17:06:15","guid":{"rendered":"https:\/\/www.europesays.com\/fr\/612090\/"},"modified":"2025-12-20T17:06:15","modified_gmt":"2025-12-20T17:06:15","slug":"welcome2026-au-bistrot-de-st-so","status":"publish","type":"post","link":"https:\/\/www.europesays.com\/fr\/612090\/","title":{"rendered":"Welcome2026 au Bistrot de St So !"},"content":{"rendered":"<p>MERCREDI 31 D\u00c9CEMBRE<br \/>\u2192 WELCOME 2026 @ BISTROT DE ST SO<br \/>21H\u20134H \/ GRATUIT<\/p>\n<p>Le r\u00e9veillon du Nouvel An \u00e0 St So, c\u2019est un m\u00e9lange tr\u00e8s simple : des potes, du groove, des paillettes, une ambiance d\u00e9complex\u00e9e\u2026 et une grosse envie de danser jusqu\u2019en 2026 !<br \/>Et comme on veut d\u00e9marrer 2026 en beaut\u00e9, on vous aligne une \u00e9quipe de feu derri\u00e8re les platines. Pr\u00e9parez les \u00e9paules, les hanches, le cardio et les bonnes r\u00e9solutions foireuses \ud83d\ude04 !<\/p>\n<p>\ud83d\udd25 MAT WALLACE<br \/>(Soul \/ Funk \/ Disco \/ Groove en 45 tours)<br \/>Pilier du Soundtruck, collectionneur de galettes, amoureux du groove \u00e0 l\u2019ancienne et dealer officiel de bonnes ondes. Wallace joue exclusivement en 45 tours, avec une \u00e9nergie qui transforme instantan\u00e9ment n&rsquo;importe quel lieu en dancefloor feel-good.<br \/>Des vinyles, du sourire, du rythme, du style : le mec qui fait danser m\u00eame les gens qui disent \u00ab moi je danse jamais \u00bb.<br \/>\ud83c\udfa7 ECOUTE &#8211; REGARDE \ud83d\ude0e<br \/>lesoundtruck.fr\/animation\/dj-wallace<br \/>SITE\/FB\/INSTA\/TIK TOK&#8230; \ud83e\udd29<br \/><a href=\"https:\/\/www.facebook.com\/djmatwallace\/\" target=\"_blank\" rel=\"noopener\">https:\/\/www.facebook.com\/djmatwallace\/<\/a><br \/><a href=\"https:\/\/www.instagram.com\/djmatwallace\/\" target=\"_blank\" rel=\"noopener\">https:\/\/www.instagram.com\/djmatwallace\/<\/a><\/p>\n<p>\ud83d\udd25 BRANDY &amp; KALKY \u2014 Duo R\u00e9sident du R\u00eave d\u2019\u00d4<br \/>(Disco \/ House \/ Classics \/ Grooves festifs)<br \/>Bin\u00f4me historique et complice du R\u00eave d\u2019\u00d4 \u2014 le club mythique du rond-point de l\u2019Europe \u00e0 Tournai, puis du ZooClub.<br \/>Ils ont accompagn\u00e9 des milliers de nuits, marqu\u00e9 des g\u00e9n\u00e9rations de f\u00eatards et d\u00e9velopp\u00e9 un style ultra-f\u00e9d\u00e9rateur : de la disco ensoleill\u00e9e, de la house \u00e9l\u00e9gante, des classiques irr\u00e9sistibles, et surtout une vibe chaleureuse qui rassemble tout le monde.<br \/>Le duo parfait pour faire monter la f\u00eate jusqu\u2019au plafond. Et recommencer.<br \/>\ud83c\udfa7 ECOUTE &#8211; REGARDE \ud83d\ude0e<br \/><a href=\"https:\/\/soundcloud.com\/brandyvolant\" target=\"_blank\" rel=\"noopener\">https:\/\/soundcloud.com\/brandyvolant<\/a><br \/>SITE\/FB\/INSTA\/TIK TOK&#8230; \ud83e\udd29<br \/><a href=\"https:\/\/www.facebook.com\/p\/Dj-Kalky-100063622715623\/\" target=\"_blank\" rel=\"noopener\">https:\/\/www.facebook.com\/p\/Dj-Kalky-100063622715623\/<\/a>&#8230;<br \/><a href=\"https:\/\/www.facebook.com\/lerevedo99?locale=fr_FR\" target=\"_blank\" rel=\"noopener\">https:\/\/www.facebook.com\/lerevedo99?locale=fr_FR<\/a><\/p>\n<p>\ud83d\udd25 DAVID ASKO<br \/>(Techno \/ Hard Groove \/ Acid House Spirit)<br \/>30 ans de carri\u00e8re, des raves des ann\u00e9es 90 aux clubs europ\u00e9ens, 8 ans de r\u00e9sidence au Magazine Club, fondateur de TBM, porte-voix de la culture rave &amp; queer\u2026 David Asko, c\u2019est un monument.<br \/>Techno puissante, groove ac\u00e9r\u00e9, respect absolu des danseurs, \u00e9nergie brute et \u00e9motionnelle.<br \/>Quand il joue \u00e0 minuit un 31 d\u00e9cembre, \u00e7a ressemble \u00e0 un feu d\u2019artifice interne.<br \/>Intensit\u00e9 garantie. C\u00e2lins collectifs apr\u00e8s possible.<br \/>\ud83c\udfa7 ECOUTE &#8211; REGARDE \ud83d\ude0e<br \/><a href=\"https:\/\/on.soundcloud.com\/WQGlnFHCG0pJjy95Nq\" target=\"_blank\" rel=\"noopener\">https:\/\/on.soundcloud.com\/WQGlnFHCG0pJjy95Nq<\/a><br \/>SITE\/FB\/INSTA\/TIK TOK&#8230; \ud83e\udd29<br \/><a href=\"https:\/\/linktr.ee\/david_asko\" target=\"_blank\" rel=\"noopener\">https:\/\/linktr.ee\/david_asko<\/a><\/p>\n<p><script async src=\"\/\/www.instagram.com\/embed.js\"><\/script><\/p>\n","protected":false},"excerpt":{"rendered":"MERCREDI 31 D\u00c9CEMBRE\u2192 WELCOME 2026 @ BISTROT DE ST SO21H\u20134H \/ GRATUIT Le r\u00e9veillon du Nouvel An \u00e0&hellip;\n","protected":false},"author":2,"featured_media":612091,"comment_status":"","ping_status":"","sticky":false,"template":"","format":"standard","meta":{"footnotes":""},"categories":[2815],"tags":[1111,11,1777,674,1011,27,811,1307,12,25],"class_list":{"0":"post-612090","1":"post","2":"type-post","3":"status-publish","4":"format-standard","5":"has-post-thumbnail","7":"category-lille","8":"tag-actu","9":"tag-actualites","10":"tag-eu","11":"tag-europe","12":"tag-fr","13":"tag-france","14":"tag-hauts-de-france","15":"tag-lille","16":"tag-news","17":"tag-republique-francaise"},"share_on_mastodon":{"url":"https:\/\/pubeurope.com\/@fr\/115752991772673769","error":""},"_links":{"self":[{"href":"https:\/\/www.europesays.com\/fr\/wp-json\/wp\/v2\/posts\/612090","targetHints":{"allow":["GET"]}}],"collection":[{"href":"https:\/\/www.europesays.com\/fr\/wp-json\/wp\/v2\/posts"}],"about":[{"href":"https:\/\/www.europesays.com\/fr\/wp-json\/wp\/v2\/types\/post"}],"author":[{"embeddable":true,"href":"https:\/\/www.europesays.com\/fr\/wp-json\/wp\/v2\/users\/2"}],"replies":[{"embeddable":true,"href":"https:\/\/www.europesays.com\/fr\/wp-json\/wp\/v2\/comments?post=612090"}],"version-history":[{"count":0,"href":"https:\/\/www.europesays.com\/fr\/wp-json\/wp\/v2\/posts\/612090\/revisions"}],"wp:featuredmedia":[{"embeddable":true,"href":"https:\/\/www.europesays.com\/fr\/wp-json\/wp\/v2\/media\/612091"}],"wp:attachment":[{"href":"https:\/\/www.europesays.com\/fr\/wp-json\/wp\/v2\/media?parent=612090"}],"wp:term":[{"taxonomy":"category","embeddable":true,"href":"https:\/\/www.europesays.com\/fr\/wp-json\/wp\/v2\/categories?post=612090"},{"taxonomy":"post_tag","embeddable":true,"href":"https:\/\/www.europesays.com\/fr\/wp-json\/wp\/v2\/tags?post=612090"}],"curies":[{"name":"wp","href":"https:\/\/api.w.org\/{rel}","templated":true}]}}