{"id":612094,"date":"2025-12-20T17:08:21","date_gmt":"2025-12-20T17:08:21","guid":{"rendered":"https:\/\/www.europesays.com\/fr\/612094\/"},"modified":"2025-12-20T17:08:21","modified_gmt":"2025-12-20T17:08:21","slug":"video-le-pere-noel-debarque-en-helicoptere-a-marseille-avec-des-crs-pour-les-enfants-malades-de-la-timone","status":"publish","type":"post","link":"https:\/\/www.europesays.com\/fr\/612094\/","title":{"rendered":"VID\u00c9O. Le P\u00e8re No\u00ebl d\u00e9barque en h\u00e9licopt\u00e8re \u00e0 Marseille avec des CRS pour les enfants malades de la Timone"},"content":{"rendered":"<p>Cette ann\u00e9e encore, il a d\u00e9barqu\u00e9 un peu en avance pour les enfants malades de l\u2019h\u00f4pital de la Timone, \u00e0 Marseille. Mais le P\u00e8re No\u00ebl avait quelques atouts, ce samedi 20\u00a0d\u00e9cembre\u00a0: un h\u00e9licopt\u00e8re \u00e0 sa disposition, et pr\u00e8s d\u2019une demi-compagnie de CRS pour lui ouvrir la route.<\/p>\n<p><img alt=\"L'appareil attendu par les CRS et les enfants malades r\u00e9unis par l'association Soleil Bleu Azur a d\u00e9barqu\u00e9 le P\u00e8re No\u00ebl ce samedi 20 d\u00e9cembre aux Milles.\" loading=\"lazy\" decoding=\"async\" data-nimg=\"fill\" class=\" TwicCore_img__i9TC1 undefined  undefined\" style=\"position:absolute;height:100%;width:100%;left:0;top:0;right:0;bottom:0;color:transparent;background-size:cover;background-position:50% 50%;background-repeat:no-repeat;background-image:url(&quot;data:image\/svg+xml;charset=utf-8,%3Csvg xmlns='http:\/\/www.w3.org\/2000\/svg' %3E%3Cfilter id='b' color-interpolation-filters='sRGB'%3E%3CfeGaussianBlur stdDeviation='20'\/%3E%3CfeColorMatrix values='1 0 0 0 0 0 1 0 0 0 0 0 1 0 0 0 0 0 100 -1' result='s'\/%3E%3CfeFlood x='0' y='0' width='100%25' height='100%25'\/%3E%3CfeComposite operator='out' in='s'\/%3E%3CfeComposite in2='SourceGraphic'\/%3E%3CfeGaussianBlur stdDeviation='20'\/%3E%3C\/filter%3E%3Cimage width='100%25' height='100%25' x='0' y='0' preserveAspectRatio='none' style='filter: url(%23b);' href='https:\/\/pictures.laprovence.com\/cdn-cgi\/image\/blur=250\/media\/melody\/2025\/12\/20\/l-appareil-attendu-par-les-crs-et-les-enfants-malades-reunis-par-l-association-soleil-bleu-azur-a-de-1766248790_26f86084c64962af86084c6492b096v_.jpg'\/%3E%3C\/svg%3E&quot;)\"   src=\"https:\/\/www.europesays.com\/fr\/wp-content\/uploads\/2025\/12\/l-appareil-attendu-par-les-crs-et-les-enfants-malades-reunis-par-l-association-soleil-bleu-azur-a-de.jpeg\"\/>L&rsquo;appareil attendu par les CRS et les enfants malades r\u00e9unis par l&rsquo;association Soleil Bleu Azur a d\u00e9barqu\u00e9 le P\u00e8re No\u00ebl ce samedi 20 d\u00e9cembre aux Milles. \/ Photo DR<\/p>\n<p>L\u2019op\u00e9ration, men\u00e9e \u00e0 Aix-en-Provence sur le site de l\u2019\u00c9cole nationale des officiers sapeurs-pompiers (Ensosp), aux Milles, digne d\u2019une grande man\u0153uvre, a mobilis\u00e9 rien de moins qu\u2019un h\u00e9licopt\u00e8re avec son pilote et les policiers de la CRS 81. L\u2019unit\u00e9 d\u2019intervention bas\u00e9e \u00e0 Marseille, qui<a href=\"https:\/\/www.laprovence.com\/article\/faits-divers-justice\/1012858508048715\/a-marseille-la-crs-de-nouvelle-generation-fete-ses-deux-ans-dexistence\" target=\"_blank\" rel=\"noopener\"> f\u00eatait la veille ses deux ans d\u2019existence<\/a>, participe depuis sa cr\u00e9ation \u00e0 l\u2019escorte du P\u00e8re No\u00ebl pour les enfants malades accompagn\u00e9s par l\u2019association Soleil Bleu Azur.<\/p>\n<p><img alt=\"Une centaine de personnes attendaient le P\u00e8re No\u00ebl \u00e0 sa descente d'h\u00e9lico \u00e0 AIx-les-Milles.\" loading=\"lazy\" decoding=\"async\" data-nimg=\"fill\" class=\" TwicCore_img__i9TC1 undefined  undefined\" style=\"position:absolute;height:100%;width:100%;left:0;top:0;right:0;bottom:0;color:transparent;background-size:cover;background-position:50% 50%;background-repeat:no-repeat;background-image:url(&quot;data:image\/svg+xml;charset=utf-8,%3Csvg xmlns='http:\/\/www.w3.org\/2000\/svg' %3E%3Cfilter id='b' color-interpolation-filters='sRGB'%3E%3CfeGaussianBlur stdDeviation='20'\/%3E%3CfeColorMatrix values='1 0 0 0 0 0 1 0 0 0 0 0 1 0 0 0 0 0 100 -1' result='s'\/%3E%3CfeFlood x='0' y='0' width='100%25' height='100%25'\/%3E%3CfeComposite operator='out' in='s'\/%3E%3CfeComposite in2='SourceGraphic'\/%3E%3CfeGaussianBlur stdDeviation='20'\/%3E%3C\/filter%3E%3Cimage width='100%25' height='100%25' x='0' y='0' preserveAspectRatio='none' style='filter: url(%23b);' href='https:\/\/pictures.laprovence.com\/cdn-cgi\/image\/blur=250\/media\/melody\/2025\/12\/20\/une-centaine-de-personnes-attendaient-le-pere-noel-a-sa-descente-d-helico-a-aix-les-milles-1766248790_cf607f24c649614707f24c649d8707v_.jpg'\/%3E%3C\/svg%3E&quot;)\"   src=\"https:\/\/www.europesays.com\/fr\/wp-content\/uploads\/2025\/12\/une-centaine-de-personnes-attendaient-le-pere-noel-a-sa-descente-d-helico-a-aix-les-milles-176624879.jpeg\"\/>Une centaine de personnes attendaient le P\u00e8re No\u00ebl \u00e0 sa descente d&rsquo;h\u00e9lico \u00e0 AIx-les-Milles. \/ Photo LP<\/p>\n<p><a href=\"https:\/\/www.laprovence.com\/article\/societe\/3187463181947314\/pour-les-enfants-malades-de-la-timone-le-pere-noel-debarque-en-helicoptere-avec-la-crs81\" target=\"_blank\" rel=\"noopener\">Comme l\u2019an dernier<\/a>, aux commandes de l\u2019h\u00e9licopt\u00e8re, c\u2019est Serge Khatchadourian, le pr\u00e9sident des Rotary de Marseille, toujours entre la Laponie et la Moldavie, et le commandant de la 81, Fr\u00e9d\u00e9ric Severino, venu avec hommes et mat\u00e9riels, qui ont assur\u00e9 la distribution des cadeaux livr\u00e9s par les airs \u00e0 pas moins d\u2019une centaine d\u2019enfants.<\/p>\n","protected":false},"excerpt":{"rendered":"Cette ann\u00e9e encore, il a d\u00e9barqu\u00e9 un peu en avance pour les enfants malades de l\u2019h\u00f4pital de la&hellip;\n","protected":false},"author":2,"featured_media":612095,"comment_status":"","ping_status":"","sticky":false,"template":"","format":"standard","meta":{"footnotes":""},"categories":[2814],"tags":[17,1111,11,3396,11465,1777,674,274,1011,27,6373,884,12,15830,6552,882,25,133],"class_list":{"0":"post-612094","1":"post","2":"type-post","3":"status-publish","4":"format-standard","5":"has-post-thumbnail","7":"category-marseille","8":"tag-17","9":"tag-actu","10":"tag-actualites","11":"tag-avec","12":"tag-debarque","13":"tag-eu","14":"tag-europe","15":"tag-faits-divers-justice","16":"tag-fr","17":"tag-france","18":"tag-helicoptere","19":"tag-marseille","20":"tag-news","21":"tag-noel","22":"tag-pere","23":"tag-provence-alpes-cote-dazur","24":"tag-republique-francaise","25":"tag-video"},"share_on_mastodon":{"url":"https:\/\/pubeurope.com\/@fr\/115753000585153744","error":""},"_links":{"self":[{"href":"https:\/\/www.europesays.com\/fr\/wp-json\/wp\/v2\/posts\/612094","targetHints":{"allow":["GET"]}}],"collection":[{"href":"https:\/\/www.europesays.com\/fr\/wp-json\/wp\/v2\/posts"}],"about":[{"href":"https:\/\/www.europesays.com\/fr\/wp-json\/wp\/v2\/types\/post"}],"author":[{"embeddable":true,"href":"https:\/\/www.europesays.com\/fr\/wp-json\/wp\/v2\/users\/2"}],"replies":[{"embeddable":true,"href":"https:\/\/www.europesays.com\/fr\/wp-json\/wp\/v2\/comments?post=612094"}],"version-history":[{"count":0,"href":"https:\/\/www.europesays.com\/fr\/wp-json\/wp\/v2\/posts\/612094\/revisions"}],"wp:featuredmedia":[{"embeddable":true,"href":"https:\/\/www.europesays.com\/fr\/wp-json\/wp\/v2\/media\/612095"}],"wp:attachment":[{"href":"https:\/\/www.europesays.com\/fr\/wp-json\/wp\/v2\/media?parent=612094"}],"wp:term":[{"taxonomy":"category","embeddable":true,"href":"https:\/\/www.europesays.com\/fr\/wp-json\/wp\/v2\/categories?post=612094"},{"taxonomy":"post_tag","embeddable":true,"href":"https:\/\/www.europesays.com\/fr\/wp-json\/wp\/v2\/tags?post=612094"}],"curies":[{"name":"wp","href":"https:\/\/api.w.org\/{rel}","templated":true}]}}