{"id":612096,"date":"2025-12-20T17:09:13","date_gmt":"2025-12-20T17:09:13","guid":{"rendered":"https:\/\/www.europesays.com\/fr\/612096\/"},"modified":"2025-12-20T17:09:13","modified_gmt":"2025-12-20T17:09:13","slug":"rhone-le-comportement-dune-collectivite-est-comme-celui-dun-menage","status":"publish","type":"post","link":"https:\/\/www.europesays.com\/fr\/612096\/","title":{"rendered":"Rh\u00f4ne. \u00ab\u00a0Le comportement d\u2019une collectivit\u00e9 est comme celui d\u2019un m\u00e9nage\u00a0\u00bb"},"content":{"rendered":"<p>                            La situation des comptes locaux en 2025<\/p>\n<p>2025, une ann\u00e9e marqu\u00e9e, depuis trois ans, par un \u00ab\u00a0effet de ciseau\u00a0\u00bb, \u00e0 savoir le rythme des d\u00e9penses de fonctionnement cro\u00eet plus vite que celui des recettes, att\u00e9nuant la capacit\u00e9 d\u2019autofinancement et de remboursement de la dette. \u00ab\u00a0Les d\u00e9penses augmentent plus vite m\u00eame si l\u2019\u00e9cart s\u2019est r\u00e9duit en 2025, expose Luc-Alain Vervisch, directeur des \u00e9tudes et de la recherche \u00e0 la Banque Postale.\u00a0C\u2019est probl\u00e9matique dans la mesure o\u00f9 cela dure m\u00eame si la croissance repartie en 2025.\u00a0\u00bb<\/p>\n<p>Concernant les d\u00e9penses, le rythme a ralenti (+2,5\u00a0% en 2025 contre +6,2\u00a0% en 2023), d\u00fb&#8230;<\/p>\n","protected":false},"excerpt":{"rendered":"La situation des comptes locaux en 2025 2025, une ann\u00e9e marqu\u00e9e, depuis trois ans, par un \u00ab\u00a0effet de&hellip;\n","protected":false},"author":2,"featured_media":612097,"comment_status":"","ping_status":"","sticky":false,"template":"","format":"standard","meta":{"footnotes":""},"categories":[1889],"tags":[1111,11,2430,33,2757,1777,674,3183,1011,27,2428,2756,12,25,2429],"class_list":{"0":"post-612096","1":"post","2":"type-post","3":"status-publish","4":"format-standard","5":"has-post-thumbnail","7":"category-lyon","8":"tag-actu","9":"tag-actualites","10":"tag-auvergne-rhone-alpes","11":"tag-economie","12":"tag-edition-lyon-villeurbanne","13":"tag-eu","14":"tag-europe","15":"tag-finance-et-fiscalite","16":"tag-fr","17":"tag-france","18":"tag-lyon","19":"tag-lyon-bassin","20":"tag-news","21":"tag-republique-francaise","22":"tag-rhone"},"share_on_mastodon":{"url":"https:\/\/pubeurope.com\/@fr\/115753003561242339","error":""},"_links":{"self":[{"href":"https:\/\/www.europesays.com\/fr\/wp-json\/wp\/v2\/posts\/612096","targetHints":{"allow":["GET"]}}],"collection":[{"href":"https:\/\/www.europesays.com\/fr\/wp-json\/wp\/v2\/posts"}],"about":[{"href":"https:\/\/www.europesays.com\/fr\/wp-json\/wp\/v2\/types\/post"}],"author":[{"embeddable":true,"href":"https:\/\/www.europesays.com\/fr\/wp-json\/wp\/v2\/users\/2"}],"replies":[{"embeddable":true,"href":"https:\/\/www.europesays.com\/fr\/wp-json\/wp\/v2\/comments?post=612096"}],"version-history":[{"count":0,"href":"https:\/\/www.europesays.com\/fr\/wp-json\/wp\/v2\/posts\/612096\/revisions"}],"wp:featuredmedia":[{"embeddable":true,"href":"https:\/\/www.europesays.com\/fr\/wp-json\/wp\/v2\/media\/612097"}],"wp:attachment":[{"href":"https:\/\/www.europesays.com\/fr\/wp-json\/wp\/v2\/media?parent=612096"}],"wp:term":[{"taxonomy":"category","embeddable":true,"href":"https:\/\/www.europesays.com\/fr\/wp-json\/wp\/v2\/categories?post=612096"},{"taxonomy":"post_tag","embeddable":true,"href":"https:\/\/www.europesays.com\/fr\/wp-json\/wp\/v2\/tags?post=612096"}],"curies":[{"name":"wp","href":"https:\/\/api.w.org\/{rel}","templated":true}]}}