{"id":612104,"date":"2025-12-20T17:15:19","date_gmt":"2025-12-20T17:15:19","guid":{"rendered":"https:\/\/www.europesays.com\/fr\/612104\/"},"modified":"2025-12-20T17:15:19","modified_gmt":"2025-12-20T17:15:19","slug":"livre-paris-est-rouge-bleu","status":"publish","type":"post","link":"https:\/\/www.europesays.com\/fr\/612104\/","title":{"rendered":"Livre : Paris est Rouge &#038; Bleu"},"content":{"rendered":"<p>CulturePSG vous donne rendez-vous ce dimanche apr\u00e8s-midi pour une s\u00e9ance de d\u00e9dicaces du livre \u00ab\u00a0Rouge &amp; Bleu \u2013 55 ans d\u2019histoire du PSG racont\u00e9s par ses supporters\u00a0\u00bb, co-\u00e9crit par le fondateur du site Philippe Goguet.<\/p>\n<p>Il y a 5 ans, le premier livre issu de la galaxie CulturePSG \u00e9tait publi\u00e9 et <a href=\"https:\/\/amzn.to\/3WYoNaN\" target=\"_blank\" rel=\"noopener\">Rouge &amp; Bleu,<\/a>\u00a0co-\u00e9crit par le fondateur du site Philippe Goguet, a connu un joli succ\u00e8s avec plus de 7 000 ventes. Cet ouvrage de r\u00e9f\u00e9rence a \u00e9t\u00e9 r\u00e9\u00e9dit\u00e9 en cet automne 2025, avec 32 pages de plus qui couvrent \u00e9videmment la conqu\u00eate de la Champions League, et une s\u00e9ance de d\u00e9dicaces de l&rsquo;ouvrage est organis\u00e9e ce dimanche \u00e0 Paris en pr\u00e9sence des deux auteurs.<\/p>\n<p>L&rsquo;\u00e9v\u00e9nement se tiendra au Lou Pascalou, 14 rue des Panoyaux dans le 20e arrondissement de Paris, ce dimanche 21 d\u00e9cembre entre 16h et 18h30, et l&rsquo;entr\u00e9e est \u00e9videmment gratuite. Damien Dole-Chabourine et Philippe Goguet vous y attendent pour vous d\u00e9dicacer l&rsquo;ouvrage, qu&rsquo;il s&rsquo;agisse de la premi\u00e8re \u00e9dition de 2020 ou de la seconde de 2025, et seront ravis de partager un moment entre supporters des Rouge et Bleu.<\/p>\n<p><img decoding=\"async\" alt=\"\" src=\"https:\/\/www.europesays.com\/fr\/wp-content\/uploads\/2025\/12\/G8io3HRWQAAV7hu\"\/><\/p>\n<p>Il sera \u00e9videmment possible d&rsquo;acheter le livre sur place, au prix de 42\u20ac comme dans le reste des enseignes. Les deux auteurs avaient particip\u00e9 \u00e0 un \u00e9pisode sp\u00e9cial\u00a0du podcast\u00a0de CulturePSG courant novembre pour expliquer la d\u00e9marche du livre, ce que contient la nouvelle \u00e9dition, etc. C&rsquo;est \u00e0 retrouver ci-dessous :<\/p><\/p>\n","protected":false},"excerpt":{"rendered":"CulturePSG vous donne rendez-vous ce dimanche apr\u00e8s-midi pour une s\u00e9ance de d\u00e9dicaces du livre \u00ab\u00a0Rouge &amp; Bleu \u2013&hellip;\n","protected":false},"author":2,"featured_media":612105,"comment_status":"","ping_status":"","sticky":false,"template":"","format":"standard","meta":{"footnotes":""},"categories":[1888],"tags":[1111,1928,11,1927,1777,674,1011,27,12,1926,626,1925,25],"class_list":{"0":"post-612104","1":"post","2":"type-post","3":"status-publish","4":"format-standard","5":"has-post-thumbnail","7":"category-paris","8":"tag-actu","9":"tag-actu-paris","10":"tag-actualites","11":"tag-actualites-paris","12":"tag-eu","13":"tag-europe","14":"tag-fr","15":"tag-france","16":"tag-news","17":"tag-news-paris","18":"tag-paris","19":"tag-paris-news","20":"tag-republique-francaise"},"share_on_mastodon":{"url":"https:\/\/pubeurope.com\/@fr\/115753027476340414","error":""},"_links":{"self":[{"href":"https:\/\/www.europesays.com\/fr\/wp-json\/wp\/v2\/posts\/612104","targetHints":{"allow":["GET"]}}],"collection":[{"href":"https:\/\/www.europesays.com\/fr\/wp-json\/wp\/v2\/posts"}],"about":[{"href":"https:\/\/www.europesays.com\/fr\/wp-json\/wp\/v2\/types\/post"}],"author":[{"embeddable":true,"href":"https:\/\/www.europesays.com\/fr\/wp-json\/wp\/v2\/users\/2"}],"replies":[{"embeddable":true,"href":"https:\/\/www.europesays.com\/fr\/wp-json\/wp\/v2\/comments?post=612104"}],"version-history":[{"count":0,"href":"https:\/\/www.europesays.com\/fr\/wp-json\/wp\/v2\/posts\/612104\/revisions"}],"wp:featuredmedia":[{"embeddable":true,"href":"https:\/\/www.europesays.com\/fr\/wp-json\/wp\/v2\/media\/612105"}],"wp:attachment":[{"href":"https:\/\/www.europesays.com\/fr\/wp-json\/wp\/v2\/media?parent=612104"}],"wp:term":[{"taxonomy":"category","embeddable":true,"href":"https:\/\/www.europesays.com\/fr\/wp-json\/wp\/v2\/categories?post=612104"},{"taxonomy":"post_tag","embeddable":true,"href":"https:\/\/www.europesays.com\/fr\/wp-json\/wp\/v2\/tags?post=612104"}],"curies":[{"name":"wp","href":"https:\/\/api.w.org\/{rel}","templated":true}]}}