{"id":612109,"date":"2025-12-20T17:18:15","date_gmt":"2025-12-20T17:18:15","guid":{"rendered":"https:\/\/www.europesays.com\/fr\/612109\/"},"modified":"2025-12-20T17:18:15","modified_gmt":"2025-12-20T17:18:15","slug":"le-caire-ouverture-de-la-reunion-ministerielle-russie-afrique","status":"publish","type":"post","link":"https:\/\/www.europesays.com\/fr\/612109\/","title":{"rendered":"Le Caire : ouverture de la r\u00e9union minist\u00e9rielle Russie-Afrique"},"content":{"rendered":"<p>AA \/ Le Caire \u2013 Istanbul \/ Mohammad Sio<\/p>\n<p>La deuxi\u00e8me conf\u00e9rence minist\u00e9rielle du Forum de partenariat Russie-Afrique s&rsquo;est ouverte samedi au Caire, r\u00e9unissant des hauts responsables d&rsquo;\u00c9gypte, de Russie et de plus de 50 pays africains, selon un correspondant d&rsquo;Anadolu.<\/p>\n<p>Le ministre \u00e9gyptien des Affaires \u00e9trang\u00e8res, Badr Abdelatty, son homologue russe, Sergue\u00ef Lavrov, et des repr\u00e9sentants d&rsquo;organisations r\u00e9gionales ont assist\u00e9 \u00e0 la s\u00e9ance d&rsquo;ouverture.<\/p>\n<p>\u00ab L&rsquo;\u00c9gypte accorde une grande importance au partenariat Russie-Afrique et s&rsquo;engage \u00e0 contribuer \u00e0 la mise en place d&rsquo;un syst\u00e8me international plus juste et plus stable \u00bb, a d\u00e9clar\u00e9 Abdelatty dans son discours d&rsquo;ouverture.<\/p>\n<p>Il a ajout\u00e9 que l&rsquo;\u00c9gypte et ses partenaires se concentraient sur le d\u00e9veloppement et la reconstruction, s&rsquo;effor\u00e7ant de mobiliser des financements pour des projets \u00e0 travers l&rsquo;Afrique et d&rsquo;approfondir l&rsquo;int\u00e9gration avec leurs partenaires, notamment la Russie.<\/p>\n<p>Abdelatty a \u00e9galement soulign\u00e9 l&rsquo;importance de r\u00e9soudre les conflits de mani\u00e8re pacifique et de rejeter toute ing\u00e9rence \u00e9trang\u00e8re.<\/p>\n<p>Sur la question palestinienne, Abdelatty a r\u00e9affirm\u00e9 le soutien total de l&rsquo;\u00c9gypte \u00e0 la cr\u00e9ation d&rsquo;un \u00c9tat palestinien ind\u00e9pendant, rejet\u00e9 tout d\u00e9placement des Palestiniens de leurs terres et exprim\u00e9 son soutien \u00e0 la reconstruction de la bande de Gaza sans en modifier le caract\u00e8re g\u00e9ographique ou d\u00e9mographique.<\/p>\n<p>Lavrov a d\u00e9clar\u00e9 que les pays africains jouent un r\u00f4le important \u00e0 plusieurs niveaux, ajoutant que la Russie soutient l&rsquo;Afrique dans les domaines du d\u00e9veloppement, du commerce, de l&rsquo;investissement et de la lutte contre l&rsquo;extr\u00e9misme, selon la cha\u00eene d&rsquo;information publique \u00e9gyptienne Al-Qahera News.<\/p>\n<p>Par ailleurs, le pr\u00e9sident \u00e9gyptien Abdel Fattah al-Sissi a re\u00e7u les ministres et chefs de d\u00e9l\u00e9gation africains participant \u00e0 la r\u00e9union.<\/p>\n<p>Sissi a d\u00e9clar\u00e9 que son pays n&rsquo;avait aucun probl\u00e8me avec l&rsquo;\u00c9thiopie, soulignant que la seule exigence du Caire \u00e9tait de pr\u00e9server ses droits sur les eaux du Nil, selon un communiqu\u00e9 de la pr\u00e9sidence \u00e9gyptienne.<\/p>\n<p>Il a d\u00e9clar\u00e9 que l&rsquo;\u00c9gypte cherchait \u00e0 conclure un accord juridiquement contraignant sur le remplissage et l&rsquo;exploitation du Grand barrage de la Renaissance \u00e9thiopienne, ajoutant que la politique de l&rsquo;\u00c9gypte \u00e9tait fond\u00e9e sur la non-ing\u00e9rence et le rejet des efforts visant \u00e0 d\u00e9stabiliser d&rsquo;autres \u00c9tats.<\/p>\n<p>Malgr\u00e9 ses divergences avec l&rsquo;\u00c9thiopie, Sissi a d\u00e9clar\u00e9 que l&rsquo;\u00c9gypte n&rsquo;avait jamais menac\u00e9 Addis-Abeba et estimait que les diff\u00e9rends devaient \u00eatre r\u00e9solus par le dialogue et des solutions politiques.<\/p>\n<p>Des tensions persistent entre l&rsquo;\u00c9gypte et le Soudan d&rsquo;un c\u00f4t\u00e9 et l&rsquo;\u00c9thiopie de l&rsquo;autre au sujet du barrage, dont la construction a commenc\u00e9 en 2011. Le Caire et Khartoum ont appel\u00e9 \u00e0 la conclusion d&rsquo;un accord trilat\u00e9ral contraignant, tandis que l&rsquo;\u00c9thiopie estime qu&rsquo;un tel accord n&rsquo;est pas n\u00e9cessaire, un diff\u00e9rend qui a maintes fois bloqu\u00e9 les n\u00e9gociations.<\/p>\n<p>Le pr\u00e9sident a \u00e9galement d\u00e9clar\u00e9 que l&rsquo;\u00c9gypte souhaitait renforcer sa coop\u00e9ration avec les pays africains en encourageant les entreprises \u00e9gyptiennes \u00e0 accro\u00eetre leurs investissements et leurs partenariats \u00e0 travers le continent. Il a pr\u00e9cis\u00e9 que les investissements \u00e9gyptiens en Afrique d\u00e9passaient les 12 milliards de dollars, tandis que le volume des \u00e9changes commerciaux avait atteint les 10 milliards de dollars.<\/p>\n<p>Il a ajout\u00e9 que l&rsquo;Agence \u00e9gyptienne de partenariat pour le d\u00e9veloppement a mis en \u0153uvre plus de 700 programmes de formation \u00e0 travers l&rsquo;Afrique, conform\u00e9ment aux priorit\u00e9s des pays partenaires, et a soulign\u00e9 l&rsquo;importance de maintenir la stabilit\u00e9 et d&rsquo;assurer la s\u00e9curit\u00e9 de la navigation en mer Rouge, piliers essentiels de la s\u00e9curit\u00e9 r\u00e9gionale et internationale, a d\u00e9clar\u00e9 la pr\u00e9sidence.<\/p>\n<p>Le Forum de partenariat Russie-Afrique examine les moyens d&rsquo;\u00e9tendre la coop\u00e9ration dans les domaines du commerce, de l&rsquo;investissement, de l&rsquo;\u00e9nergie et des infrastructures, ainsi que les pr\u00e9occupations communes li\u00e9es \u00e0 la s\u00e9curit\u00e9 et \u00e0 la stabilit\u00e9 sur le continent africain, ont rapport\u00e9 les m\u00e9dias d&rsquo;\u00c9tat \u00e9gyptiens.<\/p>\n<p>La premi\u00e8re r\u00e9union minist\u00e9rielle de la conf\u00e9rence s&rsquo;est tenue en novembre 2024 \u00e0 Sotchi, en Russie. Les r\u00e9unions pr\u00e9paratoires de la deuxi\u00e8me session ont d\u00e9but\u00e9 vendredi au Caire.<\/p>\n<p>*Traduit de l\u2019anglais par Ayse Bashoruz<\/p>\n<p>                            &#13;<br \/>\n                                <a href=\"https:\/\/www.aa.com.tr\/fr\/p\/abonnement\/1001\" target=\"_blank\" style=\"font-size:12px; color:#444; text-decoration:none;\" rel=\"noopener\">&#13;<br \/>\n                                    Seulement une partie des d\u00e9p\u00eaches, que l&rsquo;Agence Anadolu diffuse \u00e0 ses abonn\u00e9s via le Syst\u00e8me de Diffusion interne (HAS), est diffus\u00e9e sur le site de l&rsquo;AA, de mani\u00e8re r\u00e9sum\u00e9e. <b style=\"color:#1897F7\">Contactez-nous s&rsquo;il vous pla\u00eet pour vous abonner.<\/b>&#13;<br \/>\n                                <\/a>&#13;<\/p>\n","protected":false},"excerpt":{"rendered":"AA \/ Le Caire \u2013 Istanbul \/ Mohammad Sio La deuxi\u00e8me conf\u00e9rence minist\u00e9rielle du Forum de partenariat Russie-Afrique&hellip;\n","protected":false},"author":2,"featured_media":612110,"comment_status":"","ping_status":"","sticky":false,"template":"","format":"standard","meta":{"footnotes":""},"categories":[1591],"tags":[72321,33080,72320,11,879,1785,1887,5556,12,1885,1886,132,72322],"class_list":{"0":"post-612109","1":"post","2":"type-post","3":"status-publish","4":"format-standard","5":"has-post-thumbnail","7":"category-russie","8":"tag-thiopie","9":"tag-gypte","10":"tag-abdel-fattah-al-sissi","11":"tag-actualites","12":"tag-afrique","13":"tag-anadolu-ajansi","14":"tag-federation-de-russie","15":"tag-forum","16":"tag-news","17":"tag-russia","18":"tag-russian-federation","19":"tag-russie","20":"tag-russie-afrique-partenaires"},"share_on_mastodon":{"url":"https:\/\/pubeurope.com\/@fr\/115753038979971116","error":""},"_links":{"self":[{"href":"https:\/\/www.europesays.com\/fr\/wp-json\/wp\/v2\/posts\/612109","targetHints":{"allow":["GET"]}}],"collection":[{"href":"https:\/\/www.europesays.com\/fr\/wp-json\/wp\/v2\/posts"}],"about":[{"href":"https:\/\/www.europesays.com\/fr\/wp-json\/wp\/v2\/types\/post"}],"author":[{"embeddable":true,"href":"https:\/\/www.europesays.com\/fr\/wp-json\/wp\/v2\/users\/2"}],"replies":[{"embeddable":true,"href":"https:\/\/www.europesays.com\/fr\/wp-json\/wp\/v2\/comments?post=612109"}],"version-history":[{"count":0,"href":"https:\/\/www.europesays.com\/fr\/wp-json\/wp\/v2\/posts\/612109\/revisions"}],"wp:featuredmedia":[{"embeddable":true,"href":"https:\/\/www.europesays.com\/fr\/wp-json\/wp\/v2\/media\/612110"}],"wp:attachment":[{"href":"https:\/\/www.europesays.com\/fr\/wp-json\/wp\/v2\/media?parent=612109"}],"wp:term":[{"taxonomy":"category","embeddable":true,"href":"https:\/\/www.europesays.com\/fr\/wp-json\/wp\/v2\/categories?post=612109"},{"taxonomy":"post_tag","embeddable":true,"href":"https:\/\/www.europesays.com\/fr\/wp-json\/wp\/v2\/tags?post=612109"}],"curies":[{"name":"wp","href":"https:\/\/api.w.org\/{rel}","templated":true}]}}