{"id":612119,"date":"2025-12-20T17:23:12","date_gmt":"2025-12-20T17:23:12","guid":{"rendered":"https:\/\/www.europesays.com\/fr\/612119\/"},"modified":"2025-12-20T17:23:12","modified_gmt":"2025-12-20T17:23:12","slug":"thiago-silva-de-retour-en-europe-apres-son-experience-au-bresil","status":"publish","type":"post","link":"https:\/\/www.europesays.com\/fr\/612119\/","title":{"rendered":"Thiago Silva de retour en Europe apr\u00e8s son exp\u00e9rience au Br\u00e9sil"},"content":{"rendered":"<p>\n    L\u2019ex-d\u00e9fenseur du Paris SG s\u2019est engag\u00e9 avec le FC Porto jusqu\u2019\u00e0 la fin de la saison.<\/p>\n<p class=\"fig-paragraph\">Le d\u00e9fenseur br\u00e9silien Thiago Silva, libre\u00a0<a href=\"http:\/\/www.lefigaro.fr\/sports\/football\/transferts\/mercato-thiago-silva-de-retour-en-europe-apres-son-experience-au-bresil-20251220\" data-fig-type=\"NewsFlash\" data-gtm-custom-categorie=\"navigation\" data-gtm-custom-action=\"crossclick\" data-gtm-custom-label=\"Contextuel\" data-gtm-event=\"customEventSPE\" data-fig-domain=\"LEFIGARO\" target=\"_blank\" rel=\"noopener\">apr\u00e8s avoir r\u00e9sili\u00e9 son contrat avec Fluminense<\/a>, s\u2019est engag\u00e9 samedi en faveur du FC Porto jusqu\u2019\u00e0 la fin de saison avec option pour une ann\u00e9e suppl\u00e9mentaire, a annonc\u00e9 le club portugais.<\/p>\n<p class=\"fig-paragraph\">Pour l\u2019ancienne star du PSG, du Milan AC et de Chelsea, il s\u2019agit d\u2019un retour: en 2005, il avait d\u00e9j\u00e0 port\u00e9 les couleurs des Dragons, mais pour le compte de l\u2019\u00e9quipe r\u00e9serve uniquement, avant de s\u2019envoler pour le Dynamo Moscou.<\/p>\n<p>                                            <a class=\"fig-a11y-skip\" href=\"#fig-a11y-skip-main-inarticle\" data-module=\"a11y-skip\" data-context=\"was @visible\"><br \/>\n    Passer la publicit\u00e9<br \/>\n<\/a>            <\/p>\n<p class=\"fig-paragraph\">Ces deux derni\u00e8res saisons, il a port\u00e9 \u00e0 66 reprises le maillot de Fluminense avant de mettre fin \u00e0 son contrat \u00e0 l\u2019amiable.<\/p>\n<p class=\"fig-paragraph\">Le FC Porto se f\u00e9licite d\u2019accueillir un joueur qui, \u00e0 41 ans, \u00aba remport\u00e9 31 troph\u00e9es\u00bb, notamment une Ligue des champions et une Coupe du monde.<\/p>\n<p class=\"fig-paragraph\">L\u2019\u00e2ge de l\u2019international br\u00e9silien (113 s\u00e9lections) n\u2019a pas \u00e9t\u00e9 un frein pour le club qui pr\u00e9cise que \u00ab\u00a0depuis 2006, Thiago Silva a jou\u00e9 au moins 34 matches chaque saison avec un un pic \u00e0 54 matches (il y a deux saisons) lorsqu\u2019il a quitt\u00e9 Chelsea pour Fluminense.<\/p>\n","protected":false},"excerpt":{"rendered":"L\u2019ex-d\u00e9fenseur du Paris SG s\u2019est engag\u00e9 avec le FC Porto jusqu\u2019\u00e0 la fin de la saison. Le d\u00e9fenseur&hellip;\n","protected":false},"author":2,"featured_media":612120,"comment_status":"","ping_status":"","sticky":false,"template":"","format":"standard","meta":{"footnotes":""},"categories":[1586],"tags":[11,69,2261,1777,674,63,1011,27,3309,6201,453,66,446,1434,12,70,25,67,969,10662],"class_list":{"0":"post-612119","1":"post","2":"type-post","3":"status-publish","4":"format-standard","5":"has-post-thumbnail","7":"category-europe","8":"tag-actualites","9":"tag-bundesliga","10":"tag-calcio","11":"tag-eu","12":"tag-europe","13":"tag-football","14":"tag-fr","15":"tag-france","16":"tag-l1","17":"tag-l2","18":"tag-liga","19":"tag-ligue-1","20":"tag-ligue-2","21":"tag-mercato","22":"tag-news","23":"tag-premier-league","24":"tag-republique-francaise","25":"tag-serie-a","26":"tag-transfert","27":"tag-transferts"},"share_on_mastodon":{"url":"https:\/\/pubeurope.com\/@fr\/115753058744337584","error":""},"_links":{"self":[{"href":"https:\/\/www.europesays.com\/fr\/wp-json\/wp\/v2\/posts\/612119","targetHints":{"allow":["GET"]}}],"collection":[{"href":"https:\/\/www.europesays.com\/fr\/wp-json\/wp\/v2\/posts"}],"about":[{"href":"https:\/\/www.europesays.com\/fr\/wp-json\/wp\/v2\/types\/post"}],"author":[{"embeddable":true,"href":"https:\/\/www.europesays.com\/fr\/wp-json\/wp\/v2\/users\/2"}],"replies":[{"embeddable":true,"href":"https:\/\/www.europesays.com\/fr\/wp-json\/wp\/v2\/comments?post=612119"}],"version-history":[{"count":0,"href":"https:\/\/www.europesays.com\/fr\/wp-json\/wp\/v2\/posts\/612119\/revisions"}],"wp:featuredmedia":[{"embeddable":true,"href":"https:\/\/www.europesays.com\/fr\/wp-json\/wp\/v2\/media\/612120"}],"wp:attachment":[{"href":"https:\/\/www.europesays.com\/fr\/wp-json\/wp\/v2\/media?parent=612119"}],"wp:term":[{"taxonomy":"category","embeddable":true,"href":"https:\/\/www.europesays.com\/fr\/wp-json\/wp\/v2\/categories?post=612119"},{"taxonomy":"post_tag","embeddable":true,"href":"https:\/\/www.europesays.com\/fr\/wp-json\/wp\/v2\/tags?post=612119"}],"curies":[{"name":"wp","href":"https:\/\/api.w.org\/{rel}","templated":true}]}}