{"id":612127,"date":"2025-12-20T17:27:19","date_gmt":"2025-12-20T17:27:19","guid":{"rendered":"https:\/\/www.europesays.com\/fr\/612127\/"},"modified":"2025-12-20T17:27:19","modified_gmt":"2025-12-20T17:27:19","slug":"le-coup-denvoi-est-donne-entre-lus-raon-letape-et-le-paris-fc","status":"publish","type":"post","link":"https:\/\/www.europesays.com\/fr\/612127\/","title":{"rendered":"le coup d&rsquo;envoi est donn\u00e9 entre\u00a0l&rsquo;US Raon-l&rsquo;\u00c9tape et le Paris FC !"},"content":{"rendered":"<p>&#13;<br \/>\n                                                    En direct&#13;<br \/>\n                        &#13;\n                                            <\/p>\n<p>Tombeur de Mulhouse au 8e tour, Raon-l&rsquo;\u00c9tape\u00a0a retrouv\u00e9 les 32es de finale de la Coupe de France pour la premi\u00e8re fois depuis cinq ans. Se dresse d\u00e9sormais sur sa route une opposition d&rsquo;un tout autre genre avec le Paris FC, pensionnaire de Ligue 1 mais en difficult\u00e9 en championnat. Les Raonnais, sur leur pelouse de Paul-Gasser, tenteront de cr\u00e9er l&rsquo;exploit pour rallier les 16es de finale. Suivez la rencontre avec nous\u00a0!<\/p>\n<p>&#13;<br \/>\n              Luc St\u00e9venot &#8211; &#13;<br \/>\n        &#13;<br \/>\n          Aujourd&rsquo;hui \u00e0 17:15&#13;<br \/>\n    &#13;<br \/>\n                  | mis \u00e0 jour aujourd&rsquo;hui \u00e0 18:24&#13;<br \/>\n              &#8211; Temps de lecture : &#13;<br \/>\n  &#13;\n<\/p>\n<p>                        &#13;<br \/>\n    &#13;<br \/>\n    &#13;<br \/>\n    <a href=\"https:\/\/cdn-s-www.vosgesmatin.fr\/images\/7248908B-5B81-45DA-BB93-8553972C099A\/NW_raw\/face-a-un-club-de-l-elite-les-raonnais-vont-voir-la-pente-s-elever-encore-d-un-cran-photo-philippe-briqueleur-1766169042.jpg\" title=\"Face \u00e0 un club de l&#039;\u00e9lite, les Raonnais vont voir la pente s&#039;\u00e9lever encore d&#039;un cran. Photo Philippe Briqueleur\" class=\"chocolat-image GA-tracking\" data-ga_type=\"click\" data-ga_category=\"D\u00e9tail\" data-ga_action=\"zoomer\" data-ga_label=\"aggrandir image\" target=\"_blank\" rel=\"noopener\">&#13;<br \/>\n        <img src=\"https:\/\/www.europesays.com\/fr\/wp-content\/uploads\/2025\/12\/face-a-un-club-de-l-elite-les-raonnais-vont-voir-la-pente-s-elever-encore-d-un-cran-photo-philippe-b.jpeg\"   alt=\"Face \u00e0 un club de l'\u00e9lite, les Raonnais vont voir la pente s'\u00e9lever encore d'un cran. Photo Philippe Briqueleur\" fetchpriority=\"high\" decoding=\"async\" data-mobile=\"NW_detail_M|1766169042\" data-base=\"NW_detail|1766169042\"\/>&#13;<br \/>\n    <\/a>&#13;<\/p>\n<p>Face \u00e0 un club de l&rsquo;\u00e9lite, les Raonnais vont voir la pente s&rsquo;\u00e9lever encore d&rsquo;un cran. Photo Philippe Briqueleur<\/p>\n","protected":false},"excerpt":{"rendered":"&#13; En direct&#13; &#13; Tombeur de Mulhouse au 8e tour, Raon-l&rsquo;\u00c9tape\u00a0a retrouv\u00e9 les 32es de finale de la&hellip;\n","protected":false},"author":2,"featured_media":612128,"comment_status":"","ping_status":"","sticky":false,"template":"","format":"standard","meta":{"footnotes":""},"categories":[4],"tags":[11,15922,3545,107,1701,1795,63,1011,27,12,40698,3456,25,517,1700,8430,774],"class_list":{"0":"post-612127","1":"post","2":"type-post","3":"status-publish","4":"format-standard","5":"has-post-thumbnail","7":"category-france","8":"tag-actualites","9":"tag-coupe-de-france-de-football","10":"tag-direct-sport","11":"tag-fil-info","12":"tag-fil-info-sport","13":"tag-fil-web","14":"tag-football","15":"tag-fr","16":"tag-france","17":"tag-news","18":"tag-raon-letape","19":"tag-region-lorraine","20":"tag-republique-francaise","21":"tag-sport","22":"tag-sport-lorrain","23":"tag-us-raon-football","24":"tag-vosges"},"share_on_mastodon":{"url":"https:\/\/pubeurope.com\/@fr\/115753075232224298","error":""},"_links":{"self":[{"href":"https:\/\/www.europesays.com\/fr\/wp-json\/wp\/v2\/posts\/612127","targetHints":{"allow":["GET"]}}],"collection":[{"href":"https:\/\/www.europesays.com\/fr\/wp-json\/wp\/v2\/posts"}],"about":[{"href":"https:\/\/www.europesays.com\/fr\/wp-json\/wp\/v2\/types\/post"}],"author":[{"embeddable":true,"href":"https:\/\/www.europesays.com\/fr\/wp-json\/wp\/v2\/users\/2"}],"replies":[{"embeddable":true,"href":"https:\/\/www.europesays.com\/fr\/wp-json\/wp\/v2\/comments?post=612127"}],"version-history":[{"count":0,"href":"https:\/\/www.europesays.com\/fr\/wp-json\/wp\/v2\/posts\/612127\/revisions"}],"wp:featuredmedia":[{"embeddable":true,"href":"https:\/\/www.europesays.com\/fr\/wp-json\/wp\/v2\/media\/612128"}],"wp:attachment":[{"href":"https:\/\/www.europesays.com\/fr\/wp-json\/wp\/v2\/media?parent=612127"}],"wp:term":[{"taxonomy":"category","embeddable":true,"href":"https:\/\/www.europesays.com\/fr\/wp-json\/wp\/v2\/categories?post=612127"},{"taxonomy":"post_tag","embeddable":true,"href":"https:\/\/www.europesays.com\/fr\/wp-json\/wp\/v2\/tags?post=612127"}],"curies":[{"name":"wp","href":"https:\/\/api.w.org\/{rel}","templated":true}]}}