{"id":612135,"date":"2025-12-20T17:36:20","date_gmt":"2025-12-20T17:36:20","guid":{"rendered":"https:\/\/www.europesays.com\/fr\/612135\/"},"modified":"2025-12-20T17:36:20","modified_gmt":"2025-12-20T17:36:20","slug":"retraite-des-pelotons-anthony-delaplace-va-reprendre-un-hotel-restaurant-dans-le-cotentin","status":"publish","type":"post","link":"https:\/\/www.europesays.com\/fr\/612135\/","title":{"rendered":"Retrait\u00e9 des pelotons, Anthony Delaplace va reprendre un h\u00f4tel-restaurant dans le Cotentin"},"content":{"rendered":"<p>                    Par<br \/>\n        <strong><br \/>\n            <a href=\"https:\/\/actu.fr\/auteur\/b-hue\" title=\"Consulter tous les articles de Baptiste Hue\" target=\"_blank\" rel=\"noopener\">Baptiste Hue<\/a><br \/>\n                    <\/strong><\/p>\n<p>        Publi\u00e9 le<\/p>\n<p>            20 d\u00e9c. 2025 \u00e0 17h12        <\/p>\n<p><a href=\"https:\/\/actu.fr\/tag\/anthony-delaplace\" target=\"_blank\" rel=\"noopener\">Anthony Delaplace<\/a> va continuer de r\u00e9galer ses fans. Au sens propre du terme. S\u2019il reste encore quelques formalit\u00e9s qui n\u00e9cessitent l\u2019emploi du conditionnel, le Cosquevillais <b>devrait rapidement devenir propri\u00e9taire du Moyne de Saire<\/b>, l\u2019<b>h\u00f4tel-restaurant<\/b> situ\u00e9 \u00e0 <a href=\"https:\/\/actu.fr\/normandie\/reville_50433\" target=\"_blank\" rel=\"noopener\">R\u00e9ville<\/a> (Manche).<\/p>\n<p>    <a href=\"https:\/\/www.google.com\/maps\/embed?pb=!1m18!1m12!1m3!1d2584.8229330667987!2d-1.2620616874189203!3d49.619942746693454!2m3!1f0!2f0!3f0!3m2!1i1024!2i768!4f13.1!3m3!1m2!1s0x480b67ec07406a03%3A0xad0c2f60b7fea7e1!2sHotel%20Logis%20Au%20Moyne%20de%20Saire!5e0!3m2!1sfr!2sfr!4v1766246240603!5m2!1sfr!2sfr\" title=\"Ouvrie le lien\" target=\"_blank\" rel=\"noopener\">Cliquez ici pour visualiser le contenu<\/a><\/p>\n<p>Ouverture en mars<\/p>\n<p class=\" wall-content\">\u00ab\u2009Un <b>beau projet, \u00e0 taille humaine<\/b> (19 chambres, 50 couverts)\u2009\u00bb, qu\u2019il va partager <b>avec son petit fr\u00e8re C\u00e9dric<\/b>, ancien cycliste comme lui.<\/p>\n<p class=\" wall-content\">\u00ab\u2009On a toujours r\u00eav\u00e9 d\u2019\u00eatre co\u00e9quipier sur le v\u00e9lo sans jamais y parvenir. On va enfin concr\u00e9tiser \u00e7a dans la vie professionnelle\u2009\u00bb, sourit Anthony Delaplace, persuad\u00e9 qu\u2019il formera \u00ab\u2009un bon bin\u00f4me\u2009\u00bb, avec des <b>t\u00e2ches bien r\u00e9parties<\/b>\u2009: la partie restauration pour l\u2019un, l\u2019h\u00f4tellerie pour l\u2019autre.<\/p>\n<blockquote class=\"ac-article-quote wall-content\">\n<p>Je pr\u00e9f\u00e8re \u00eatre derri\u00e8re les fourneaux. Pour l\u2019aspect relationnel, mon fr\u00e8re sera meilleur\u2009!<\/p>\n<p>Anthony Delaplace<\/p><\/blockquote>\n<p class=\" wall-content\">L\u2019id\u00e9e est<b> d\u2019ouvrir l\u2019h\u00f4tel en mars\u00a02026<\/b>, la restauration \u00ab\u2009uniquement pour les clients de l\u2019h\u00f4tel\u2009\u00bb le mois suivant et enfin<b> la restauration \u00ab\u2009pour tout le monde\u2009\u00bb \u00e0 partir de juin<\/b>, afin de se donner le temps d\u2019\u00eatre parfaitement op\u00e9rationnel.<\/p>\n<p>Vid\u00e9os : en ce moment sur Actu<\/p>\n<p class=\" wall-content\"><b>Trois employ\u00e9s ont d\u2019ores et d\u00e9j\u00e0 \u00e9t\u00e9 embauch\u00e9s<\/b> pour r\u00e9pondre aux exigences de cette entreprise, \u00e0 la fois excitante et terrifiante pour l\u2019ancien champion qui, dans le sport comme dans la vie, est anim\u00e9 par un redoutable instinct de comp\u00e9titeur. \u00ab\u2009Il va falloir \u00eatre \u00e0 la hauteur\u2009\u00bb, dit-il, conscient de l\u2019immensit\u00e9 du nouveau d\u00e9fi qui se pr\u00e9sente \u00e0 lui.<\/p>\n<blockquote class=\"ac-article-quote wall-content\">\n<p>J\u2019aurais pu me lancer plus doucement, comme commis de cuisine. Mais c\u2019\u00e9tait une belle opportunit\u00e9 \u00e0 saisir\u2026<\/p>\n<p>Anthony Delaplace<\/p><\/blockquote>\n<p class=\" wall-content\">Personnalisez votre actualit\u00e9 en ajoutant vos villes et m\u00e9dias en favori avec <a href=\"https:\/\/moncompte.actu.fr\" title=\"D\u00e9couvez Mon Actu\" rel=\"nofollow noopener\" data-trk=\"{&quot;cta&quot;:{&quot;action&quot;:&quot;https:\\\/\\\/moncompte.actu.fr&quot;,&quot;category&quot;:&quot;mon compte&quot;,&quot;from&quot;:&quot;article footer&quot;,&quot;name&quot;:&quot;Mon actu&quot;,&quot;type&quot;:&quot;cta&quot;}}\" target=\"_blank\">Mon Actu<\/a>.<\/p>\n","protected":false},"excerpt":{"rendered":"Par Baptiste Hue Publi\u00e9 le 20 d\u00e9c. 2025 \u00e0 17h12 Anthony Delaplace va continuer de r\u00e9galer ses fans.&hellip;\n","protected":false},"author":2,"featured_media":612136,"comment_status":"","ping_status":"","sticky":false,"template":"","format":"standard","meta":{"footnotes":""},"categories":[1411],"tags":[59727,3168,1154,207,1011,27,6046,104,60],"class_list":{"0":"post-612135","1":"post","2":"type-post","3":"status-publish","4":"format-standard","5":"has-post-thumbnail","7":"category-cyclisme","8":"tag-anthony-delaplace","9":"tag-cotentin","10":"tag-cycling","11":"tag-cyclisme","12":"tag-fr","13":"tag-france","14":"tag-reconversion","15":"tag-societe","16":"tag-sports"},"share_on_mastodon":{"url":"https:\/\/pubeurope.com\/@fr\/115753109853610901","error":""},"_links":{"self":[{"href":"https:\/\/www.europesays.com\/fr\/wp-json\/wp\/v2\/posts\/612135","targetHints":{"allow":["GET"]}}],"collection":[{"href":"https:\/\/www.europesays.com\/fr\/wp-json\/wp\/v2\/posts"}],"about":[{"href":"https:\/\/www.europesays.com\/fr\/wp-json\/wp\/v2\/types\/post"}],"author":[{"embeddable":true,"href":"https:\/\/www.europesays.com\/fr\/wp-json\/wp\/v2\/users\/2"}],"replies":[{"embeddable":true,"href":"https:\/\/www.europesays.com\/fr\/wp-json\/wp\/v2\/comments?post=612135"}],"version-history":[{"count":0,"href":"https:\/\/www.europesays.com\/fr\/wp-json\/wp\/v2\/posts\/612135\/revisions"}],"wp:featuredmedia":[{"embeddable":true,"href":"https:\/\/www.europesays.com\/fr\/wp-json\/wp\/v2\/media\/612136"}],"wp:attachment":[{"href":"https:\/\/www.europesays.com\/fr\/wp-json\/wp\/v2\/media?parent=612135"}],"wp:term":[{"taxonomy":"category","embeddable":true,"href":"https:\/\/www.europesays.com\/fr\/wp-json\/wp\/v2\/categories?post=612135"},{"taxonomy":"post_tag","embeddable":true,"href":"https:\/\/www.europesays.com\/fr\/wp-json\/wp\/v2\/tags?post=612135"}],"curies":[{"name":"wp","href":"https:\/\/api.w.org\/{rel}","templated":true}]}}