{"id":612138,"date":"2025-12-20T17:38:10","date_gmt":"2025-12-20T17:38:10","guid":{"rendered":"https:\/\/www.europesays.com\/fr\/612138\/"},"modified":"2025-12-20T17:38:10","modified_gmt":"2025-12-20T17:38:10","slug":"magalie-vae-sa-fille-elia-14-ans-a-bien-grandi-elle-la-depasse-deja-dune-tete","status":"publish","type":"post","link":"https:\/\/www.europesays.com\/fr\/612138\/","title":{"rendered":"Magalie Va\u00e9 : sa fille Elia (14 ans) a bien grandi, elle la d\u00e9passe d\u00e9j\u00e0 d&rsquo;une t\u00eate !"},"content":{"rendered":"<p>      R\u00e9sum\u00e9<\/p>\n<p>\u00c0 14 ans, Elia, la fille de Magalie Va\u00e9, a bien grandi et d\u00e9passe d\u00e9sormais sa m\u00e8re d&rsquo;une t\u00eate, tandis que toutes deux partagent une complicit\u00e9 naturelle.<\/p>\n<p>        Sommaire<\/p>\n<p><strong>Elle n&rsquo;\u00e9tait pas n\u00e9e quand sa maman a gagn\u00e9 la Star Academy<\/strong>&#8230; Mais heureusement, <a href=\"https:\/\/www.public.fr\/magalie-vae-devoile-une-rare-photo-delia-son-adolescente-quelle-eleve-seule\" target=\"_blank\" rel=\"noopener\">Elia est de cette nouvelle g\u00e9n\u00e9ration<\/a> qui a pu assister aux victoires de Marine et <a href=\"https:\/\/www.public.fr\/tag\/pierre-garnier\" target=\"_blank\" rel=\"noopener\">Pierre Garnier<\/a>. Elle est s\u00fbrement, aussi, l&rsquo;une des fid\u00e8les t\u00e9l\u00e9spectatrices de la saison actuellement diffus\u00e9e, et qui a vu partir L\u00e9o la semaine derni\u00e8re, aux portes de la tourn\u00e9e. Mais une chose est s\u00fbre&#8230; A seulement 14 ans, <strong>Elia, la fille de Magalie Va\u00e9<\/strong>, a d\u00e9j\u00e0 tout d&rsquo;une grande.<\/p>\n<p>En effet, dans une vid\u00e9o qu&rsquo;elle a post\u00e9e sur ses r\u00e9seaux, <strong>Magalie Va\u00e9 d\u00e9voile la m\u00e9tamorphose de sa fille<\/strong>. Adolescente, la jeune femme est d\u00e9j\u00e0 tr\u00e8s grande, et d\u00e9passe sa maman d&rsquo;une t\u00eate ! Les deux femmes apparaissent plus complices que jamais, et dans leur plus simple appareil. Ni maquill\u00e9es, ni appr\u00eat\u00e9es, elles se d\u00e9voilent au naturel, et elles sont on ne peut plus radieuses. Une photo qu&rsquo;a d&rsquo;ailleurs lik\u00e9e <strong>Gr\u00e9goire, qui a particip\u00e9 \u00e0 la saison 5 de la Star Academy<\/strong>, qu&rsquo;a remport\u00e9e Magalie.<\/p>\n<p>Magalie Va\u00e9, une vie pour la musique <\/p>\n<p>En effet, rappelez-vous. <strong>En 2005, Magalie Va\u00e9 remporte la saison 5 de la Star Academy<\/strong> et a la lourde t\u00e2che de succ\u00e9der \u00e0 <a href=\"https:\/\/vsd.fr\/58432-gregory-lemarchal-deux-de-ses-amis-de-la-star-academy-se-dechirent-le-talentueux-chanteur-au-coeur-dun-reglement-de-compte\/\" target=\"_blank\" rel=\"noopener\">Gr\u00e9gory Lemarchal<\/a>. Difficile pour la jeune femme, alors \u00e2g\u00e9e de 18 ans, de rivaliser avec le succ\u00e8s de celui qui la pr\u00e9c\u00e8de. Sa participation \u00e0 la Star Ac \u00e0 l&rsquo;\u00e9poque fait pol\u00e9mique. Les r\u00e9seaux sociaux n&rsquo;existent pas encore, mais les nombreuses nominations de la jeune femme cr\u00e9ent un toll\u00e9. <strong>Le public se prend d&rsquo;affection pour la jeune femme<\/strong>, et lui font remporter le million d&rsquo;euros face \u00e0 J\u00e9r\u00e9my Amelin, \u00e0 57% contre 43%.<\/p>\n<p>Malheureusement, le succ\u00e8s ne sera pas au rendez-vous. Son album, compos\u00e9 de 13 titres, ne s&rsquo;\u00e9coule qu&rsquo;\u00e0 33 000 exemplaires. Son single principal, repris de Juliette Gr\u00e9co, <strong>se vendra malgr\u00e9 tout \u00e0 90 000 exemplaires<\/strong>. Mais Universal Music se d\u00e9cide \u00e0 lui rompre son contrat, et la chanteuse voit ses r\u00eaves s&rsquo;effondrer. Heureusement, Elia est l\u00e0. Le 13 mai 2011, dans une interview accord\u00e9e \u00e0 <strong>Public<\/strong>, elle r\u00e9v\u00e8le \u00eatre enceinte. Elle met au monde sa fille le 3 novembre de la m\u00eame ann\u00e9e. En 2023, elle a publi\u00e9 un nouvel album, MV, <strong>mais qui n&rsquo;a pas re\u00e7u le succ\u00e8s escompt\u00e9<\/strong>.<\/p>\n<p>\n          Hits &amp; People en continu\n        <\/p>\n<p>\n          Public Radio\n        <\/p>\n<p>      Mentionn\u00e9s dans cet article<\/p>\n<p>      Sur le m\u00eame sujet<\/p>\n","protected":false},"excerpt":{"rendered":"R\u00e9sum\u00e9 \u00c0 14 ans, Elia, la fille de Magalie Va\u00e9, a bien grandi et d\u00e9passe d\u00e9sormais sa m\u00e8re&hellip;\n","protected":false},"author":2,"featured_media":612139,"comment_status":"","ping_status":"","sticky":false,"template":"","format":"standard","meta":{"footnotes":""},"categories":[1359],"tags":[5215,58,59,1011,27,72323,973,5095],"class_list":{"0":"post-612138","1":"post","2":"type-post","3":"status-publish","4":"format-standard","5":"has-post-thumbnail","7":"category-people","8":"tag-adolescence","9":"tag-divertissement","10":"tag-entertainment","11":"tag-fr","12":"tag-france","13":"tag-magalie-vae","14":"tag-people","15":"tag-star-academy"},"share_on_mastodon":{"url":"https:\/\/pubeurope.com\/@fr\/115753117647830917","error":""},"_links":{"self":[{"href":"https:\/\/www.europesays.com\/fr\/wp-json\/wp\/v2\/posts\/612138","targetHints":{"allow":["GET"]}}],"collection":[{"href":"https:\/\/www.europesays.com\/fr\/wp-json\/wp\/v2\/posts"}],"about":[{"href":"https:\/\/www.europesays.com\/fr\/wp-json\/wp\/v2\/types\/post"}],"author":[{"embeddable":true,"href":"https:\/\/www.europesays.com\/fr\/wp-json\/wp\/v2\/users\/2"}],"replies":[{"embeddable":true,"href":"https:\/\/www.europesays.com\/fr\/wp-json\/wp\/v2\/comments?post=612138"}],"version-history":[{"count":0,"href":"https:\/\/www.europesays.com\/fr\/wp-json\/wp\/v2\/posts\/612138\/revisions"}],"wp:featuredmedia":[{"embeddable":true,"href":"https:\/\/www.europesays.com\/fr\/wp-json\/wp\/v2\/media\/612139"}],"wp:attachment":[{"href":"https:\/\/www.europesays.com\/fr\/wp-json\/wp\/v2\/media?parent=612138"}],"wp:term":[{"taxonomy":"category","embeddable":true,"href":"https:\/\/www.europesays.com\/fr\/wp-json\/wp\/v2\/categories?post=612138"},{"taxonomy":"post_tag","embeddable":true,"href":"https:\/\/www.europesays.com\/fr\/wp-json\/wp\/v2\/tags?post=612138"}],"curies":[{"name":"wp","href":"https:\/\/api.w.org\/{rel}","templated":true}]}}