{"id":612142,"date":"2025-12-20T17:41:12","date_gmt":"2025-12-20T17:41:12","guid":{"rendered":"https:\/\/www.europesays.com\/fr\/612142\/"},"modified":"2025-12-20T17:41:12","modified_gmt":"2025-12-20T17:41:12","slug":"qui-sont-les-invites-de-quelle-epoque-ce-samedi-20-decembre-sur-france-2","status":"publish","type":"post","link":"https:\/\/www.europesays.com\/fr\/612142\/","title":{"rendered":"Qui sont les invit\u00e9s de \u00abQuelle \u00e9poque!\u00bb, ce samedi 20 d\u00e9cembre, sur France 2?"},"content":{"rendered":"<p>    L\u00e9a Salam\u00e9, aux manettes de l\u2019\u00e9mission \u00abQuelle \u00e9poque!\u00bb, sur France 2.<br \/>\n                St\u00e9phane GRANGIER &#8211; France T\u00e9l\u00e9visions<\/p>\n<p>\n    Muriel Robin, Louise Bourgoin, Antoine de\u00a0Caunes&#8230; L\u00e9a Salam\u00e9 peaufine le dernier num\u00e9ro de l\u2019ann\u00e9e de son talk-show dans la l\u00e9g\u00e8ret\u00e9.<\/p>\n<p class=\"fig-paragraph\">L\u2019\u00e9mission du samedi 13 d\u00e9cembre fut rude, entre Roselyne Bachelot, jamais \u00e0 court de bons mots, et\u00a0<a href=\"http:\/\/tvmag.lefigaro.fr\/programme-tv\/actu-tele\/on-peut-faire-dire-tout-et-n-importe-quoi-a-quelqu-un-jordan-bardella-denonce-le-montage-malhonnete-de-quelle-epoque-20251218\" target=\"_blank\" data-fig-type=\"Article\" rel=\"noopener\" data-gtm-custom-categorie=\"navigation\" data-gtm-custom-action=\"crossclick\" data-gtm-custom-label=\"Contextuel\" data-gtm-event=\"customEventSPE\" data-fig-domain=\"TVMAG\">Jordan Bardella<\/a>, dont les propos ont forc\u00e9ment fait pol\u00e9mique. Celle de ce soir, la toute derni\u00e8re de l\u2019ann\u00e9e, devrait se d\u00e9rouler sur une tonalit\u00e9 plus l\u00e9g\u00e8re ou plus douce.<\/p>\n<p class=\"fig-paragraph\">Du cin\u00e9ma d\u2019abord, avec\u00a0<a href=\"http:\/\/tvmag.lefigaro.fr\/programme-tv\/actu-tele\/je-coche-pas-mal-de-cases-muriel-robin-ironise-sur-sa-sante-mentale-20251003\" target=\"_blank\" data-fig-type=\"Article\" rel=\"noopener\" data-gtm-custom-categorie=\"navigation\" data-gtm-custom-action=\"crossclick\" data-gtm-custom-label=\"Contextuel\" data-gtm-event=\"customEventSPE\" data-fig-domain=\"TVMAG\"><strong>Muriel Robin<\/strong><\/a> \u00a0et sa partenaire de jeu\u00a0<a href=\"https:\/\/tvmag.lefigaro.fr\/programme-tv\/louise-bourgoin-avec-hippocrate-on-etait-au-coeur-du-reacteur_1af6a854-957e-11eb-a974-02b58c7354d6\" target=\"_blank\" data-fig-type=\"Article\" rel=\"noopener\" data-gtm-custom-categorie=\"navigation\" data-gtm-custom-action=\"crossclick\" data-gtm-custom-label=\"Contextuel\" data-gtm-event=\"customEventSPE\" data-fig-domain=\"TVMAG\"><strong>Louise Bourgoin<\/strong><\/a>, venues d\u00e9fendre La Pire m\u00e8re au monde, de Pierre Mazingarbe, une com\u00e9die douce-am\u00e8re sur la filiation attendue en salles ce mercredi 24 d\u00e9cembre. Les com\u00e9diennes y campent Judith, greffi\u00e8re, et Louise, substitut du procureur, contraintes de travailler ensemble alors qu\u2019elles ne se sont plus parl\u00e9 depuis 15 ans.<\/p>\n<p class=\"fig-body-link\">\n            \u00c0 lire aussi<br \/>\n        <a class=\"fig-body-link__link\" href=\"http:\/\/tvmag.lefigaro.fr\/programme-tv\/actu-tele\/on-peut-faire-dire-tout-et-n-importe-quoi-a-quelqu-un-jordan-bardella-denonce-le-montage-malhonnete-de-quelle-epoque-20251218\" data-fig-type=\"Article\" data-gtm-custom-categorie=\"navigation\" data-gtm-custom-action=\"crossclick\" data-gtm-custom-label=\"Contextuel\" data-gtm-event=\"customEventSPE\" data-fig-domain=\"TVMAG\" target=\"_blank\" rel=\"noopener\"><\/p>\n<p>        \u00abOn peut faire dire tout et n\u2019importe quoi \u00e0 quelqu\u2019un\u00bb\u00a0: Jordan Bardella d\u00e9nonce le montage \u00abmalhonn\u00eate\u00bb de \u00abQuelle \u00e9poque\u00a0!\u00bb<br \/>\n    <\/a>\n<\/p>\n<p>                                                                <a class=\"fig-a11y-skip\" href=\"#fig-a11y-skip-main-inarticle\" data-module=\"a11y-skip\" data-context=\"was @visible\"><br \/>\n    Passer la publicit\u00e9<br \/>\n<\/a>            <\/p>\n<p class=\"fig-paragraph\">Du sport ensuite, avec <strong>Samuel Hartman<\/strong>, 26 ans, champion du monde de bodybuilding cat\u00e9gorie poids lourds, dont la trajectoire singuli\u00e8re a largement contribu\u00e9 de la renomm\u00e9e internationale.<\/p>\n<p class=\"fig-paragraph\">De la musique aussi. Autour d\u2019<a href=\"http:\/\/tvmag.lefigaro.fr\/programme-tv\/actu-tele\/je-deteste-cette-emission-antoine-de-caunes-dezingue-rendez-vous-en-terre-inconnue-20251210\" target=\"_blank\" data-fig-type=\"Article\" rel=\"noopener\" data-gtm-custom-categorie=\"navigation\" data-gtm-custom-action=\"crossclick\" data-gtm-custom-label=\"Contextuel\" data-gtm-event=\"customEventSPE\" data-fig-domain=\"TVMAG\"><strong>Antoine de Caunes<\/strong><\/a> \u00a0et de la s\u00e9rie documentaire \u00abLa vie r\u00eav\u00e9e d\u2019un enfant du rock\u00bb, r\u00e9cemment diffus\u00e9e sur Canal+ et d\u00e9sormais disponible en VOD. Et de\u00a0<a href=\"http:\/\/tvmag.lefigaro.fr\/programme-tv\/people\/ca-s-est-tres-mal-termine-les-confidences-de-philippe-manoeuvre-sur-sa-rencontre-avec-madonna-20251205\" target=\"_blank\" data-fig-type=\"Article\" rel=\"noopener\" data-gtm-custom-categorie=\"navigation\" data-gtm-custom-action=\"crossclick\" data-gtm-custom-label=\"Contextuel\" data-gtm-event=\"customEventSPE\" data-fig-domain=\"TVMAG\"><strong>Philippe Man\u0153uvre<\/strong><\/a>, venu d\u00e9fendre son tout premier seul-en-sc\u00e8ne, \u00abUn enfant du rock se raconte\u00bb, \u00e0 l\u2019affiche au th\u00e9\u00e2tre de l\u2019\u0153uvre, \u00e0 Paris, depuis le 8 d\u00e9cembre.<\/p>\n<p class=\"fig-body-link\">\n            \u00c0 lire aussi<br \/>\n        <a class=\"fig-body-link__link\" href=\"http:\/\/tvmag.lefigaro.fr\/programme-tv\/actu-tele\/le-cirage-de-pompes-roselyne-bachelot-chambre-jordan-bardella-dans-quelle-epoque-sur-france-2-20251215\" data-fig-type=\"Article\" data-gtm-custom-categorie=\"navigation\" data-gtm-custom-action=\"crossclick\" data-gtm-custom-label=\"Contextuel\" data-gtm-event=\"customEventSPE\" data-fig-domain=\"TVMAG\" target=\"_blank\" rel=\"noopener\"><\/p>\n<p>        \u00abLe cirage de pompes&#8230;\u00bb\u00a0: Roselyne Bachelot chambre Jordan Bardella dans \u00abQuelle \u00e9poque\u00a0!\u00bb sur France 2<br \/>\n    <\/a>\n<\/p>\n<p class=\"fig-paragraph\">La jeune\u00a0<a href=\"http:\/\/tvmag.lefigaro.fr\/programme-tv\/actu-tele\/lou-deleuze-vue-dans-la-france-a-un-incroyable-talent-representera-la-france-a-l-eurovision-junior-2025-20250930\" target=\"_blank\" data-fig-type=\"Article\" rel=\"noopener\" data-gtm-custom-categorie=\"navigation\" data-gtm-custom-action=\"crossclick\" data-gtm-custom-label=\"Contextuel\" data-gtm-event=\"customEventSPE\" data-fig-domain=\"TVMAG\"><strong>Lou Deleuze<\/strong><\/a>, onze ans, qui vient de remporter l\u2019<a href=\"http:\/\/tvmag.lefigaro.fr\/programme-tv\/actu-tele\/eurovision-junior-la-france-renonce-a-organiser-l-edition-2026-20251219\" target=\"_blank\" data-fig-type=\"Article\" rel=\"noopener\" data-gtm-custom-categorie=\"navigation\" data-gtm-custom-action=\"crossclick\" data-gtm-custom-label=\"Contextuel\" data-gtm-event=\"customEventSPE\" data-fig-domain=\"TVMAG\">\u00abEurovision Junior\u00bb<\/a>\u00a02025 au terme d\u2019une grande soir\u00e9e tenue au Palais de la gymnastique de Tbilissi, en G\u00e9orgie, viendra raconter sa grande aventure. L\u2019enfant prodige avait \u00e9t\u00e9 d\u00e9couverte quelque temps plus t\u00f4t sur M6 dans \u00abLa France \u00e0 un incroyable talent\u00bb avec le titre Ce monde, compos\u00e9e par Linh.<\/p>\n<p class=\"fig-paragraph\">Enfin,\u00a0<a href=\"http:\/\/tvmag.lefigaro.fr\/programme-tv\/people\/je-l-appelais-tous-les-jours-laurent-luyat-evoque-avec-emotion-sa-mere-disparue-l-annee-derniere-20251213\" target=\"_blank\" data-fig-type=\"Article\" rel=\"noopener\" data-gtm-custom-categorie=\"navigation\" data-gtm-custom-action=\"crossclick\" data-gtm-custom-label=\"Contextuel\" data-gtm-event=\"customEventSPE\" data-fig-domain=\"TVMAG\"><strong>Laurent Luyat<\/strong><\/a> \u00a0en dira un peu plus sur \u00abL\u2019Anneau &#8211; Qui en sortira vainqueur?\u00bb, le jeu d\u2019aventures in\u00e9dit qu\u2019il animera en haute montagne \u00e0 partir du 30 d\u00e9cembre sur France 2. Treize candidats affronteront l\u2019Anneau, ma\u00eetre de jeu implacable, \u00e0 quelque 2500 m\u00e8tres d\u2019altitude, dans le froid du massif du Mercantour. \u00c0 la cl\u00e9, 100 000 euros.<\/p>\n","protected":false},"excerpt":{"rendered":"L\u00e9a Salam\u00e9, aux manettes de l\u2019\u00e9mission \u00abQuelle \u00e9poque!\u00bb, sur France 2. St\u00e9phane GRANGIER &#8211; France T\u00e9l\u00e9visions Muriel Robin,&hellip;\n","protected":false},"author":2,"featured_media":612143,"comment_status":"","ping_status":"","sticky":false,"template":"","format":"standard","meta":{"footnotes":""},"categories":[1356],"tags":[58,59,1011,27,594,3806,252,1364],"class_list":{"0":"post-612142","1":"post","2":"type-post","3":"status-publish","4":"format-standard","5":"has-post-thumbnail","7":"category-television","8":"tag-divertissement","9":"tag-entertainment","10":"tag-fr","11":"tag-france","12":"tag-france-2","13":"tag-lea-salame","14":"tag-television","15":"tag-tv"},"share_on_mastodon":{"url":"https:\/\/pubeurope.com\/@fr\/115753129388244182","error":""},"_links":{"self":[{"href":"https:\/\/www.europesays.com\/fr\/wp-json\/wp\/v2\/posts\/612142","targetHints":{"allow":["GET"]}}],"collection":[{"href":"https:\/\/www.europesays.com\/fr\/wp-json\/wp\/v2\/posts"}],"about":[{"href":"https:\/\/www.europesays.com\/fr\/wp-json\/wp\/v2\/types\/post"}],"author":[{"embeddable":true,"href":"https:\/\/www.europesays.com\/fr\/wp-json\/wp\/v2\/users\/2"}],"replies":[{"embeddable":true,"href":"https:\/\/www.europesays.com\/fr\/wp-json\/wp\/v2\/comments?post=612142"}],"version-history":[{"count":0,"href":"https:\/\/www.europesays.com\/fr\/wp-json\/wp\/v2\/posts\/612142\/revisions"}],"wp:featuredmedia":[{"embeddable":true,"href":"https:\/\/www.europesays.com\/fr\/wp-json\/wp\/v2\/media\/612143"}],"wp:attachment":[{"href":"https:\/\/www.europesays.com\/fr\/wp-json\/wp\/v2\/media?parent=612142"}],"wp:term":[{"taxonomy":"category","embeddable":true,"href":"https:\/\/www.europesays.com\/fr\/wp-json\/wp\/v2\/categories?post=612142"},{"taxonomy":"post_tag","embeddable":true,"href":"https:\/\/www.europesays.com\/fr\/wp-json\/wp\/v2\/tags?post=612142"}],"curies":[{"name":"wp","href":"https:\/\/api.w.org\/{rel}","templated":true}]}}