{"id":612146,"date":"2025-12-20T17:43:12","date_gmt":"2025-12-20T17:43:12","guid":{"rendered":"https:\/\/www.europesays.com\/fr\/612146\/"},"modified":"2025-12-20T17:43:12","modified_gmt":"2025-12-20T17:43:12","slug":"avatar-3-explique-par-son-realisateur-james-cameron-cest-une-metaphore-de-ce-qui-nous-arrive-actuellement","status":"publish","type":"post","link":"https:\/\/www.europesays.com\/fr\/612146\/","title":{"rendered":"\u00ab\u00a0Avatar 3\u00a0\u00bb expliqu\u00e9 par son r\u00e9alisateur James Cameron\u00a0: \u00ab\u00a0C\u2019est une m\u00e9taphore de ce qui nous arrive actuellement\u00a0\u00bb"},"content":{"rendered":"<p class=\"paragraph text_align_left lp-f-body-02\">\u00ab Nous sommes bien \u00e0 New York ? \u00bb demande <a href=\"https:\/\/www.leparisien.fr\/culture-loisirs\/cinema\/d-avatar-a-titanic-quand-limagination-de-james-cameron-passe-par-le-dessin-06-04-2024-FTEYVERQMVBXJBWZV6KOOYOKGU.php\" target=\"_blank\" rel=\"noreferrer noopener\">James Cameron<\/a> en souriant \u00e0 son assistante. Il sort d\u2019un marathon de promotion autour du monde du troisi\u00e8me volet de sa saga \u00ab Avatar \u00bb, et, depuis la c\u00f4te Est des \u00c9tats-Unis, nous avoue \u00eatre \u00ab jet-lagu\u00e9 \u00bb. On le joint par Zoom en fin de journ\u00e9e vendredi, jour de la sortie am\u00e9ricaine du film qui a r\u00e9alis\u00e9, mercredi un d\u00e9marrage record en France <a href=\"https:\/\/www.leparisien.fr\/culture-loisirs\/cinema\/avatar-3-meilleur-demarrage-de-lannee-avec-plus-de-270-ooo-entrees-pour-son-premier-jour-18-12-2025-VF3J6QOEMZA6RAQ56O5NF4H2KU.php\" target=\"_blank\" rel=\"noreferrer noopener\">avec 273 370 entr\u00e9es<\/a>.<\/p>\n<p class=\"\"><b>Votre nouvel \u00ab Avatar \u00bb a r\u00e9alis\u00e9, mercredi, le meilleur d\u00e9marrage de l\u2019ann\u00e9e en France\u2026 Vous \u00eates heureux ?<\/b><\/p>\n","protected":false},"excerpt":{"rendered":"\u00ab Nous sommes bien \u00e0 New York ? \u00bb demande James Cameron en souriant \u00e0 son assistante. Il&hellip;\n","protected":false},"author":2,"featured_media":612147,"comment_status":"","ping_status":"","sticky":false,"template":"","format":"standard","meta":{"footnotes":""},"categories":[1354],"tags":[650,872,58,59,1346,1011,27,1360],"class_list":{"0":"post-612146","1":"post","2":"type-post","3":"status-publish","4":"format-standard","5":"has-post-thumbnail","7":"category-films","8":"tag-cinema","9":"tag-culture-et-loisirs","10":"tag-divertissement","11":"tag-entertainment","12":"tag-films","13":"tag-fr","14":"tag-france","15":"tag-movies"},"share_on_mastodon":{"url":"https:\/\/pubeurope.com\/@fr\/115753137218189879","error":""},"_links":{"self":[{"href":"https:\/\/www.europesays.com\/fr\/wp-json\/wp\/v2\/posts\/612146","targetHints":{"allow":["GET"]}}],"collection":[{"href":"https:\/\/www.europesays.com\/fr\/wp-json\/wp\/v2\/posts"}],"about":[{"href":"https:\/\/www.europesays.com\/fr\/wp-json\/wp\/v2\/types\/post"}],"author":[{"embeddable":true,"href":"https:\/\/www.europesays.com\/fr\/wp-json\/wp\/v2\/users\/2"}],"replies":[{"embeddable":true,"href":"https:\/\/www.europesays.com\/fr\/wp-json\/wp\/v2\/comments?post=612146"}],"version-history":[{"count":0,"href":"https:\/\/www.europesays.com\/fr\/wp-json\/wp\/v2\/posts\/612146\/revisions"}],"wp:featuredmedia":[{"embeddable":true,"href":"https:\/\/www.europesays.com\/fr\/wp-json\/wp\/v2\/media\/612147"}],"wp:attachment":[{"href":"https:\/\/www.europesays.com\/fr\/wp-json\/wp\/v2\/media?parent=612146"}],"wp:term":[{"taxonomy":"category","embeddable":true,"href":"https:\/\/www.europesays.com\/fr\/wp-json\/wp\/v2\/categories?post=612146"},{"taxonomy":"post_tag","embeddable":true,"href":"https:\/\/www.europesays.com\/fr\/wp-json\/wp\/v2\/tags?post=612146"}],"curies":[{"name":"wp","href":"https:\/\/api.w.org\/{rel}","templated":true}]}}