{"id":612158,"date":"2025-12-20T17:49:14","date_gmt":"2025-12-20T17:49:14","guid":{"rendered":"https:\/\/www.europesays.com\/fr\/612158\/"},"modified":"2025-12-20T17:49:14","modified_gmt":"2025-12-20T17:49:14","slug":"imran-khan-lancien-premier-ministre-condamne-a-17-ans-de-prison","status":"publish","type":"post","link":"https:\/\/www.europesays.com\/fr\/612158\/","title":{"rendered":"Imran Khan, l&rsquo;ancien premier ministre, condamn\u00e9 \u00e0 17 ans de prison"},"content":{"rendered":"<p>\n    En cause, des bijoux de luxe offerts par le prince h\u00e9ritier saoudien Mohammed ben Salmane \u00e0 Imran Khan et son \u00e9pouse en mai 2021.<\/p>\n<p class=\"fig-paragraph\">L&rsquo;ancien premier ministre pakistanais\u00a0<a href=\"https:\/\/www.lefigaro.fr\/international\/au-pakistan-le-vote-imran-khan-malgre-tout-20240205\" data-fig-type=\"Article\" data-gtm-custom-categorie=\"navigation\" data-gtm-custom-action=\"crossclick\" data-gtm-custom-label=\"Contextuel\" data-gtm-event=\"customEventSPE\" data-fig-domain=\"LEFIGARO\" target=\"_blank\" rel=\"noopener\">Imran Khan<\/a>\u00a0et son \u00e9pouse Bushra Bibi ont \u00e9t\u00e9 condamn\u00e9s samedi par un tribunal \u00e0 17 ans de prison pour abus de confiance et corruption, en lien avec des cadeaux que le dirigeant incarc\u00e9r\u00e9 avait re\u00e7us lorsqu&rsquo;il \u00e9tait en fonction. Les \u00e9poux ont tous deux \u00e9t\u00e9 condamn\u00e9s \u00e0 10 ans de prison pour abus de confiance et \u00e0 sept ans pour des faits de corruption. Imran Khan fait face \u00e0 une multitude d&rsquo;affaires judiciaires depuis la destitution de son gouvernement en 2022. Emprisonn\u00e9 depuis 2023, il nie toute faute et d\u00e9nonce des poursuites motiv\u00e9es politiquement.<\/p>\n<p class=\"fig-paragraph\">Selon la loi pakistanaise, les responsables gouvernementaux doivent d\u00e9clarer tous les cadeaux qu&rsquo;ils re\u00e7oivent, mais sont autoris\u00e9s \u00e0 conserver ceux en dessous d&rsquo;une certaine valeur ou \u00e0 les racheter \u00e0 prix r\u00e9duit. L&rsquo;affaire pour laquelle l&rsquo;ex-chef du gouvernement a \u00e9t\u00e9 condamn\u00e9 concerne un ensemble de bijoux de la marque italienne de luxe Bulgari, offert par le prince h\u00e9ritier saoudien Mohammed ben Salmane \u00e0 Imran Khan et son \u00e9pouse en mai 2021 et dont le dirigeant pakistanais aurait sous-\u00e9valu\u00e9 la valeur. Ce dernier proc\u00e8s est distinct d&rsquo;une proc\u00e9dure ant\u00e9rieure, li\u00e9e \u00e0 des montres de luxe \u00e9galement offertes par le prince saoudien, dans laquelle Imran Khan a \u00e9t\u00e9 condamn\u00e9 \u00e0 14 ans de prison et son \u00e9pouse \u00e0 sept ans.<\/p>\n<p>                                            <a class=\"fig-a11y-skip\" href=\"#fig-a11y-skip-main-inarticle\" data-module=\"a11y-skip\" data-context=\"was @visible\"><br \/>\n    Passer la publicit\u00e9<br \/>\n<\/a>            <\/p>\n<p>                                            \u00abTribunal fantoche\u00bb<\/p>\n<p class=\"fig-paragraph\">Dans une publication sur le r\u00e9seau social X, le parti de l&rsquo;ancien premier ministre, Pakistan Tehreek-e-Insaf, a affirm\u00e9 que cette condamnation par un \u00abtribunal fantoche\u00bb ne visait qu&rsquo;\u00e0 prolonger \u00abl&rsquo;incarc\u00e9ration ill\u00e9gale et injuste d&rsquo;Imran Khan\u00bb. Le porte-parole du parti, Syed Zulfikhar Bukhari, a d\u00e9clar\u00e9 que le jugement ignorait \u00ables principes fondamentaux de la justice\u00bb.<\/p>\n<p class=\"fig-paragraph\">La famille d&rsquo;Imran Khan a de son c\u00f4t\u00e9 intensifi\u00e9 ses efforts pour attirer l&rsquo;attention sur les conditions de d\u00e9tention de l&rsquo;ex-dirigeant. Dans une r\u00e9cente interview \u00e0 la cha\u00eene britannique Sky News, son fils, Kasim Khan, a affirm\u00e9 que son p\u00e8re \u00e9tait \u00ab\u00e0 l&rsquo;isolement total\u00bb et m\u00eame pas autoris\u00e9 \u00e0 communiquer avec les gardiens. \u00abCe sont toutes sortes de tactiques de torture psychologique. (Il n&rsquo;a) aucun contact avec la famille, aucun contact avec son m\u00e9decin personnel ni rien de tel. Ils utilisent ces tactiques pour essayer de l&rsquo;isoler compl\u00e8tement\u00bb, a-t-il dit. Le gouvernement pakistanais a, \u00e0 plusieurs reprises, rejet\u00e9 de telles all\u00e9gations.<\/p>\n","protected":false},"excerpt":{"rendered":"En cause, des bijoux de luxe offerts par le prince h\u00e9ritier saoudien Mohammed ben Salmane \u00e0 Imran Khan&hellip;\n","protected":false},"author":2,"featured_media":612159,"comment_status":"","ping_status":"","sticky":false,"template":"","format":"standard","meta":{"footnotes":""},"categories":[5],"tags":[11,1011,27,70884,14,12,14488,28],"class_list":{"0":"post-612158","1":"post","2":"type-post","3":"status-publish","4":"format-standard","5":"has-post-thumbnail","7":"category-international","8":"tag-actualites","9":"tag-fr","10":"tag-france","11":"tag-imran-khan","12":"tag-international","13":"tag-news","14":"tag-pakistan","15":"tag-world"},"share_on_mastodon":{"url":"https:\/\/pubeurope.com\/@fr\/115753160961210172","error":""},"_links":{"self":[{"href":"https:\/\/www.europesays.com\/fr\/wp-json\/wp\/v2\/posts\/612158","targetHints":{"allow":["GET"]}}],"collection":[{"href":"https:\/\/www.europesays.com\/fr\/wp-json\/wp\/v2\/posts"}],"about":[{"href":"https:\/\/www.europesays.com\/fr\/wp-json\/wp\/v2\/types\/post"}],"author":[{"embeddable":true,"href":"https:\/\/www.europesays.com\/fr\/wp-json\/wp\/v2\/users\/2"}],"replies":[{"embeddable":true,"href":"https:\/\/www.europesays.com\/fr\/wp-json\/wp\/v2\/comments?post=612158"}],"version-history":[{"count":0,"href":"https:\/\/www.europesays.com\/fr\/wp-json\/wp\/v2\/posts\/612158\/revisions"}],"wp:featuredmedia":[{"embeddable":true,"href":"https:\/\/www.europesays.com\/fr\/wp-json\/wp\/v2\/media\/612159"}],"wp:attachment":[{"href":"https:\/\/www.europesays.com\/fr\/wp-json\/wp\/v2\/media?parent=612158"}],"wp:term":[{"taxonomy":"category","embeddable":true,"href":"https:\/\/www.europesays.com\/fr\/wp-json\/wp\/v2\/categories?post=612158"},{"taxonomy":"post_tag","embeddable":true,"href":"https:\/\/www.europesays.com\/fr\/wp-json\/wp\/v2\/tags?post=612158"}],"curies":[{"name":"wp","href":"https:\/\/api.w.org\/{rel}","templated":true}]}}