{"id":612168,"date":"2025-12-20T17:55:19","date_gmt":"2025-12-20T17:55:19","guid":{"rendered":"https:\/\/www.europesays.com\/fr\/612168\/"},"modified":"2025-12-20T17:55:19","modified_gmt":"2025-12-20T17:55:19","slug":"en-direct-coupe-de-france-de-football-ca-ronronne-entre-le-gf38-et-nancy-suivez-le-32e-de-finale","status":"publish","type":"post","link":"https:\/\/www.europesays.com\/fr\/612168\/","title":{"rendered":"En direct Coupe de France de football. \u00c7a ronronne entre le GF38 et Nancy&#8230; suivez le 32e de finale"},"content":{"rendered":"<p>&#13;<br \/>\n                                                    En direct&#13;<br \/>\n                        &#13;\n                                            <\/p>\n<p>L&rsquo;ann\u00e9e 2025 en Ligue 2 est termin\u00e9e\u00a0; mais l&rsquo;ann\u00e9e 2025 n&rsquo;est pas termin\u00e9e pour tous les clubs de Ligue 2. Notamment le Grenoble Foot 38 et l&rsquo;AS Nancy-Lorraine, adversaires ce samedi en 32es de finale de Coupe de France. Entre deux clubs pas tr\u00e8s bien class\u00e9s en championnat (Grenoble 11e et Nancy 15e), la coupe est une occasion de briller&#8230; voire d&rsquo;affronter un rival de Ligue 1 au tour suivant. Ce sera l&rsquo;ambition des Is\u00e9rois et des Lorrains, \u00e0 partir de 18 heures. Suivez ce match en direct comment\u00e9 \u00e0 partir de 17h30.<\/p>\n<p>&#13;<br \/>\n              F.Co. &#8211; &#13;<br \/>\n        &#13;<br \/>\n          Aujourd&rsquo;hui \u00e0 18:32&#13;<br \/>\n    &#13;<br \/>\n                  | mis \u00e0 jour aujourd&rsquo;hui \u00e0 18:53&#13;<br \/>\n              &#8211; Temps de lecture : &#13;<br \/>\n  &#13;<\/p>\n","protected":false},"excerpt":{"rendered":"&#13; En direct&#13; &#13; L&rsquo;ann\u00e9e 2025 en Ligue 2 est termin\u00e9e\u00a0; mais l&rsquo;ann\u00e9e 2025 n&rsquo;est pas termin\u00e9e pour&hellip;\n","protected":false},"author":2,"featured_media":612169,"comment_status":"","ping_status":"","sticky":false,"template":"","format":"standard","meta":{"footnotes":""},"categories":[9635],"tags":[1111,11,15922,3545,112,1777,674,107,1701,63,1011,27,12637,775,2731,2732,108,1702,12,25,517,1947],"class_list":{"0":"post-612168","1":"post","2":"type-post","3":"status-publish","4":"format-standard","5":"has-post-thumbnail","7":"category-nancy","8":"tag-actu","9":"tag-actualites","10":"tag-coupe-de-france-de-football","11":"tag-direct-sport","12":"tag-edition-grenoble-agglomeration","13":"tag-eu","14":"tag-europe","15":"tag-fil-info","16":"tag-fil-info-sport","17":"tag-football","18":"tag-fr","19":"tag-france","20":"tag-gf38-grenoble-foot-38","21":"tag-grand-est","22":"tag-grenoble","23":"tag-grenoble-bassin","24":"tag-isere","25":"tag-nancy","26":"tag-news","27":"tag-republique-francaise","28":"tag-sport","29":"tag-sport-national"},"share_on_mastodon":{"url":"https:\/\/pubeurope.com\/@fr\/115753184303124993","error":""},"_links":{"self":[{"href":"https:\/\/www.europesays.com\/fr\/wp-json\/wp\/v2\/posts\/612168","targetHints":{"allow":["GET"]}}],"collection":[{"href":"https:\/\/www.europesays.com\/fr\/wp-json\/wp\/v2\/posts"}],"about":[{"href":"https:\/\/www.europesays.com\/fr\/wp-json\/wp\/v2\/types\/post"}],"author":[{"embeddable":true,"href":"https:\/\/www.europesays.com\/fr\/wp-json\/wp\/v2\/users\/2"}],"replies":[{"embeddable":true,"href":"https:\/\/www.europesays.com\/fr\/wp-json\/wp\/v2\/comments?post=612168"}],"version-history":[{"count":0,"href":"https:\/\/www.europesays.com\/fr\/wp-json\/wp\/v2\/posts\/612168\/revisions"}],"wp:featuredmedia":[{"embeddable":true,"href":"https:\/\/www.europesays.com\/fr\/wp-json\/wp\/v2\/media\/612169"}],"wp:attachment":[{"href":"https:\/\/www.europesays.com\/fr\/wp-json\/wp\/v2\/media?parent=612168"}],"wp:term":[{"taxonomy":"category","embeddable":true,"href":"https:\/\/www.europesays.com\/fr\/wp-json\/wp\/v2\/categories?post=612168"},{"taxonomy":"post_tag","embeddable":true,"href":"https:\/\/www.europesays.com\/fr\/wp-json\/wp\/v2\/tags?post=612168"}],"curies":[{"name":"wp","href":"https:\/\/api.w.org\/{rel}","templated":true}]}}