{"id":612170,"date":"2025-12-20T17:57:15","date_gmt":"2025-12-20T17:57:15","guid":{"rendered":"https:\/\/www.europesays.com\/fr\/612170\/"},"modified":"2025-12-20T17:57:15","modified_gmt":"2025-12-20T17:57:15","slug":"bordeaux-begles-sort-lartillerie-lourde-pour-accueillir-toulon","status":"publish","type":"post","link":"https:\/\/www.europesays.com\/fr\/612170\/","title":{"rendered":"Bordeaux-B\u00e8gles sort l\u2019artillerie lourde pour accueillir Toulon"},"content":{"rendered":"<p>\n    L\u2019UBB recevra dimanche (21h00) le Rugby Club Toulonnais en alignant pour la premi\u00e8re fois de la saison la \u00abpatrouille de France\u00bb<\/p>\n<p class=\"fig-paragraph\">Bordeaux-B\u00e8gles (6e) va aligner pour la premi\u00e8re fois de la saison en Top 14 sa \u00abpatrouille de France\u00bb au complet dimanche soir face \u00e0 Toulon (3e) en cl\u00f4ture de la 12e journ\u00e9e.<\/p>\n<p class=\"fig-paragraph\">\u00abCela fait deux trois semaines qu&rsquo;on a un effectif qui est plut\u00f4t complet et qu&rsquo;on n&rsquo;avait pas en d\u00e9but de saison. On a eu des blessures assez longues, pour beaucoup, moi le premier\u00bb, a indiqu\u00e9 samedi le demi de m\u00eal\u00e9e et capitaine Maxime Lucu, absent des terrains pendant deux mois en raison d&rsquo;une rupture d&rsquo;un tendon d&rsquo;un pouce.<\/p>\n<p>                                            <a class=\"fig-a11y-skip\" href=\"#fig-a11y-skip-main-inarticle\" data-module=\"a11y-skip\" data-context=\"was @visible\"><br \/>\n    Passer la publicit\u00e9<br \/>\n<\/a>            <\/p>\n<p class=\"fig-paragraph\">\u00abD&rsquo;avoir une semaine compl\u00e8te, avec tout le monde, s&rsquo;entra\u00eener, avoir les salles de r\u00e9union pleines, \u00e7a permet d&rsquo;avoir un enthousiasme diff\u00e9rent et de travailler positivement. Vous savez tr\u00e8s bien que ce sont les week-ends et les victoires qui comptent mais dans la semaine, on a pris du plaisir \u00e0 retravailler ensemble et c&rsquo;est assez rare ces derni\u00e8res semaines\u00bb, a-t-il ajout\u00e9.<\/p>\n<p>                                            Les trois-quarts internationaux align\u00e9s<\/p>\n<p class=\"fig-paragraph\">Les sept trois-quarts internationaux de l&rsquo;UBB ont d\u00e9j\u00e0 \u00e9t\u00e9 align\u00e9s ensemble il y a deux semaines en Champions Cup lors de la victoire bonifi\u00e9e aux Bulls (46-33) avec notamment des essais de Louis Bielle-Biarrey (doubl\u00e9), Damian Penaud et Matthieu Jalibert. La semaine suivante, Lucu et le centre Nicolas Depoortere avaient b\u00e9n\u00e9fici\u00e9 d&rsquo;une semaine de vacances post-Tourn\u00e9e d&rsquo;automne alors que l&rsquo;arri\u00e8re Romain Buros \u00e9tait hors du groupe face aux Scarlets (50-21).<\/p>\n<p class=\"fig-paragraph\">Au niveau des avants, le manager Yannick Bru a d\u00e9cid\u00e9 de pr\u00e9server son pilier droit tongien Ben Tameifuna (ischios). Il r\u00e9cup\u00e8re ses \u2019\u2019vacanciers\u2019 tricolores Maxime Lamothe et Cameron Woki, absents face aux Scarlets, ainsi que son deuxi\u00e8me ou troisi\u00e8me ligne Pierre Bochaton, remis de ses douleurs aux cervicales.<\/p>\n<p class=\"fig-paragraph\">Principale recrue de l&rsquo;\u00e9t\u00e9, le N.8 sud-africain Jean-Luc Du Preez qui n&rsquo;a pas encore jou\u00e9 de la saison en raison d&rsquo;une blessure au genou contract\u00e9e avec les Springboks lors du Rugby Championship, a de fortes chances de d\u00e9couvrir le Top 14 le week-end prochain \u00e0 Clermont.<\/p>\n","protected":false},"excerpt":{"rendered":"L\u2019UBB recevra dimanche (21h00) le Rugby Club Toulonnais en alignant pour la premi\u00e8re fois de la saison la&hellip;\n","protected":false},"author":2,"featured_media":612171,"comment_status":"","ping_status":"","sticky":false,"template":"","format":"standard","meta":{"footnotes":""},"categories":[9619],"tags":[1111,11,1777,674,1011,27,2217,12,882,8177,25,2310],"class_list":{"0":"post-612170","1":"post","2":"type-post","3":"status-publish","4":"format-standard","5":"has-post-thumbnail","7":"category-toulon","8":"tag-actu","9":"tag-actualites","10":"tag-eu","11":"tag-europe","12":"tag-fr","13":"tag-france","14":"tag-la-rochelle","15":"tag-news","16":"tag-provence-alpes-cote-dazur","17":"tag-rc-toulon","18":"tag-republique-francaise","19":"tag-toulon"},"share_on_mastodon":{"url":"https:\/\/pubeurope.com\/@fr\/115753192267333177","error":""},"_links":{"self":[{"href":"https:\/\/www.europesays.com\/fr\/wp-json\/wp\/v2\/posts\/612170","targetHints":{"allow":["GET"]}}],"collection":[{"href":"https:\/\/www.europesays.com\/fr\/wp-json\/wp\/v2\/posts"}],"about":[{"href":"https:\/\/www.europesays.com\/fr\/wp-json\/wp\/v2\/types\/post"}],"author":[{"embeddable":true,"href":"https:\/\/www.europesays.com\/fr\/wp-json\/wp\/v2\/users\/2"}],"replies":[{"embeddable":true,"href":"https:\/\/www.europesays.com\/fr\/wp-json\/wp\/v2\/comments?post=612170"}],"version-history":[{"count":0,"href":"https:\/\/www.europesays.com\/fr\/wp-json\/wp\/v2\/posts\/612170\/revisions"}],"wp:featuredmedia":[{"embeddable":true,"href":"https:\/\/www.europesays.com\/fr\/wp-json\/wp\/v2\/media\/612171"}],"wp:attachment":[{"href":"https:\/\/www.europesays.com\/fr\/wp-json\/wp\/v2\/media?parent=612170"}],"wp:term":[{"taxonomy":"category","embeddable":true,"href":"https:\/\/www.europesays.com\/fr\/wp-json\/wp\/v2\/categories?post=612170"},{"taxonomy":"post_tag","embeddable":true,"href":"https:\/\/www.europesays.com\/fr\/wp-json\/wp\/v2\/tags?post=612170"}],"curies":[{"name":"wp","href":"https:\/\/api.w.org\/{rel}","templated":true}]}}