{"id":612172,"date":"2025-12-20T17:58:15","date_gmt":"2025-12-20T17:58:15","guid":{"rendered":"https:\/\/www.europesays.com\/fr\/612172\/"},"modified":"2025-12-20T17:58:15","modified_gmt":"2025-12-20T17:58:15","slug":"castelnau-le-lez-la-maison-brique-ou-lart-tres-serieux-de-rester-un-grand-enfant","status":"publish","type":"post","link":"https:\/\/www.europesays.com\/fr\/612172\/","title":{"rendered":"Castelnau-le-Lez : la Maison Brique, ou l&rsquo;art tr\u00e8s s\u00e9rieux de rester un grand enfant"},"content":{"rendered":"<p>Concevoir une ville, un diorama ou un univers coh\u00e9rent mobilise des comp\u00e9tences bien r\u00e9elles : organisation, anticipation, narration, sens des volumes. Thomas y voit une continuit\u00e9 \u00e9vidente avec son parcours professionnel : \u201cQuand on construit ensemble, on pense aux circulations, aux \u00e9quilibres, aux usages. On fait de l\u2019architecture sans le dire.\u201d Le cadre est ludique, mais l\u2019exigence intellectuelle est bien l\u00e0, d\u00e9barrass\u00e9e de la pression du r\u00e9sultat. Cette approche se nourrit d\u2019un choix fort : le m\u00e9lange des \u00e2ges. \u00c0 la Maison Brique, enfants, adolescents et adultes partagent les m\u00eames tables. Les r\u00f4les ne sont jamais fig\u00e9s. \u201cUn enfant peut avoir une id\u00e9e plus juste qu\u2019un adulte, un ado peut prendre naturellement la t\u00eate d\u2019un projet collectif\u201d, observe Thomas. Cette horizontalit\u00e9 cr\u00e9e, d\u2019apr\u00e8s le couple, une dynamique rare, o\u00f9 l\u2019autorit\u00e9 ne vient ni de l\u2019\u00e2ge ni du statut, mais \u201cde la pertinence des propositions\u201d.<\/p>\n","protected":false},"excerpt":{"rendered":"Concevoir une ville, un diorama ou un univers coh\u00e9rent mobilise des comp\u00e9tences bien r\u00e9elles : organisation, anticipation, narration,&hellip;\n","protected":false},"author":2,"featured_media":612173,"comment_status":"","ping_status":"","sticky":false,"template":"","format":"standard","meta":{"footnotes":""},"categories":[9599],"tags":[1111,11,1777,674,1011,27,2208,12,2680,25],"class_list":{"0":"post-612172","1":"post","2":"type-post","3":"status-publish","4":"format-standard","5":"has-post-thumbnail","7":"category-montpellier","8":"tag-actu","9":"tag-actualites","10":"tag-eu","11":"tag-europe","12":"tag-fr","13":"tag-france","14":"tag-montpellier","15":"tag-news","16":"tag-occitanie","17":"tag-republique-francaise"},"share_on_mastodon":{"url":"https:\/\/pubeurope.com\/@fr\/115753196484530704","error":""},"_links":{"self":[{"href":"https:\/\/www.europesays.com\/fr\/wp-json\/wp\/v2\/posts\/612172","targetHints":{"allow":["GET"]}}],"collection":[{"href":"https:\/\/www.europesays.com\/fr\/wp-json\/wp\/v2\/posts"}],"about":[{"href":"https:\/\/www.europesays.com\/fr\/wp-json\/wp\/v2\/types\/post"}],"author":[{"embeddable":true,"href":"https:\/\/www.europesays.com\/fr\/wp-json\/wp\/v2\/users\/2"}],"replies":[{"embeddable":true,"href":"https:\/\/www.europesays.com\/fr\/wp-json\/wp\/v2\/comments?post=612172"}],"version-history":[{"count":0,"href":"https:\/\/www.europesays.com\/fr\/wp-json\/wp\/v2\/posts\/612172\/revisions"}],"wp:featuredmedia":[{"embeddable":true,"href":"https:\/\/www.europesays.com\/fr\/wp-json\/wp\/v2\/media\/612173"}],"wp:attachment":[{"href":"https:\/\/www.europesays.com\/fr\/wp-json\/wp\/v2\/media?parent=612172"}],"wp:term":[{"taxonomy":"category","embeddable":true,"href":"https:\/\/www.europesays.com\/fr\/wp-json\/wp\/v2\/categories?post=612172"},{"taxonomy":"post_tag","embeddable":true,"href":"https:\/\/www.europesays.com\/fr\/wp-json\/wp\/v2\/tags?post=612172"}],"curies":[{"name":"wp","href":"https:\/\/api.w.org\/{rel}","templated":true}]}}