{"id":612176,"date":"2025-12-20T18:01:27","date_gmt":"2025-12-20T18:01:27","guid":{"rendered":"https:\/\/www.europesays.com\/fr\/612176\/"},"modified":"2025-12-20T18:01:27","modified_gmt":"2025-12-20T18:01:27","slug":"le-succes-des-chorales-amateurs","status":"publish","type":"post","link":"https:\/\/www.europesays.com\/fr\/612176\/","title":{"rendered":"le succ\u00e8s des chorales amateurs"},"content":{"rendered":"<p melodystyle=\"texte\">Elle fait partie des pratiques musicales les plus accessibles. La chorale a le vent en poupe ces derni\u00e8res ann\u00e9es. Les pratiquants se font de plus en plus nombreux. Le milieu compte environ 3,5 millions de pratiquants r\u00e9guliers selon une \u00e9tude de l&rsquo;IFOP (2024) command\u00e9e par la F\u00e9d\u00e9ration nationale de chorales A C\u0153ur Joie. C&rsquo;est plus que le nombre de licenci\u00e9s de football (environ 2,3 millions), selon les derniers chiffres de la F\u00e9d\u00e9ration fran\u00e7aise de football. A C\u0153ur Joie compte environ 280 ch\u0153urs dans toute la France parmi lesquels huit chorales en Normandie (dont une chorale d&rsquo;enfants) soit environ 300 choristes. A Rouen, elle a deux repr\u00e9sentants : Contretemps et Cassiop\u00e9e qui participent au rayonnement de l&rsquo;association gr\u00e2ce \u00e0 une s\u00e9rie de concerts tout au long de l&rsquo;ann\u00e9e avec en point d&rsquo;orgue la r\u00e9union de toutes les chorales pour un concert in\u00e9dit.<\/p>\n<p melodystyle=\"texte\">Ce dernier a eu lieu en octobre au temple Saint-Eloi \u00e0 Rouen avec une centaine de choristes issus de toute la r\u00e9gion. A l&rsquo;occasion des f\u00eates, les deux ensembles ont donn\u00e9 leur derni\u00e8re repr\u00e9sentation de l&rsquo;ann\u00e9e (civile), mardi 16 d\u00e9cembre, dans une r\u00e9sidence seniors \u00e0 Bihorel pr\u00e8s de Rouen. \u00ab\u00a0C&rsquo;est notre deuxi\u00e8me concert de No\u00ebl apr\u00e8s Isneauville dans lequel on fait participer le public, explique Matthieu Cav\u00e9, chef de ch\u0153ur de Contretemps, on est sur un r\u00e9pertoire de vari\u00e9t\u00e9 fran\u00e7aise ou anglaise et bien s\u00fbr pour l&rsquo;occasion des chants de No\u00ebl bien connus et arrang\u00e9s.\u00a0\u00bb Matthieu Cav\u00e9 est lui-m\u00eame choriste depuis 7 ans dans le ch\u0153ur de chambre de Rouen dirig\u00e9 par Fr\u00e9d\u00e9ric Pineau et s&rsquo;est rapidement int\u00e9ress\u00e9 \u00e0 la direction de ch\u0153ur. \u00ab\u00a0J&rsquo;aime bien l&rsquo;id\u00e9e de construire ensemble un objectif en commun, c&rsquo;est aussi le plaisir de se retrouver.\u00a0\u00bb\u00a0Sa troupe, compos\u00e9e d&rsquo;une trentaine de chanteurs, se r\u00e9unit tous les jeudis \u00e0 Bihorel pour r\u00e9p\u00e9ter.<\/p>\n<p>Une pratique vieillissante et encore trop f\u00e9minine\u00a0?<\/p>\n<p melodystyle=\"texte\">\u00ab\u00a0Il n&rsquo;y a pas d&rsquo;audition pour entrer, tout le monde peut venir\u00a0\u00bb, explique Brigitte Guillamet, soprane dans le ch\u0153ur Contretemps. La Bois-Guillaumaise pratique le chant choral depuis une vingtaine d&rsquo;ann\u00e9es et a pu observer l&rsquo;engouement autour de la pratique. \u00ab\u00a0Les chorales de Bihorel et globalement les chorales adultes de Normandie ont bien grossi ces derniers temps&#8230; En revanche on cherche toujours des voix d&rsquo;hommes.\u00a0\u00bb\u00a0C&rsquo;est l&rsquo;une des\u00a0pr\u00e9occupations du milieu. Le manque de voix graves a pour cons\u00e9quence de d\u00e9s\u00e9quilibrer l&rsquo;harmonie des ensembles. \u00ab\u00a0Je crois que le secret c&rsquo;est d&rsquo;accepter de se l\u00e2cher, et j&rsquo;ai l&rsquo;impression que les femmes le font plus facilement que les hommes\u00a0\u00bb, remarque Bertrand Rombaut, un des seuls choristes hommes de la troupe, au d\u00e9but avec les sopranes, les altos et moi tout seul avec la voix basse d&rsquo;homme j&rsquo;avais l&rsquo;impression que personne ne pouvait me remplacer\u00a0\u00bb, lance, amus\u00e9, Bertrand Rombaut. \u00ab\u00a0C&rsquo;est bien d&rsquo;avoir aussi un pupitre d&rsquo;hommes car ce sont les voix parmi les plus graves, les basses, qui sont les fondements de l&rsquo;harmonie\u00a0\u00bb, confirme Matthieu Cav\u00e9 qui alerte aussi sur le vieillissement des choristes. En effet, la majorit\u00e9 des pratiquants en France se situent dans une moyenne d&rsquo;\u00e2ge allant de 61 \u00e0 75 ans.<\/p>\n<p melodystyle=\"texte\">En 2026, les chorales normandes d&rsquo;A C\u0153ur Joie, dont le ch\u0153ur Contretemps, vont s&rsquo;attaquer \u00e0 la pr\u00e9paration d&rsquo;un projet de concerts en Normandie en lien avec le mill\u00e9naire de Guillaume le Conqu\u00e9rant en 2027, aux c\u00f4t\u00e9s d&rsquo;une chorale venue sp\u00e9cialement de Norv\u00e8ge.<\/p>\n","protected":false},"excerpt":{"rendered":"Elle fait partie des pratiques musicales les plus accessibles. La chorale a le vent en poupe ces derni\u00e8res&hellip;\n","protected":false},"author":2,"featured_media":612177,"comment_status":"","ping_status":"","sticky":false,"template":"","format":"standard","meta":{"footnotes":""},"categories":[9587],"tags":[1111,11,1777,674,1011,27,12,5161,25,9590],"class_list":{"0":"post-612176","1":"post","2":"type-post","3":"status-publish","4":"format-standard","5":"has-post-thumbnail","7":"category-rouen","8":"tag-actu","9":"tag-actualites","10":"tag-eu","11":"tag-europe","12":"tag-fr","13":"tag-france","14":"tag-news","15":"tag-normandie","16":"tag-republique-francaise","17":"tag-rouen"},"share_on_mastodon":{"url":"https:\/\/pubeurope.com\/@fr\/115753207981951505","error":""},"_links":{"self":[{"href":"https:\/\/www.europesays.com\/fr\/wp-json\/wp\/v2\/posts\/612176","targetHints":{"allow":["GET"]}}],"collection":[{"href":"https:\/\/www.europesays.com\/fr\/wp-json\/wp\/v2\/posts"}],"about":[{"href":"https:\/\/www.europesays.com\/fr\/wp-json\/wp\/v2\/types\/post"}],"author":[{"embeddable":true,"href":"https:\/\/www.europesays.com\/fr\/wp-json\/wp\/v2\/users\/2"}],"replies":[{"embeddable":true,"href":"https:\/\/www.europesays.com\/fr\/wp-json\/wp\/v2\/comments?post=612176"}],"version-history":[{"count":0,"href":"https:\/\/www.europesays.com\/fr\/wp-json\/wp\/v2\/posts\/612176\/revisions"}],"wp:featuredmedia":[{"embeddable":true,"href":"https:\/\/www.europesays.com\/fr\/wp-json\/wp\/v2\/media\/612177"}],"wp:attachment":[{"href":"https:\/\/www.europesays.com\/fr\/wp-json\/wp\/v2\/media?parent=612176"}],"wp:term":[{"taxonomy":"category","embeddable":true,"href":"https:\/\/www.europesays.com\/fr\/wp-json\/wp\/v2\/categories?post=612176"},{"taxonomy":"post_tag","embeddable":true,"href":"https:\/\/www.europesays.com\/fr\/wp-json\/wp\/v2\/tags?post=612176"}],"curies":[{"name":"wp","href":"https:\/\/api.w.org\/{rel}","templated":true}]}}