{"id":612178,"date":"2025-12-20T18:04:39","date_gmt":"2025-12-20T18:04:39","guid":{"rendered":"https:\/\/www.europesays.com\/fr\/612178\/"},"modified":"2025-12-20T18:04:39","modified_gmt":"2025-12-20T18:04:39","slug":"fishbach-a-rouen-2026-du-concert-le-106-billetterie","status":"publish","type":"post","link":"https:\/\/www.europesays.com\/fr\/612178\/","title":{"rendered":"Fishbach \u00e0 Rouen 2026 | du concert Le 106 : billetterie"},"content":{"rendered":"<p class=\"intro\">Flora Fishbach investit la sc\u00e8ne du 106 \u00e0 Rouen le samedi 23 mai 2026 pour un concert in\u00e9dit. L&rsquo;artiste \u00e9lectro-pop pr\u00e9sentera son univers musical singulier m\u00ealant voix c\u00e9lestes et rythmes puls\u00e9s dans ce lieu embl\u00e9matique de la Seine-Maritime. Cette soir\u00e9e promet d&rsquo;\u00e9lectriser le public rouennais avec un live magn\u00e9tique et inclassable, transformant l&rsquo;espace en v\u00e9ritable dancefloor baroque. Les billets sont disponibles \u00e0 partir de 26,50\u00a0\u20ac pour cette repr\u00e9sentation organis\u00e9e par Junzi Arts.<\/p>\n<p>Rouen accueille Flora Fishbach au 106 pour une soir\u00e9e \u00e9lectro-pop<\/p>\n<p>Le <strong>samedi 23 mai 2026 \u00e0 20h<\/strong>, Flora Fishbach transformera l&rsquo;atmosph\u00e8re du 106 avec son nouveau live magn\u00e9tique. L&rsquo;artiste promet une exp\u00e9rience musicale inclassable, fusionnant ses <strong>voix c\u00e9lestes<\/strong> avec des <strong>rythmes puls\u00e9s<\/strong> pour cr\u00e9er un v\u00e9ritable dancefloor baroque au c\u0153ur de la m\u00e9tropole normande.<\/p>\n<p><img decoding=\"async\" loading=\"lazy\" src=\"https:\/\/www.europesays.com\/fr\/wp-content\/uploads\/2025\/12\/fishbach-tickets_473622_3785876_222x222.jpg\" alt=\"Flora Fishbach\" class=\"border\"\/><\/p>\n<p>Cette repr\u00e9sentation unique en Haute-Normandie permettra au public de d\u00e9couvrir l&rsquo;univers singulier de l&rsquo;artiste dans l&rsquo;\u00e9crin du 106. Les amateurs de <a href=\"https:\/\/www.jds.fr\/rouen\/agenda\/musique-et-concerts-96_B\" target=\"_blank\" rel=\"noopener\">concerts \u00e0 Rouen<\/a> pourront vivre une soir\u00e9e \u00e9lectrisante o\u00f9 se m\u00ealent \u00e9lectro-pop moderne et influences baroques, cr\u00e9ant une atmosph\u00e8re musicale totalement in\u00e9dite.<\/p>\n<p>Billetterie pour Flora Fishbach au 106<\/p>\n<p><a class=\"btn btn-lg shadow-lg btn-primary rounded-pill fnac_link\" data-fnac=\"in_article\" href=\"https:\/\/www.awin1.com\/pclick.php?p=43492181444&amp;a=634278&amp;m=12494&amp;clickref=in_article-A-desktop\" target=\"_blank\" rel=\"nofollow noopener\"> Acheter des billets<\/a><\/p>\n<p>Les <strong>billets<\/strong> pour ce concert au 106 sont propos\u00e9s \u00e0 partir de <strong>26,50\u00a0\u20ac<\/strong>. Cette repr\u00e9sentation de Flora Fishbach promet d&rsquo;attirer un large public s\u00e9duit par son style \u00e9lectro-pop unique. Il est conseill\u00e9 de <strong>r\u00e9server<\/strong> rapidement vos places pour ne pas manquer cette performance artistique exceptionnelle dans la salle rouennaise.<\/p>\n<p>Pour d\u00e9couvrir d&rsquo;autres dates, consultez les <a href=\"https:\/\/www.jds.fr\/artistes\/fishbach-2640_N\" target=\"_blank\" rel=\"noopener\">prochains concerts de Fishbach<\/a> programm\u00e9s dans toute la France.<\/p>\n<p>Le parcours artistique de Flora Fishbach<\/p>\n<p>Flora Fishbach \u00e9volue dans un univers musical fusionnant <strong>pop, folk, pop rock et \u00e9lectro<\/strong>. Son style puise ses influences dans les tubes des ann\u00e9es 1980 et la musique des ann\u00e9es 1990, s&rsquo;inspirant d&rsquo;artistes comme <strong>Niagara, Rita Mitsouko<\/strong> ou encore <strong>Myl\u00e8ne Farmer<\/strong>. Sa voix androgyne \u00e9voque parfois Desireless ou Catherine Ringer.<\/p>\n<p>L&rsquo;ann\u00e9e 2025 a \u00e9t\u00e9 marqu\u00e9e par la sortie de son nouvel album <strong>\u00ab\u00a0Val Synth\u00a0\u00bb<\/strong>, confirmant son orientation vers l&rsquo;\u00e9lectro-pop. L&rsquo;artiste a consolid\u00e9 sa position sur la sc\u00e8ne fran\u00e7aise gr\u00e2ce \u00e0 sa pr\u00e9sence dans des festivals majeurs comme le Festival Cabaret Vert et Les Escales. Elle r\u00e9alise \u00e9galement des reprises remarqu\u00e9es, notamment <strong>\u00ab\u00a0Babouche\u00a0\u00bb<\/strong> de Salim Halali. Les parisiens pourront \u00e9galement d\u00e9couvrir <a href=\"https:\/\/www.jds.fr\/paris\/concerts\/pop-folk\/flora-fishbach-1093387_A\" target=\"_blank\" rel=\"noopener\">Flora Fishbach en concert<\/a> dans la capitale.<\/p>\n<p>Comment se rendre au 106 Rouen\u00a0?<\/p>\n<p>Pour rejoindre <a href=\"https:\/\/www.jds.fr\/rouen\/salle-de-concert-spectacle\/le-106-16700_L\" target=\"_blank\" rel=\"noopener\">la salle de concert Le 106<\/a> en voiture depuis le centre de Rouen, comptez environ <strong>10 minutes de trajet<\/strong>. Vous pouvez emprunter le pont Guillaume-le-Conqu\u00e9rant depuis le centre-ville ou la Sud III pour un acc\u00e8s rapide. Un <strong>parking gratuit<\/strong> est disponible sur place avec des places r\u00e9serv\u00e9es aux personnes \u00e0 mobilit\u00e9 r\u00e9duite \u00e0 proximit\u00e9 de l&rsquo;entr\u00e9e.<\/p>\n<p>En transports en commun, plusieurs lignes du r\u00e9seau Astuce desservent les environs\u00a0: <strong>ligne T4<\/strong> (station Orl\u00e9ans) et <strong>ligne 33<\/strong> (arr\u00eat Hangar). Le samedi, toutes les lignes du r\u00e9seau Astuce sont <strong>gratuites<\/strong>\u00a0! Les lignes M\u00e9tro, TEOR et FAST circulent jusqu&rsquo;\u00e0 minuit, et la ligne Noctambus assure les trajets de 00h30 \u00e0 4h30. Une navette fluviale Calypso relie \u00e9galement le Ponton Pasteur au 107.<\/p>\n<p class=\"mise_en_avant\">Notre conseil\u00a0: privil\u00e9giez la voiture avec le parking gratuit sur place, particuli\u00e8rement pratique pour un concert en soir\u00e9e.<\/p>\n<p>Les spectateurs pourront \u00e9galement d\u00e9couvrir prochainement au 106 <a href=\"https:\/\/www.jds.fr\/rouen\/concerts\/pop-folk\/la-maison-tellier-a-20-ans-1244968_A\" target=\"_blank\" rel=\"noopener\">La Maison Tellier A 20 Ans au 106<\/a>, autre temps fort musical programm\u00e9 dans cette salle embl\u00e9matique de Rouen.<\/p>\n","protected":false},"excerpt":{"rendered":"Flora Fishbach investit la sc\u00e8ne du 106 \u00e0 Rouen le samedi 23 mai 2026 pour un concert in\u00e9dit.&hellip;\n","protected":false},"author":2,"featured_media":612179,"comment_status":"","ping_status":"","sticky":false,"template":"","format":"standard","meta":{"footnotes":""},"categories":[9587],"tags":[1111,11,1777,674,1011,27,12,5161,25,9590],"class_list":{"0":"post-612178","1":"post","2":"type-post","3":"status-publish","4":"format-standard","5":"has-post-thumbnail","7":"category-rouen","8":"tag-actu","9":"tag-actualites","10":"tag-eu","11":"tag-europe","12":"tag-fr","13":"tag-france","14":"tag-news","15":"tag-normandie","16":"tag-republique-francaise","17":"tag-rouen"},"share_on_mastodon":{"url":"https:\/\/pubeurope.com\/@fr\/115753220467396814","error":""},"_links":{"self":[{"href":"https:\/\/www.europesays.com\/fr\/wp-json\/wp\/v2\/posts\/612178","targetHints":{"allow":["GET"]}}],"collection":[{"href":"https:\/\/www.europesays.com\/fr\/wp-json\/wp\/v2\/posts"}],"about":[{"href":"https:\/\/www.europesays.com\/fr\/wp-json\/wp\/v2\/types\/post"}],"author":[{"embeddable":true,"href":"https:\/\/www.europesays.com\/fr\/wp-json\/wp\/v2\/users\/2"}],"replies":[{"embeddable":true,"href":"https:\/\/www.europesays.com\/fr\/wp-json\/wp\/v2\/comments?post=612178"}],"version-history":[{"count":0,"href":"https:\/\/www.europesays.com\/fr\/wp-json\/wp\/v2\/posts\/612178\/revisions"}],"wp:featuredmedia":[{"embeddable":true,"href":"https:\/\/www.europesays.com\/fr\/wp-json\/wp\/v2\/media\/612179"}],"wp:attachment":[{"href":"https:\/\/www.europesays.com\/fr\/wp-json\/wp\/v2\/media?parent=612178"}],"wp:term":[{"taxonomy":"category","embeddable":true,"href":"https:\/\/www.europesays.com\/fr\/wp-json\/wp\/v2\/categories?post=612178"},{"taxonomy":"post_tag","embeddable":true,"href":"https:\/\/www.europesays.com\/fr\/wp-json\/wp\/v2\/tags?post=612178"}],"curies":[{"name":"wp","href":"https:\/\/api.w.org\/{rel}","templated":true}]}}