{"id":612184,"date":"2025-12-20T18:08:13","date_gmt":"2025-12-20T18:08:13","guid":{"rendered":"https:\/\/www.europesays.com\/fr\/612184\/"},"modified":"2025-12-20T18:08:13","modified_gmt":"2025-12-20T18:08:13","slug":"une-journee-speciale-films-de-noel-pour-tous-les-ages-dimanche-au-cinema-arvor-a-rennes","status":"publish","type":"post","link":"https:\/\/www.europesays.com\/fr\/612184\/","title":{"rendered":"Une journ\u00e9e sp\u00e9ciale films de No\u00ebl, pour tous les \u00e2ges, dimanche au cin\u00e9ma Arvor \u00e0 Rennes"},"content":{"rendered":"<p>Toute la journ\u00e9e du dimanche 21\u00a0d\u00e9cembre 2025, le Cin\u00e9ma Arvor propose des films de No\u00ebl pour tous les \u00e2ges.<\/p>\n<p>\u00c7a commence \u00e0 10\u00a0h\u00a030 avec \u00ab\u00a0L\u2019Enfant au grelot\u00a0\u00bb un film d\u2019animation tout public \u00e0 partir de 3\u00a0ans, de Jacques-R\u00e9my Girerd.<\/p>\n<p>La deuxi\u00e8me projection est \u00e0 11\u00a0h, avec \u00ab\u00a0Happy feet\u00a0\u00bb de George Miller, un autre film d\u2019animation, avec les voix de Clovis Cornillac, Marion Cotillard, Kad Merad,<\/p>\n<p>Des films de No\u00ebl toute la journ\u00e9e<\/p>\n<p>\u00c0 13\u00a0h\u00a045, place au mythique film \u00ab\u00a0Les filles du Docteur March\u00a0\u00bb de Greta Gerwig, une adaptation du classique de la litt\u00e9rature sign\u00e9e Louisa May Aicott, entre drame et romance.<\/p>\n<p>Retour ensuite \u00e0 l\u2019animation \u00e0 15\u00a0h\u00a030 avec \u00ab\u00a0Ernest et C\u00e9lestine\u00a0en hiver\u00a0\u00bb, auteur des aventures entre un ours bougon au grand c\u0153ur et C\u00e9lestine, une petite souris orpheline et malicieuse.<\/p>\n<p>L\u2019Arvor programme ensuite \u00e0 17\u00a0h\u00a045, \u00ab\u00a0Carol\u00a0\u00bb de Todd Haynes, plong\u00e9e dans le New York des ann\u00e9es 1950, avant de finir la journ\u00e9e avec le film noir et d\u00e9cal\u00e9 \u00ab\u00a0Fargo\u00a0\u00bb des fr\u00e8res Coen \u00e0 20\u00a0h\u00a030.<\/p>\n<p>\u00a0<\/p>\n","protected":false},"excerpt":{"rendered":"Toute la journ\u00e9e du dimanche 21\u00a0d\u00e9cembre 2025, le Cin\u00e9ma Arvor propose des films de No\u00ebl pour tous les&hellip;\n","protected":false},"author":2,"featured_media":612185,"comment_status":"","ping_status":"","sticky":false,"template":"","format":"standard","meta":{"footnotes":""},"categories":[2821],"tags":[1111,11,53552,72325,829,650,6664,1777,674,1346,1011,27,3465,12,15830,584,25,954],"class_list":{"0":"post-612184","1":"post","2":"type-post","3":"status-publish","4":"format-standard","5":"has-post-thumbnail","7":"category-rennes","8":"tag-actu","9":"tag-actualites","10":"tag-ages","11":"tag-arvor","12":"tag-bretagne","13":"tag-cinema","14":"tag-dimanche","15":"tag-eu","16":"tag-europe","17":"tag-films","18":"tag-fr","19":"tag-france","20":"tag-journee","21":"tag-news","22":"tag-noel","23":"tag-rennes","24":"tag-republique-francaise","25":"tag-speciale"},"share_on_mastodon":{"url":"https:\/\/pubeurope.com\/@fr\/115753235639125019","error":""},"_links":{"self":[{"href":"https:\/\/www.europesays.com\/fr\/wp-json\/wp\/v2\/posts\/612184","targetHints":{"allow":["GET"]}}],"collection":[{"href":"https:\/\/www.europesays.com\/fr\/wp-json\/wp\/v2\/posts"}],"about":[{"href":"https:\/\/www.europesays.com\/fr\/wp-json\/wp\/v2\/types\/post"}],"author":[{"embeddable":true,"href":"https:\/\/www.europesays.com\/fr\/wp-json\/wp\/v2\/users\/2"}],"replies":[{"embeddable":true,"href":"https:\/\/www.europesays.com\/fr\/wp-json\/wp\/v2\/comments?post=612184"}],"version-history":[{"count":0,"href":"https:\/\/www.europesays.com\/fr\/wp-json\/wp\/v2\/posts\/612184\/revisions"}],"wp:featuredmedia":[{"embeddable":true,"href":"https:\/\/www.europesays.com\/fr\/wp-json\/wp\/v2\/media\/612185"}],"wp:attachment":[{"href":"https:\/\/www.europesays.com\/fr\/wp-json\/wp\/v2\/media?parent=612184"}],"wp:term":[{"taxonomy":"category","embeddable":true,"href":"https:\/\/www.europesays.com\/fr\/wp-json\/wp\/v2\/categories?post=612184"},{"taxonomy":"post_tag","embeddable":true,"href":"https:\/\/www.europesays.com\/fr\/wp-json\/wp\/v2\/tags?post=612184"}],"curies":[{"name":"wp","href":"https:\/\/api.w.org\/{rel}","templated":true}]}}