{"id":612186,"date":"2025-12-20T18:09:21","date_gmt":"2025-12-20T18:09:21","guid":{"rendered":"https:\/\/www.europesays.com\/fr\/612186\/"},"modified":"2025-12-20T18:09:21","modified_gmt":"2025-12-20T18:09:21","slug":"marche-concert-animations-illuminations-la-feerie-de-noel-partout-a-rennes","status":"publish","type":"post","link":"https:\/\/www.europesays.com\/fr\/612186\/","title":{"rendered":"March\u00e9, concert, animations, illuminations&#8230; la f\u00e9erie de No\u00ebl partout \u00e0 Rennes"},"content":{"rendered":"<p>Pour prendre de la hauteur<\/p>\n<p>Un petit tour en grande roue vous permet de prendre de la hauteur et de profiter d\u2019une vue \u00e0 360 degr\u00e9s sur la ville de Rennes. Elle est install\u00e9e sur le march\u00e9 du mail Mitterrand.<\/p>\n<p>\t<img decoding=\"async\" src=\"https:\/\/www.europesays.com\/fr\/wp-content\/uploads\/2025\/12\/P35651688D7118915G_px_640_.jpg\" alt=\"photo le march\u00e9 de no\u00ebl sur le mail mitterrand avec sa grande roue, ses chalets et gourmandises.  \u00a9  archives marc ollivier\/ouest-france\" width=\"640\" title=\" Le march\u00e9 de No\u00ebl sur le mail Mitterrand avec sa grande roue, ses chalets et gourmandises.   Archives Marc Ollivier\/Ouest-France \"\/><\/p>\n<p class=\"elmt-legende\"> Le march\u00e9 de No\u00ebl sur le mail Mitterrand avec sa grande roue, ses chalets et gourmandises.   Archives Marc Ollivier\/Ouest-France <\/p>\n<p>Pour les derni\u00e8res emplettes<\/p>\n<p>Les march\u00e9s de No\u00ebl et leurs artisans et artistes sont encore pr\u00e9sents ce dimanche. Objets de d\u00e9coration, luminaires, bijoux, photos\u2026 &#8230;<\/p>\n<p>\u00a0<\/p>\n","protected":false},"excerpt":{"rendered":"Pour prendre de la hauteur Un petit tour en grande roue vous permet de prendre de la hauteur&hellip;\n","protected":false},"author":2,"featured_media":612187,"comment_status":"","ping_status":"","sticky":false,"template":"","format":"standard","meta":{"footnotes":""},"categories":[2821],"tags":[1111,11,1063,829,1697,1777,674,63444,1011,27,55985,2089,12,15830,13656,3086,584,25],"class_list":{"0":"post-612186","1":"post","2":"type-post","3":"status-publish","4":"format-standard","5":"has-post-thumbnail","7":"category-rennes","8":"tag-actu","9":"tag-actualites","10":"tag-animations","11":"tag-bretagne","12":"tag-concert","13":"tag-eu","14":"tag-europe","15":"tag-feerie","16":"tag-fr","17":"tag-france","18":"tag-illuminations","19":"tag-marche","20":"tag-news","21":"tag-noel","22":"tag-partout","23":"tag-redon","24":"tag-rennes","25":"tag-republique-francaise"},"share_on_mastodon":{"url":"https:\/\/pubeurope.com\/@fr\/115753241656489029","error":""},"_links":{"self":[{"href":"https:\/\/www.europesays.com\/fr\/wp-json\/wp\/v2\/posts\/612186","targetHints":{"allow":["GET"]}}],"collection":[{"href":"https:\/\/www.europesays.com\/fr\/wp-json\/wp\/v2\/posts"}],"about":[{"href":"https:\/\/www.europesays.com\/fr\/wp-json\/wp\/v2\/types\/post"}],"author":[{"embeddable":true,"href":"https:\/\/www.europesays.com\/fr\/wp-json\/wp\/v2\/users\/2"}],"replies":[{"embeddable":true,"href":"https:\/\/www.europesays.com\/fr\/wp-json\/wp\/v2\/comments?post=612186"}],"version-history":[{"count":0,"href":"https:\/\/www.europesays.com\/fr\/wp-json\/wp\/v2\/posts\/612186\/revisions"}],"wp:featuredmedia":[{"embeddable":true,"href":"https:\/\/www.europesays.com\/fr\/wp-json\/wp\/v2\/media\/612187"}],"wp:attachment":[{"href":"https:\/\/www.europesays.com\/fr\/wp-json\/wp\/v2\/media?parent=612186"}],"wp:term":[{"taxonomy":"category","embeddable":true,"href":"https:\/\/www.europesays.com\/fr\/wp-json\/wp\/v2\/categories?post=612186"},{"taxonomy":"post_tag","embeddable":true,"href":"https:\/\/www.europesays.com\/fr\/wp-json\/wp\/v2\/tags?post=612186"}],"curies":[{"name":"wp","href":"https:\/\/api.w.org\/{rel}","templated":true}]}}