{"id":612192,"date":"2025-12-20T18:16:41","date_gmt":"2025-12-20T18:16:41","guid":{"rendered":"https:\/\/www.europesays.com\/fr\/612192\/"},"modified":"2025-12-20T18:16:41","modified_gmt":"2025-12-20T18:16:41","slug":"sur-le-marche-de-noel-de-nice-ces-bouillottes-trop-mignonnes-font-le-bonheur-des-enfants-mais-aussi-de-leurs-parents","status":"publish","type":"post","link":"https:\/\/www.europesays.com\/fr\/612192\/","title":{"rendered":"Sur le march\u00e9 de No\u00ebl de Nice, ces bouillottes trop mignonnes font le bonheur des enfants&#8230; Mais aussi de leurs parents !"},"content":{"rendered":"<p><strong>Au milieu des chalets gourmands, majoritaires sur le march\u00e9 de No\u00ebl de Nice, un stand tire son \u00e9pingle du jeu en attirant l\u2019\u0153il des jeunes pousses. Renards, lions, tigres, pingouins ou dinosaures s\u2019empilent sur les \u00e9tag\u00e8res, pr\u00eats \u00e0\u00a0\u00eatre adopt\u00e9s.<\/strong><\/p>\n<p>Pr\u00e9sente depuis cinq ans sur le village de No\u00ebl ni\u00e7ois, la marque s\u2019est sp\u00e9cialis\u00e9e dans la bouillotte s\u00e8che, pens\u00e9e aussi bien comme objet de bien-\u00eatre que comme doudou du quotidien.<\/p>\n<p>\u00ab\u00a0Ce ne sont pas de simples peluches. Leur fonction premi\u00e8re reste la bouillotte\u00a0\u00bb rappelle Romane Brun, pr\u00e9sente sur le stand Jamies. \u00c0\u00a0l\u2019int\u00e9rieur, un m\u00e9lange de bl\u00e9 et de lavande, soigneusement s\u00e9lectionn\u00e9s aupr\u00e8s de partenaires historiques.<\/p>\n<p><a href=\"https:\/\/espacelympia.departement06.fr\/agenda\/brigitte-mylene-et-michele-les-petites-cheries-de-la-cote-dazur\" data-wpel-link=\"external\" target=\"_blank\" rel=\"external noopener noreferrer\"><img loading=\"lazy\" decoding=\"async\" width=\"300\" height=\"300\" src=\"https:\/\/www.europesays.com\/fr\/wp-content\/uploads\/2025\/12\/APWeb_LPC_300x300_YB_300-x-300.jpg\" alt=\"\" class=\"wp-image-262664\"\/><\/a><\/p>\n<p>Le bl\u00e9 provient de la r\u00e9gion, la lavande est issue d\u2019une coop\u00e9rative regroupant une cinquantaine de producteurs.<\/p>\n<p>Endormir les b\u00e9b\u00e9s ou soulager les cervicales des grands\u00a0<\/p>\n<p>La confection, elle, est assur\u00e9e dans les ateliers Jamies, autour de Montpellier, o\u00f9 une quinzaine de salari\u00e9s s\u2019occupent de la couture et du rembourrage. Un circuit court ma\u00eetris\u00e9, souvent salu\u00e9 par les visiteurs sensibles \u00e0\u00a0l\u2019origine des produits.<\/p>\n<p>Sur le stand, ce sont \u00e9videmment les enfants qui se dirigent spontan\u00e9ment en premier vers les animaux de la savane, les chevaux ou les rennes, tandis que les adultes s\u2019attardent davantage sur les formats allong\u00e9s, particuli\u00e8rement appr\u00e9ci\u00e9s pour soulager les cervicales, le dos ou le ventre.\u00a0<\/p>\n<p>\u00ab\u00a0On a\u00a0vraiment de tout, des plus petits aux plus grands, des Ni\u00e7ois comme des touristes\u00a0\u00bb observe Romane Brun. Dans un march\u00e9 de No\u00ebl tr\u00e8s marqu\u00e9 par l\u2019alimentaire, le stand Jamies marque sa diff\u00e9rence. Class\u00e9es comme jouets, mais pens\u00e9es pour durer, les bouillottes-peluches rencontrent ainsi un vrai succ\u00e8s, en particulier aupr\u00e8s des familles en qu\u00eate d\u2019un cadeau utile. Et r\u00e9confortant\u2026<\/p>\n","protected":false},"excerpt":{"rendered":"Au milieu des chalets gourmands, majoritaires sur le march\u00e9 de No\u00ebl de Nice, un stand tire son \u00e9pingle&hellip;\n","protected":false},"author":2,"featured_media":612193,"comment_status":"","ping_status":"","sticky":false,"template":"","format":"standard","meta":{"footnotes":""},"categories":[2819],"tags":[1111,11,1777,674,1011,27,12,2401,882,25],"class_list":{"0":"post-612192","1":"post","2":"type-post","3":"status-publish","4":"format-standard","5":"has-post-thumbnail","7":"category-nice","8":"tag-actu","9":"tag-actualites","10":"tag-eu","11":"tag-europe","12":"tag-fr","13":"tag-france","14":"tag-news","15":"tag-nice","16":"tag-provence-alpes-cote-dazur","17":"tag-republique-francaise"},"share_on_mastodon":{"url":"https:\/\/pubeurope.com\/@fr\/115753271842372181","error":""},"_links":{"self":[{"href":"https:\/\/www.europesays.com\/fr\/wp-json\/wp\/v2\/posts\/612192","targetHints":{"allow":["GET"]}}],"collection":[{"href":"https:\/\/www.europesays.com\/fr\/wp-json\/wp\/v2\/posts"}],"about":[{"href":"https:\/\/www.europesays.com\/fr\/wp-json\/wp\/v2\/types\/post"}],"author":[{"embeddable":true,"href":"https:\/\/www.europesays.com\/fr\/wp-json\/wp\/v2\/users\/2"}],"replies":[{"embeddable":true,"href":"https:\/\/www.europesays.com\/fr\/wp-json\/wp\/v2\/comments?post=612192"}],"version-history":[{"count":0,"href":"https:\/\/www.europesays.com\/fr\/wp-json\/wp\/v2\/posts\/612192\/revisions"}],"wp:featuredmedia":[{"embeddable":true,"href":"https:\/\/www.europesays.com\/fr\/wp-json\/wp\/v2\/media\/612193"}],"wp:attachment":[{"href":"https:\/\/www.europesays.com\/fr\/wp-json\/wp\/v2\/media?parent=612192"}],"wp:term":[{"taxonomy":"category","embeddable":true,"href":"https:\/\/www.europesays.com\/fr\/wp-json\/wp\/v2\/categories?post=612192"},{"taxonomy":"post_tag","embeddable":true,"href":"https:\/\/www.europesays.com\/fr\/wp-json\/wp\/v2\/tags?post=612192"}],"curies":[{"name":"wp","href":"https:\/\/api.w.org\/{rel}","templated":true}]}}