{"id":612198,"date":"2025-12-20T18:21:19","date_gmt":"2025-12-20T18:21:19","guid":{"rendered":"https:\/\/www.europesays.com\/fr\/612198\/"},"modified":"2025-12-20T18:21:19","modified_gmt":"2025-12-20T18:21:19","slug":"attendu-au-tournant-a-concarneau-nantes-doit-retrouver-son-agressivite","status":"publish","type":"post","link":"https:\/\/www.europesays.com\/fr\/612198\/","title":{"rendered":"attendu au tournant \u00e0 Concarneau, Nantes doit retrouver son agressivit\u00e9"},"content":{"rendered":"<p><strong>Concarneau\u00a0&#8211; Nantes<\/strong><\/p>\n<p>Pour sa premi\u00e8re sur le banc, 48 heures apr\u00e8s avoir remplac\u00e9 Luis Castro, <a target=\"_self\" href=\"https:\/\/www.lanouvellerepublique.fr\/blois\/ligue-1-le-blesois-ahmed-kantari-nouvel-entraineur-du-fc-nantes-1765395006\" rel=\"noopener\">Ahmed Kantari<\/a> a vu ses Canaris corrig\u00e9s par les Angevins (4-1), \u00e0 Angers. Et s\u2019il a bien mesur\u00e9 l\u2019ampleur de sa t\u00e2che, le nouvel entra\u00eeneur ne veut pas s\u2019attarder sur la rencontre, d\u00e9brief\u00e9e avec ses joueurs d\u00e8s samedi dernier.<\/p>\n<p>\u00ab\u00a0Il y a beaucoup de choses qui m\u2019ont d\u00e9plu, mais l\u2019id\u00e9e, c\u2019\u00e9tait de cl\u00f4turer et de pouvoir attaquer la semaine en pr\u00e9parant ce match de Concarneau avec des bonnes ondes et des bonnes intentions\u00a0\u00bb, a expliqu\u00e9 Kantari.<\/p>\n<p>\u00ab\u00a0Moins dans l\u2019urgence [qu\u2019il] avait pu l\u2019\u00eatre la semaine derni\u00e8re\u00a0\u00bb, l\u2019ancien international marocain a martel\u00e9 \u00e0 ses joueurs que le \u00ab\u00a0premier ingr\u00e9dient\u00a0\u00bb pouvant permettre \u00e0 Nantes de se maintenir sera davantage \u00ab\u00a0d\u2019agressivit\u00e9, pour sortir gagnant des duels\u00a0\u00bb.<\/p>\n<p>\u00ab\u00a0Avant de parler de tactique, de technique, il faut mettre cet aspect athl\u00e9tique, mais cet aspect mental aussi, de vouloir se faire mal\u00a0\u00bb, a d\u00e9taill\u00e9 l\u2019entra\u00eeneur. Si le moral de l\u2019effectif est logiquement atteint, il n\u2019y a pas de place pour les \u00e9tats d\u2019\u00e2me.<\/p>\n<p>Un entra\u00eeneur qui secoue ses joueurs<\/p>\n<p>\u00ab\u00a0Il faut qu\u2019ils osent, il faut qu\u2019ils tentent, il faut qu\u2019ils rentrent dans le duel, il faut qu\u2019ils percutent, il faut qu\u2019ils aient cette envie de s\u2019engager, de s\u2019investir \u00e0 100\u00a0%. Et plus ils vont le faire, plus ils vont r\u00e9ussir et plus la confiance va revenir\u00a0\u00bb, a-t-il promis. De ce point de vue, ce 32e\u00a0de finale semble presque id\u00e9al.<\/p>\n<p>Dans \u00ab\u00a0un match de coupe, il n\u2019y a pas bien jouer ou mal jouer, tout ce qui compte c\u2019est, \u00e0 la fin, \u00eatre au prochain tour. La sentence est irr\u00e9vocable\u00a0\u00bb, a soulign\u00e9 Kantari. Et ce d\u00e9placement chez les Thoniers fait pleinement partie de la \u00ab\u00a0mission maintien\u00a0\u00bb.<\/p>\n<p>\u00ab\u00a0Tous les matchs, on les joue pour les gagner. Je vais aller \u00e0 Concarneau avec ma meilleure \u00e9quipe. Je n\u2019ai rien \u00e0 cacher, je n\u2019ai pas de surprise \u00e0 faire\u00a0\u00bb, a-t-il annonc\u00e9. D\u2019autant qu\u2019en face il y aura \u00ab\u00a0une tr\u00e8s bonne \u00e9quipe de Concarneau, que je connais bien, avec un entra\u00eeneur qui propose du jeu, une \u00e9quipe structur\u00e9e, et dans un championnat national qui, aujourd\u2019hui, est tr\u00e8s comp\u00e9titif\u00a0\u00bb, a-t-il \u00e9galement averti.<\/p>\n<p>Ahmed Kantari devra faire cependant sans son d\u00e9fenseur central nig\u00e9rian, Chidozie Awaziem, et son attaquant \u00e9gyptien, Mostafa Mohamed, partis \u00e0 la CAN. Il pourrait toutefois compter sur le milieu Francis Coquelin, remis de sa s\u00e9rie de blessures.<\/p>\n<p>Ce dimanche 21\u00a0d\u00e9cembre \u00e0 14\u00a0h\u00a045 sur beIN Sports 6 et France.tv.<\/p>\n","protected":false},"excerpt":{"rendered":"Concarneau\u00a0&#8211; Nantes Pour sa premi\u00e8re sur le banc, 48 heures apr\u00e8s avoir remplac\u00e9 Luis Castro, Ahmed Kantari a&hellip;\n","protected":false},"author":2,"featured_media":612199,"comment_status":"","ping_status":"","sticky":false,"template":"","format":"standard","meta":{"footnotes":""},"categories":[2818],"tags":[1111,11,52302,1777,674,63,1011,27,74,766,12,2636,25,60],"class_list":{"0":"post-612198","1":"post","2":"type-post","3":"status-publish","4":"format-standard","5":"has-post-thumbnail","7":"category-nantes","8":"tag-actu","9":"tag-actualites","10":"tag-coupe-de-france-football","11":"tag-eu","12":"tag-europe","13":"tag-football","14":"tag-fr","15":"tag-france","16":"tag-monde","17":"tag-nantes","18":"tag-news","19":"tag-pays-de-la-loire","20":"tag-republique-francaise","21":"tag-sports"},"share_on_mastodon":{"url":"https:\/\/pubeurope.com\/@fr\/115753286546130312","error":""},"_links":{"self":[{"href":"https:\/\/www.europesays.com\/fr\/wp-json\/wp\/v2\/posts\/612198","targetHints":{"allow":["GET"]}}],"collection":[{"href":"https:\/\/www.europesays.com\/fr\/wp-json\/wp\/v2\/posts"}],"about":[{"href":"https:\/\/www.europesays.com\/fr\/wp-json\/wp\/v2\/types\/post"}],"author":[{"embeddable":true,"href":"https:\/\/www.europesays.com\/fr\/wp-json\/wp\/v2\/users\/2"}],"replies":[{"embeddable":true,"href":"https:\/\/www.europesays.com\/fr\/wp-json\/wp\/v2\/comments?post=612198"}],"version-history":[{"count":0,"href":"https:\/\/www.europesays.com\/fr\/wp-json\/wp\/v2\/posts\/612198\/revisions"}],"wp:featuredmedia":[{"embeddable":true,"href":"https:\/\/www.europesays.com\/fr\/wp-json\/wp\/v2\/media\/612199"}],"wp:attachment":[{"href":"https:\/\/www.europesays.com\/fr\/wp-json\/wp\/v2\/media?parent=612198"}],"wp:term":[{"taxonomy":"category","embeddable":true,"href":"https:\/\/www.europesays.com\/fr\/wp-json\/wp\/v2\/categories?post=612198"},{"taxonomy":"post_tag","embeddable":true,"href":"https:\/\/www.europesays.com\/fr\/wp-json\/wp\/v2\/tags?post=612198"}],"curies":[{"name":"wp","href":"https:\/\/api.w.org\/{rel}","templated":true}]}}