{"id":612202,"date":"2025-12-20T18:24:28","date_gmt":"2025-12-20T18:24:28","guid":{"rendered":"https:\/\/www.europesays.com\/fr\/612202\/"},"modified":"2025-12-20T18:24:28","modified_gmt":"2025-12-20T18:24:28","slug":"un-membre-du-staff-des-girondins-de-bordeaux-suspendu-un-an-pour-des-propos-homophobes","status":"publish","type":"post","link":"https:\/\/www.europesays.com\/fr\/612202\/","title":{"rendered":"un membre du staff des Girondins de Bordeaux suspendu un an pour des propos homophobes"},"content":{"rendered":"<p>\n    L\u2019entra\u00eeneur des gardiens des Girondins de Bordeaux Wilfrid Rastoll est suspendu un an pour avoir prof\u00e9r\u00e9 des propos homophobes contre un arbitre.<\/p>\n<p class=\"fig-paragraph\">La sanction de l\u2019entra\u00eeneur des gardiens de\u00a0<a href=\"http:\/\/www.lefigaro.fr\/sports\/football\/ligue-1\/foot-ligue-1-va-diffuser-les-matchs-des-girondins-de-bordeaux-en-national-2-20251205\" target=\"_blank\" data-fig-type=\"NewsFlash\" rel=\"nofollow noopener\" data-gtm-custom-categorie=\"navigation\" data-gtm-custom-action=\"crossclick\" data-gtm-custom-label=\"Contextuel\" data-gtm-event=\"customEventSPE\" data-fig-domain=\"LEFIGARO\">Bordeaux<\/a>\u00a0est connue. Wilfrid Rastoll \u00e9cope d\u2019un an de suspension dont neuf mois ferme et trois avec sursis suite \u00e0 ses propos homophobes \u00e0 l\u2019encontre de l\u2019arbitre du match du 8e tour de la\u00a0<a href=\"http:\/\/www.lefigaro.fr\/sports\/football\/coupe-de-france\/coupe-de-france-apres-avoir-deplace-le-match-pour-son-mariage-le-joueur-d-ic-croix-sort-sur-carton-rouge-20251219\" target=\"_blank\" data-fig-type=\"NewsFlash\" rel=\"nofollow noopener\" data-gtm-custom-categorie=\"navigation\" data-gtm-custom-action=\"crossclick\" data-gtm-custom-label=\"Contextuel\" data-gtm-event=\"customEventSPE\" data-fig-domain=\"LEFIGARO\">Coupe de France<\/a>\u00a0entre les Girondins et Maz\u00e8res (4-3).<\/p>\n<p class=\"fig-paragraph\">\u00abT\u2019es une merde, t\u2019es nul, t\u2019es une mauviette, tapette, viens je t\u2019attends\u00bb, aurait dit le membre du staff bordelais \u00e0 Soulaimane Chamel d\u2019apr\u00e8s\u00a0le site\u00a0<a href=\"https:\/\/footamateur.ouest-france.fr\/national-2-un-an-de-suspension-pour-wilfrid-rastoll-bordeaux\/\" target=\"_blank\" rel=\"sponsored noopener\" data-gtm-custom-categorie=\"navigation\" data-gtm-custom-action=\"crossclick\" data-gtm-custom-label=\"Contextuel\" data-gtm-event=\"customEventSPE\"><strong>Footamateur<\/strong><\/a> . Wilfrid Rastoll a donc \u00e9t\u00e9 suspendu jusqu\u2019au 31\u00a0ao\u00fbt 2026.<\/p>\n","protected":false},"excerpt":{"rendered":"L\u2019entra\u00eeneur des gardiens des Girondins de Bordeaux Wilfrid Rastoll est suspendu un an pour avoir prof\u00e9r\u00e9 des propos&hellip;\n","protected":false},"author":2,"featured_media":612203,"comment_status":"","ping_status":"","sticky":false,"template":"","format":"standard","meta":{"footnotes":""},"categories":[2817],"tags":[1111,11,1997,1777,674,1011,27,2908,8717,12,2219,25],"class_list":{"0":"post-612202","1":"post","2":"type-post","3":"status-publish","4":"format-standard","5":"has-post-thumbnail","7":"category-bordeaux","8":"tag-actu","9":"tag-actualites","10":"tag-bordeaux","11":"tag-eu","12":"tag-europe","13":"tag-fr","14":"tag-france","15":"tag-girondins-de-bordeaux","16":"tag-homophobie","17":"tag-news","18":"tag-nouvelle-aquitaine","19":"tag-republique-francaise"},"share_on_mastodon":{"url":"https:\/\/pubeurope.com\/@fr\/115753298642650543","error":""},"_links":{"self":[{"href":"https:\/\/www.europesays.com\/fr\/wp-json\/wp\/v2\/posts\/612202","targetHints":{"allow":["GET"]}}],"collection":[{"href":"https:\/\/www.europesays.com\/fr\/wp-json\/wp\/v2\/posts"}],"about":[{"href":"https:\/\/www.europesays.com\/fr\/wp-json\/wp\/v2\/types\/post"}],"author":[{"embeddable":true,"href":"https:\/\/www.europesays.com\/fr\/wp-json\/wp\/v2\/users\/2"}],"replies":[{"embeddable":true,"href":"https:\/\/www.europesays.com\/fr\/wp-json\/wp\/v2\/comments?post=612202"}],"version-history":[{"count":0,"href":"https:\/\/www.europesays.com\/fr\/wp-json\/wp\/v2\/posts\/612202\/revisions"}],"wp:featuredmedia":[{"embeddable":true,"href":"https:\/\/www.europesays.com\/fr\/wp-json\/wp\/v2\/media\/612203"}],"wp:attachment":[{"href":"https:\/\/www.europesays.com\/fr\/wp-json\/wp\/v2\/media?parent=612202"}],"wp:term":[{"taxonomy":"category","embeddable":true,"href":"https:\/\/www.europesays.com\/fr\/wp-json\/wp\/v2\/categories?post=612202"},{"taxonomy":"post_tag","embeddable":true,"href":"https:\/\/www.europesays.com\/fr\/wp-json\/wp\/v2\/tags?post=612202"}],"curies":[{"name":"wp","href":"https:\/\/api.w.org\/{rel}","templated":true}]}}