{"id":612204,"date":"2025-12-20T18:25:14","date_gmt":"2025-12-20T18:25:14","guid":{"rendered":"https:\/\/www.europesays.com\/fr\/612204\/"},"modified":"2025-12-20T18:25:14","modified_gmt":"2025-12-20T18:25:14","slug":"huit-mineurs-condamnes-a-des-peines-de-prison","status":"publish","type":"post","link":"https:\/\/www.europesays.com\/fr\/612204\/","title":{"rendered":"huit mineurs condamn\u00e9s \u00e0 des peines de prison"},"content":{"rendered":"<p>                    Par<br \/>\n        <strong><br \/>\n            <a href=\"https:\/\/actu.fr\/auteur\/david-saint-sernin\" title=\"Consulter tous les articles de David Saint-Sernin\" target=\"_blank\" rel=\"noopener\">David Saint-Sernin<\/a><br \/>\n                    <\/strong><\/p>\n<p>        Publi\u00e9 le<\/p>\n<p>            20 d\u00e9c. 2025 \u00e0 17h33        <\/p>\n<p>\nVendredi 19\u00a0d\u00e9cembre 2025, le tribunal pour enfants de<a href=\"https:\/\/actu.fr\/toulouse\/\" target=\"_blank\" rel=\"noopener\"> Toulouse<\/a> a condamn\u00e9 \u00e0 des peines de prison huit jeunes pr\u00e9venus impliqu\u00e9s dans un r\u00e9seau de prox\u00e9n\u00e9tisme prostituant des adolescentes.<\/p>\n<p>Des mineures \u00e9taient prostitu\u00e9es<\/p>\n<p class=\" wall-content\">Ce r\u00e9seau de prostitution exploitait des mineures de 14 \u00e0 16\u00a0ans, plac\u00e9es ou suivies par l\u2019Aide sociale \u00e0 l\u2019enfance (ASE). Il recrutait notamment des jeunes filles \u00e0 Toulouse, et son\u00a0cerveau, surnomm\u00e9 \u00ab\u2009Mowgli\u2009\u00bb, op\u00e9rait depuis sa cellule de prison \u00e0 B\u00e9ziers.<\/p>\n<p class=\" wall-content\"><a href=\"https:\/\/actu.fr\/occitanie\/toulouse_31555\/toulouse-reseau-de-prostitution-de-mineures-13-condamnations-et-14-ans-de-prison-pour-mowgli-son-cerveau_63283996.html\" target=\"_blank\" rel=\"noopener\">En octobre dernier, dans le cadre d\u2019un premier proc\u00e8s<\/a>, le tribunal correctionnel de Toulouse avait condamn\u00e9 13 membres du r\u00e9seau, \u00e2g\u00e9s d\u2019une vingtaine d\u2019ann\u00e9es, \u00e0 des peines allant de 2 \u00e0 6\u00a0ans d\u2019emprisonnement, ceci en fonction de leur degr\u00e9 d\u2019implication dans le r\u00e9seau.<\/p>\n<p>Des peines de prison jusqu\u2019\u00e0 5\u00a0ans<\/p>\n<p class=\" wall-content\">Olivier Habchi Hamadouche, 29\u00a0ans, dit \u00ab\u2009Mowgli\u2009\u00bb, qui avait reconnu les faits, avait \u00e9t\u00e9 condamn\u00e9 \u00e0 une peine de 14\u00a0ans de prison.<\/p>\n<p class=\" wall-content\">Dans le volet jug\u00e9 par le tribunal pour enfants, dont les d\u00e9bats se sont d\u00e9roul\u00e9s \u00e0 huis clos vendredi, des peines allant de 5\u00a0ans, dont 18\u00a0mois avec sursis probatoire, \u00e0 18\u00a0mois, dont 10 assortis d\u2019un sursis simple, ont \u00e9t\u00e9 prononc\u00e9es \u00e0 l\u2019encontre des huit pr\u00e9venus mineurs, dont une adolescente impliqu\u00e9e dans les transports de fonds entre les diff\u00e9rents protagonistes du r\u00e9seau.<\/p>\n<p>Une jeune femme relax\u00e9e<\/p>\n<p class=\" wall-content\">La juridiction pour mineurs a en revanche relax\u00e9 la jeune femme \u00e0 l\u2019origine de la proc\u00e9dure, \u00e0 la fois prostitu\u00e9e dans le r\u00e9seau mais \u00e9galement poursuivie pour des faits de prox\u00e9n\u00e9tisme.<\/p>\n<p>Vid\u00e9os : en ce moment sur Actu<\/p>\n<p class=\" wall-content\">C\u2019est sa fugue d\u2019un foyer de l\u2019ASE et un signalement anonyme qui avait permis de lancer les investigations de la section de recherches de la gendarmerie de Toulouse et d\u2019aboutir \u00e0 l\u2019interpellation des mis en cause.<\/p>\n<p>\u00ab\u2009Un \u00e9norme soulagement pour ma cliente\u2009\u00bb<\/p>\n<p class=\" wall-content\">Le tribunal a consid\u00e9r\u00e9 que, compte tenu de son jeune \u00e2ge, des violences qu\u2019elle avait subies alors qu\u2019elle \u00e9tait oblig\u00e9e de se prostituer ainsi que de l\u2019emprise \u00e0 laquelle elle \u00e9tait soumise, elle n\u2019\u00e9tait pas \u00ab\u2009en \u00e9tat d\u2019avoir un discernement plein et entier\u2009\u00bb concernant les faits qui lui \u00e9taient reproch\u00e9s, a expliqu\u00e9 la pr\u00e9sidente \u00e0 la jeune femme, lors du d\u00e9lib\u00e9r\u00e9.<\/p>\n<p>Votre r\u00e9gion, votre actu !<\/p>\n<p>Recevez chaque jour les infos qui comptent pour vous.<\/p>\n<p>\t<a href=\"https:\/\/actu.fr\/newsletter\" class=\"ac-btn ac-btn--corner ac-btn--medium ac-btn--blue800\" target=\"_blank\" rel=\"noopener\">S&rsquo;incrire<\/a><\/p>\n<p class=\" wall-content\">Son avocat, Guillaume L\u00e9guevaques, a affirm\u00e9 \u00e0 l\u2019AFP que cette d\u00e9cision \u00e9tait \u00ab\u2009un \u00e9norme soulagement pour (s) a cliente\u2009\u00bb, au terme d\u2019\u00ab\u2009un combat qui a \u00e9t\u00e9 extr\u00eamement douloureux pour elle, co\u00fbteux physiquement et mentalement\u2009\u00bb.<\/p>\n<p class=\" wall-content\">\u00ab\u2009Le fait d\u2019\u00eatre reconnue comme partie civile va l\u2019aider \u00e0 se reconstruire, maintenant c\u2019est tr\u00e8s, tr\u00e8s long quand on a subi ce qu\u2019elle a subi\u2009\u00bb, a-t-il ajout\u00e9.<\/p>\n<p class=\" wall-content\"><strong>(Avec AFP)<\/strong><\/p>\n<p class=\" wall-content\">Personnalisez votre actualit\u00e9 en ajoutant vos villes et m\u00e9dias en favori avec <a href=\"https:\/\/moncompte.actu.fr\" title=\"D\u00e9couvez Mon Actu\" rel=\"nofollow noopener\" data-trk=\"{&quot;cta&quot;:{&quot;action&quot;:&quot;https:\\\/\\\/moncompte.actu.fr&quot;,&quot;category&quot;:&quot;mon compte&quot;,&quot;from&quot;:&quot;article footer&quot;,&quot;name&quot;:&quot;Mon actu&quot;,&quot;type&quot;:&quot;cta&quot;}}\" target=\"_blank\">Mon Actu<\/a>.<\/p>\n","protected":false},"excerpt":{"rendered":"Par David Saint-Sernin Publi\u00e9 le 20 d\u00e9c. 2025 \u00e0 17h33 Vendredi 19\u00a0d\u00e9cembre 2025, le tribunal pour enfants de&hellip;\n","protected":false},"author":2,"featured_media":612205,"comment_status":"","ping_status":"","sticky":false,"template":"","format":"standard","meta":{"footnotes":""},"categories":[2816],"tags":[1111,11,1777,674,1011,27,12,2680,2899,25,104,2312],"class_list":{"0":"post-612204","1":"post","2":"type-post","3":"status-publish","4":"format-standard","5":"has-post-thumbnail","7":"category-toulouse","8":"tag-actu","9":"tag-actualites","10":"tag-eu","11":"tag-europe","12":"tag-fr","13":"tag-france","14":"tag-news","15":"tag-occitanie","16":"tag-prostitution","17":"tag-republique-francaise","18":"tag-societe","19":"tag-toulouse"},"share_on_mastodon":{"url":"https:\/\/pubeurope.com\/@fr\/115753302367632993","error":""},"_links":{"self":[{"href":"https:\/\/www.europesays.com\/fr\/wp-json\/wp\/v2\/posts\/612204","targetHints":{"allow":["GET"]}}],"collection":[{"href":"https:\/\/www.europesays.com\/fr\/wp-json\/wp\/v2\/posts"}],"about":[{"href":"https:\/\/www.europesays.com\/fr\/wp-json\/wp\/v2\/types\/post"}],"author":[{"embeddable":true,"href":"https:\/\/www.europesays.com\/fr\/wp-json\/wp\/v2\/users\/2"}],"replies":[{"embeddable":true,"href":"https:\/\/www.europesays.com\/fr\/wp-json\/wp\/v2\/comments?post=612204"}],"version-history":[{"count":0,"href":"https:\/\/www.europesays.com\/fr\/wp-json\/wp\/v2\/posts\/612204\/revisions"}],"wp:featuredmedia":[{"embeddable":true,"href":"https:\/\/www.europesays.com\/fr\/wp-json\/wp\/v2\/media\/612205"}],"wp:attachment":[{"href":"https:\/\/www.europesays.com\/fr\/wp-json\/wp\/v2\/media?parent=612204"}],"wp:term":[{"taxonomy":"category","embeddable":true,"href":"https:\/\/www.europesays.com\/fr\/wp-json\/wp\/v2\/categories?post=612204"},{"taxonomy":"post_tag","embeddable":true,"href":"https:\/\/www.europesays.com\/fr\/wp-json\/wp\/v2\/tags?post=612204"}],"curies":[{"name":"wp","href":"https:\/\/api.w.org\/{rel}","templated":true}]}}