{"id":612208,"date":"2025-12-20T18:30:27","date_gmt":"2025-12-20T18:30:27","guid":{"rendered":"https:\/\/www.europesays.com\/fr\/612208\/"},"modified":"2025-12-20T18:30:27","modified_gmt":"2025-12-20T18:30:27","slug":"lille-sen-sort-lorient-deroule-bayeux-nouveau-petit-poucet","status":"publish","type":"post","link":"https:\/\/www.europesays.com\/fr\/612208\/","title":{"rendered":"Lille s&rsquo;en sort, Lorient d\u00e9roule, Bayeux nouveau Petit Poucet"},"content":{"rendered":"<p>  Lille a trembl\u00e9 jusqu\u2019au bout<\/p>\n<p>Le LOSC s\u2019est longtemps fait peur avant de venir \u00e0 bout de Lusitanos Saint-Maur (N2, 1-0), samedi \u00e0 Cr\u00e9teil en 32e de finale de la Coupe de France.<\/p>\n<p>Laborieux, les Nordistes ont d\u00fb attendre les dix derni\u00e8res minutes pour faire plier une \u00e9quipe amateur remarquablement organis\u00e9e. L\u2019ouverture du score a \u00e9t\u00e9 sign\u00e9e Marius Broholm (80e).\u00a0<\/p>\n<blockquote data-start=\"916\" data-end=\"1187\">\n<p data-start=\"918\" data-end=\"1187\">Avant cela, Lille avait d\u00e9j\u00e0 touch\u00e9 du bois par H\u00e5kon Haraldsson (66e), apr\u00e8s une tentative repouss\u00e9e d\u2019Ethan Mbapp\u00e9. L\u2019Islandais avait cru ouvrir le score quelques minutes plus t\u00f4t, mais son but a \u00e9t\u00e9 annul\u00e9 pour une faute d\u2019Olivier Giroud au d\u00e9part de l\u2019action (52e).<\/p>\n<\/blockquote>\n<p>  Lorient et Metz au rendez-vous<\/p>\n<p>Les autres clubs de Ligue 1 engag\u00e9s ce samedi apr\u00e8s-midi ont \u00e9galement valid\u00e9 leur billet. Lorient n\u2019a laiss\u00e9 aucune chance au Gosier (R1 Guadeloupe), s\u2019imposant largement 7-0, avec notamment un tripl\u00e9 de Bamba Dieng, auteur d\u2019un festival offensif.<\/p>\n<p>De son c\u00f4t\u00e9, Metz a su faire respecter la hi\u00e9rarchie pour se qualifier sans frayeur face \u00e0 Biesheim (N2), s\u2019imposant 3-0 dans un match ma\u00eetris\u00e9 de bout en bout.<\/p>\n<p>Bayeux, le nouveau Petit Poucet<\/p>\n<p>Bayeux (R1) a d\u00e9cid\u00e9ment plus d&rsquo;un tour dans sa manche. Tombeurs de Caen (N, 3-2) au 7e tour, les amateurs normands ont r\u00e9alis\u00e9 un nouvel exploit en sortant Blois (N2) pour se hisser pour la premi\u00e8re fois de leur histoire en 16es de finale de la Coupe de France, gr\u00e2ce \u00e0 des buts de Quentin Maillette (14e) et Benjamin Renaux (30e).<\/p>\n<p>Dans les autres rencontres de 15h30,\u00a0Chantilly (N2) a mis fin au parcours de Freyming (R2, 0-3), tandis que Troyes (L2) a renvers\u00e9 Marcq-en-Bar\u0153ul (R1, 1-3) gr\u00e2ce \u00e0 une seconde p\u00e9riode plus ma\u00eetris\u00e9e.\u00a0<\/p>\n","protected":false},"excerpt":{"rendered":"Lille a trembl\u00e9 jusqu\u2019au bout Le LOSC s\u2019est longtemps fait peur avant de venir \u00e0 bout de Lusitanos&hellip;\n","protected":false},"author":2,"featured_media":612209,"comment_status":"","ping_status":"","sticky":false,"template":"","format":"standard","meta":{"footnotes":""},"categories":[2815],"tags":[1111,11,15922,1777,674,107,63,1011,27,811,1307,12,25,517,1947],"class_list":{"0":"post-612208","1":"post","2":"type-post","3":"status-publish","4":"format-standard","5":"has-post-thumbnail","7":"category-lille","8":"tag-actu","9":"tag-actualites","10":"tag-coupe-de-france-de-football","11":"tag-eu","12":"tag-europe","13":"tag-fil-info","14":"tag-football","15":"tag-fr","16":"tag-france","17":"tag-hauts-de-france","18":"tag-lille","19":"tag-news","20":"tag-republique-francaise","21":"tag-sport","22":"tag-sport-national"},"share_on_mastodon":{"url":"https:\/\/pubeurope.com\/@fr\/115753321977755195","error":""},"_links":{"self":[{"href":"https:\/\/www.europesays.com\/fr\/wp-json\/wp\/v2\/posts\/612208","targetHints":{"allow":["GET"]}}],"collection":[{"href":"https:\/\/www.europesays.com\/fr\/wp-json\/wp\/v2\/posts"}],"about":[{"href":"https:\/\/www.europesays.com\/fr\/wp-json\/wp\/v2\/types\/post"}],"author":[{"embeddable":true,"href":"https:\/\/www.europesays.com\/fr\/wp-json\/wp\/v2\/users\/2"}],"replies":[{"embeddable":true,"href":"https:\/\/www.europesays.com\/fr\/wp-json\/wp\/v2\/comments?post=612208"}],"version-history":[{"count":0,"href":"https:\/\/www.europesays.com\/fr\/wp-json\/wp\/v2\/posts\/612208\/revisions"}],"wp:featuredmedia":[{"embeddable":true,"href":"https:\/\/www.europesays.com\/fr\/wp-json\/wp\/v2\/media\/612209"}],"wp:attachment":[{"href":"https:\/\/www.europesays.com\/fr\/wp-json\/wp\/v2\/media?parent=612208"}],"wp:term":[{"taxonomy":"category","embeddable":true,"href":"https:\/\/www.europesays.com\/fr\/wp-json\/wp\/v2\/categories?post=612208"},{"taxonomy":"post_tag","embeddable":true,"href":"https:\/\/www.europesays.com\/fr\/wp-json\/wp\/v2\/tags?post=612208"}],"curies":[{"name":"wp","href":"https:\/\/api.w.org\/{rel}","templated":true}]}}