{"id":61221,"date":"2025-04-29T07:21:08","date_gmt":"2025-04-29T07:21:08","guid":{"rendered":"https:\/\/www.europesays.com\/fr\/61221\/"},"modified":"2025-04-29T07:21:08","modified_gmt":"2025-04-29T07:21:08","slug":"a-toulon-le-parking-du-zenith-et-ses-connexions-avec-le-centre-ville","status":"publish","type":"post","link":"https:\/\/www.europesays.com\/fr\/61221\/","title":{"rendered":"\u00c0 Toulon, le parking du Z\u00e9nith et ses connexions avec le centre-ville"},"content":{"rendered":"\n<p>La mise en exploitation de ce nouveau parking de 650\u00a0places il y a \u00e0 peu pr\u00e8s 18 mois de cela avait fait grincer des dents des associations militant pour le transport collectif qui d\u00e9non\u00e7aient un nouvel appel d\u2019air pour les automobilistes. La M\u00e9tropole soulignait de son c\u00f4t\u00e9 l\u2019importance de faciliter l\u2019acc\u00e8s \u00e0 ce quartier en plein d\u00e9veloppement \u00e0 proximit\u00e9 des gares routi\u00e8res et SNCF. Une multimodalit\u00e9 qui a une nouvelle fois \u00e9t\u00e9 soulign\u00e9e lundi apr\u00e8s-midi devant l\u2019\u00e9quipement qui poss\u00e8de une terrasse et un toit v\u00e9g\u00e9talis\u00e9s et des panneaux solaires. \u00ab\u00a0La M\u00e9tropole a des ambitions dans tout ce qui concerne le domaine de la mobilit\u00e9\u00a0\u00bb, a pr\u00e9cis\u00e9 Genevi\u00e8ve Levy, la vice-pr\u00e9sidente de la collectivit\u00e9 en charge des Transports, qui a expliqu\u00e9 \u00ab\u00a0la volont\u00e9 de mettre en corr\u00e9lation les diff\u00e9rents modes de d\u00e9placement en donnant une part de plus en plus r\u00e9duite aux v\u00e9hicules\u00a0\u00bb. Et de poursuivre\u00a0: \u00ab\u00a0Il n\u2019emp\u00eache qu\u2019il y a des besoins des usagers auxquels nous devons r\u00e9pondre.\u00a0\u00bb La connexion entre la haute-ville et le centre, facilit\u00e9 ici par un passage pi\u00e9ton, a \u00e9galement \u00e9t\u00e9 mise en avant. L\u2019adjoint au maire de Toulon Amaury Charreton en charge des parkings a insist\u00e9 lui aussi sur le r\u00f4le de cet \u00ab\u00a0\u00e9quipement essentiel\u00a0\u00bb qui doit permettre de d\u00e9sengorger celui de la gare par une politique tarifaire comparativement attractive.<\/p>\n","protected":false},"excerpt":{"rendered":"La mise en exploitation de ce nouveau parking de 650\u00a0places il y a \u00e0 peu pr\u00e8s 18 mois&hellip;\n","protected":false},"author":2,"featured_media":61222,"comment_status":"","ping_status":"","sticky":false,"template":"","format":"standard","meta":{"footnotes":""},"categories":[9619],"tags":[1111,11,1777,674,1011,27,12,882,25,6173,2310],"class_list":{"0":"post-61221","1":"post","2":"type-post","3":"status-publish","4":"format-standard","5":"has-post-thumbnail","7":"category-toulon","8":"tag-actu","9":"tag-actualites","10":"tag-eu","11":"tag-europe","12":"tag-fr","13":"tag-france","14":"tag-news","15":"tag-provence-alpes-cote-dazur","16":"tag-republique-francaise","17":"tag-stationnement","18":"tag-toulon"},"share_on_mastodon":{"url":"https:\/\/pubeurope.com\/@fr\/114420048436839514","error":""},"_links":{"self":[{"href":"https:\/\/www.europesays.com\/fr\/wp-json\/wp\/v2\/posts\/61221","targetHints":{"allow":["GET"]}}],"collection":[{"href":"https:\/\/www.europesays.com\/fr\/wp-json\/wp\/v2\/posts"}],"about":[{"href":"https:\/\/www.europesays.com\/fr\/wp-json\/wp\/v2\/types\/post"}],"author":[{"embeddable":true,"href":"https:\/\/www.europesays.com\/fr\/wp-json\/wp\/v2\/users\/2"}],"replies":[{"embeddable":true,"href":"https:\/\/www.europesays.com\/fr\/wp-json\/wp\/v2\/comments?post=61221"}],"version-history":[{"count":0,"href":"https:\/\/www.europesays.com\/fr\/wp-json\/wp\/v2\/posts\/61221\/revisions"}],"wp:featuredmedia":[{"embeddable":true,"href":"https:\/\/www.europesays.com\/fr\/wp-json\/wp\/v2\/media\/61222"}],"wp:attachment":[{"href":"https:\/\/www.europesays.com\/fr\/wp-json\/wp\/v2\/media?parent=61221"}],"wp:term":[{"taxonomy":"category","embeddable":true,"href":"https:\/\/www.europesays.com\/fr\/wp-json\/wp\/v2\/categories?post=61221"},{"taxonomy":"post_tag","embeddable":true,"href":"https:\/\/www.europesays.com\/fr\/wp-json\/wp\/v2\/tags?post=61221"}],"curies":[{"name":"wp","href":"https:\/\/api.w.org\/{rel}","templated":true}]}}