{"id":612214,"date":"2025-12-20T18:34:22","date_gmt":"2025-12-20T18:34:22","guid":{"rendered":"https:\/\/www.europesays.com\/fr\/612214\/"},"modified":"2025-12-20T18:34:22","modified_gmt":"2025-12-20T18:34:22","slug":"trois-pop-up-a-lyon-ce-dimanche","status":"publish","type":"post","link":"https:\/\/www.europesays.com\/fr\/612214\/","title":{"rendered":"trois pop-up \u00e0 Lyon ce dimanche"},"content":{"rendered":"<p>                            <img loading=\"lazy\" width=\"1200\" height=\"750\" class=\"attachment-article size-article wp-post-image lazyload\" alt=\"March\u00e9 de No\u00ebl Villeurbanne\" decoding=\"async\" src=\"https:\/\/www.europesays.com\/fr\/wp-content\/uploads\/2025\/12\/Marche-de-Noel-\u00a9Hugo-Voluzan-Ville-de-Villeurbanne-e1765380838562.jpg\" data-eio-rwidth=\"1200\" data-eio-rheight=\"750\"\/><\/p>\n<p>Inauguration du marche\u0301 de noel avenue Inauguration du marche\u0301 de noel avenue henri barbusse \u00a9Hugo VOLUZAN barbusse \u00a9Hugo VOLUZAN<\/p>\n<p class=\"content\" style=\"font-size:1.2em;font-weight:700\">Alors que No\u00ebl approche \u00e0 grand pas, vous manquez d&rsquo;id\u00e9es de cadeaux sous le sapin ? Lyon Capitale vous s\u00e9lectionne trois pop-up o\u00f9 d\u00e9nicher des pi\u00e8ces uniques \u00e0 offrir. <\/p>\n<p><strong>Un march\u00e9 de No\u00ebl enchanteur <\/strong><\/p>\n<p><img loading=\"lazy\" decoding=\"async\" width=\"851\" height=\"315\" alt=\"\" class=\"wp-image-475069 lazyload\" src=\"https:\/\/www.europesays.com\/fr\/wp-content\/uploads\/2025\/12\/1766255659_956_589916666_1492294712457795_6165552918596784995_n.jpg\" data-eio-rwidth=\"851\" data-eio-rheight=\"315\"\/><\/p>\n<p>\u00c0 l&rsquo;approche des f\u00eates, la galerie BosKop et le Fl\u00e2neur Guesthouse invitent les Lyonnais \u00e0 une parenth\u00e8se festive et cr\u00e9ative sur leur March\u00e9 de No\u00ebl Enchanteur. De 16 h \u00e0 20 h, une s\u00e9lection d&rsquo;artistes et de cr\u00e9ateurs ind\u00e9pendants pr\u00e9sentera des univers singuliers au c\u0153ur de la Guilloti\u00e8re : s\u00e9rigraphies, bandes dessin\u00e9es, illustrations, fanzines, textiles ou encore objets originaux. Entre deux d\u00e9couvertes, les visiteurs pourront se r\u00e9chauffer autour d&rsquo;une boisson chaude et profiter d&rsquo;animations festives. <\/p>\n<p>60 rue S\u00e9bastien Gryphe, Lyon 7e. Entr\u00e9e libre. Plus d&rsquo;informations <a href=\"https:\/\/www.facebook.com\/events\/838025952283516\/?acontext=%7B%22event_action_history%22%3A[%7B%22mechanism%22%3A%22discovery_custom_tab%22%2C%22surface%22%3A%22bookmark%22%7D]%2C%22ref_notif_type%22%3Anull%7D\" target=\"_blank\" rel=\"noreferrer noopener\">ici<\/a>.<\/p>\n<p><strong>Un Merry Pop-Up dans le 1er arrondissement<\/strong><\/p>\n<p><img loading=\"lazy\" decoding=\"async\" width=\"1080\" height=\"720\" alt=\"\" class=\"wp-image-475071 lazyload\" src=\"https:\/\/www.europesays.com\/fr\/wp-content\/uploads\/2025\/12\/Affiche-Pop-Up-Store-edited.jpg\" data-eio-rwidth=\"1080\" data-eio-rheight=\"720\"\/><\/p>\n<p>\u00c0 deux pas de la place Santhonay, dans le 1er arrondissiement, une dizaine de cr\u00e9ateurs et artistes se r\u00e9unissent pour proposer un pop-up \u00e9clectique m\u00ealant illustration, photographie et bijoux s\u00e9lectionn\u00e9 par Lulou Cr\u00e9ativ&rsquo;. De 10 h \u00e0 20 h, retrouvez des produits fran\u00e7ais, uniques et pratiques, qui met en avant le travail fait \u00e0 la main, avec soin et sens. Un espace est \u00e9galement d\u00e9di\u00e9 aux tatouages et aux piercings. <\/p>\n<p>Place Fernand Rey, Lyon 1er. Entr\u00e9e libre. Plus d&rsquo;informations <a href=\"https:\/\/www.instagram.com\/p\/DSVag7ACO1m\/?img_index=1\" target=\"_blank\" rel=\"noreferrer noopener\">ici<\/a>.<\/p>\n<p><strong>Un rendez-vous mode et accessoires<\/strong><\/p>\n<p><img loading=\"lazy\" decoding=\"async\" width=\"555\" height=\"370\" alt=\"\" class=\"wp-image-475074 lazyload\" src=\"https:\/\/www.europesays.com\/fr\/wp-content\/uploads\/2025\/12\/Capture-decran-2025-12-20-a-15.21.36-edited.jpg\" data-eio-rwidth=\"555\" data-eio-rheight=\"370\"\/><\/p>\n<p>La marque lyonnaise Mad Peonies pose ses valises \u00e0 Lyon et investit la Presqu&rsquo;\u00eele le temps d&rsquo;un pop-up store tr\u00e8s attendu. Pl\u00e9biscit\u00e9e sur les r\u00e9seaux sociaux, la marque s&rsquo;installe dans le 2e arrondissement jusqu&rsquo;\u00e0 demain, offrant aux Lyonnaises l&rsquo;occasion de d\u00e9couvrir son univers p\u00e9tillant juste avant les f\u00eates. La griffe propose une s\u00e9lection pens\u00e9e pour la p\u00e9riode des f\u00eates, avec des touches scintillantes, mais aussi des sacs et bijoux. Pour les retardataires, la marque propose \u00e9galement une s\u00e9lection de cadeaux, allant de la bouillote en velours, \u00e0 une thermos, en passant par de la papeterie. Plus qu&rsquo;\u00e0 faire votre choix ! <\/p>\n<p>23 rue du Port du Temple, Lyon 2e. Entr\u00e9e Libre. Plus d&rsquo;informations <a href=\"https:\/\/www.instagram.com\/madpeonies\/\" target=\"_blank\" rel=\"noopener\">ici<\/a>.<\/p>\n<p>    <script async src=\"\/\/www.instagram.com\/embed.js\"><\/script><\/p>\n","protected":false},"excerpt":{"rendered":"Inauguration du marche\u0301 de noel avenue Inauguration du marche\u0301 de noel avenue henri barbusse \u00a9Hugo VOLUZAN barbusse \u00a9Hugo&hellip;\n","protected":false},"author":2,"featured_media":612215,"comment_status":"","ping_status":"","sticky":false,"template":"","format":"standard","meta":{"footnotes":""},"categories":[1889],"tags":[1111,11,2430,1777,674,62974,1011,27,2428,12,25,2429],"class_list":{"0":"post-612214","1":"post","2":"type-post","3":"status-publish","4":"format-standard","5":"has-post-thumbnail","7":"category-lyon","8":"tag-actu","9":"tag-actualites","10":"tag-auvergne-rhone-alpes","11":"tag-eu","12":"tag-europe","13":"tag-fetes-de-noel","14":"tag-fr","15":"tag-france","16":"tag-lyon","17":"tag-news","18":"tag-republique-francaise","19":"tag-rhone"},"share_on_mastodon":{"url":"https:\/\/pubeurope.com\/@fr\/115753341370049791","error":""},"_links":{"self":[{"href":"https:\/\/www.europesays.com\/fr\/wp-json\/wp\/v2\/posts\/612214","targetHints":{"allow":["GET"]}}],"collection":[{"href":"https:\/\/www.europesays.com\/fr\/wp-json\/wp\/v2\/posts"}],"about":[{"href":"https:\/\/www.europesays.com\/fr\/wp-json\/wp\/v2\/types\/post"}],"author":[{"embeddable":true,"href":"https:\/\/www.europesays.com\/fr\/wp-json\/wp\/v2\/users\/2"}],"replies":[{"embeddable":true,"href":"https:\/\/www.europesays.com\/fr\/wp-json\/wp\/v2\/comments?post=612214"}],"version-history":[{"count":0,"href":"https:\/\/www.europesays.com\/fr\/wp-json\/wp\/v2\/posts\/612214\/revisions"}],"wp:featuredmedia":[{"embeddable":true,"href":"https:\/\/www.europesays.com\/fr\/wp-json\/wp\/v2\/media\/612215"}],"wp:attachment":[{"href":"https:\/\/www.europesays.com\/fr\/wp-json\/wp\/v2\/media?parent=612214"}],"wp:term":[{"taxonomy":"category","embeddable":true,"href":"https:\/\/www.europesays.com\/fr\/wp-json\/wp\/v2\/categories?post=612214"},{"taxonomy":"post_tag","embeddable":true,"href":"https:\/\/www.europesays.com\/fr\/wp-json\/wp\/v2\/tags?post=612214"}],"curies":[{"name":"wp","href":"https:\/\/api.w.org\/{rel}","templated":true}]}}