{"id":612216,"date":"2025-12-20T18:35:34","date_gmt":"2025-12-20T18:35:34","guid":{"rendered":"https:\/\/www.europesays.com\/fr\/612216\/"},"modified":"2025-12-20T18:35:34","modified_gmt":"2025-12-20T18:35:34","slug":"metropole-de-lyon-au-tonkin-une-amelioration-immense-mais-des-points-de-deal-persistants","status":"publish","type":"post","link":"https:\/\/www.europesays.com\/fr\/612216\/","title":{"rendered":"M\u00e9tropole de Lyon. Au Tonkin, \u00ab\u00a0une am\u00e9lioration immense\u00a0\u00bb mais des points de deal persistants"},"content":{"rendered":"<p>Verre \u00e0 moiti\u00e9 vide ou \u00e0 moiti\u00e9 plein. Apr\u00e8s des ann\u00e9es d\u2019emprise du narcotrafic sur le quartier du Tonkin, \u00e0 Villeurbanne, la situation semble en net progr\u00e8s pour ses r\u00e9sidents, sans que la question soit r\u00e9gl\u00e9e.<\/p>\n<p>Illustration boulevard du 11-Novembre-1918, dans le nord du quartier, o\u00f9 <a href=\"https:\/\/www.leprogres.fr\/faits-divers-justice\/2024\/12\/09\/villeurbanne-un-nouveau-blesse-par-balle-au-tonkin-les-trams-a-l-arret\" target=\"_blank\" rel=\"noopener\">les fusillades se multipliaient<\/a> il y a plus d\u2019un an. Le 31\u00a0octobre 2024, un homme \u00e9tait abattu \u00e0 bout portant sur un point de deal\u00a0; quelques jours plus tard, <a href=\"https:\/\/www.leprogres.fr\/faits-divers-justice\/2024\/11\/04\/on-a-peur-cagoules-ou-masques-les-dealers-sont-tout-de-suite-revenus-au-tonkin-apres-le-meurtre-d-halloween\" target=\"_blank\" rel=\"noopener\">Le Progr\u00e8s<\/a><a href=\"https:\/\/www.leprogres.fr\/faits-divers-justice\/2024\/11\/04\/on-a-peur-cagoules-ou-masques-les-dealers-sont-tout-de-suite-revenus-au-tonkin-apres-le-meurtre-d-halloween\" target=\"_blank\" rel=\"noopener\"> constatait le retour des dealers<\/a> , dans une quasi-impunit\u00e9. Cette situation para\u00eet d\u00e9sormais apais\u00e9e. Sur la passerelle o\u00f9 l\u2019on croisait des vendeurs de stup\u00e9fiants, il n\u2019y a personne en milieu de journ\u00e9e ce 19 d\u00e9cembre. Un trentenaire qui vit dans la r\u00e9sidence proche confirme que \u00ab\u00a0les policiers ont fait de nombreuses descentes, les dealers ne sont plus l\u00e0 depuis bient\u00f4t un an\u00a0\u00bb.<\/p>\n<p>\u00ab\u00a0Tout cela est toujours fragile\u00a0\u00bb<\/p>\n<p>Plus au&#8230;<\/p>\n","protected":false},"excerpt":{"rendered":"Verre \u00e0 moiti\u00e9 vide ou \u00e0 moiti\u00e9 plein. Apr\u00e8s des ann\u00e9es d\u2019emprise du narcotrafic sur le quartier du&hellip;\n","protected":false},"author":2,"featured_media":612217,"comment_status":"","ping_status":"","sticky":false,"template":"","format":"standard","meta":{"footnotes":""},"categories":[1889],"tags":[1111,11,2430,271,272,2757,1777,674,274,107,1011,27,2428,8721,12,25,2429,3151,6345,6346],"class_list":{"0":"post-612216","1":"post","2":"type-post","3":"status-publish","4":"format-standard","5":"has-post-thumbnail","7":"category-lyon","8":"tag-actu","9":"tag-actualites","10":"tag-auvergne-rhone-alpes","11":"tag-crime","12":"tag-delit-et-contravention","13":"tag-edition-lyon-villeurbanne","14":"tag-eu","15":"tag-europe","16":"tag-faits-divers-justice","17":"tag-fil-info","18":"tag-fr","19":"tag-france","20":"tag-lyon","21":"tag-narcotrafic","22":"tag-news","23":"tag-republique-francaise","24":"tag-rhone","25":"tag-selection-de-la-redaction-69","26":"tag-villeurbanne","27":"tag-villeurbanne-bassin"},"share_on_mastodon":{"url":"https:\/\/pubeurope.com\/@fr\/115753341665331938","error":""},"_links":{"self":[{"href":"https:\/\/www.europesays.com\/fr\/wp-json\/wp\/v2\/posts\/612216","targetHints":{"allow":["GET"]}}],"collection":[{"href":"https:\/\/www.europesays.com\/fr\/wp-json\/wp\/v2\/posts"}],"about":[{"href":"https:\/\/www.europesays.com\/fr\/wp-json\/wp\/v2\/types\/post"}],"author":[{"embeddable":true,"href":"https:\/\/www.europesays.com\/fr\/wp-json\/wp\/v2\/users\/2"}],"replies":[{"embeddable":true,"href":"https:\/\/www.europesays.com\/fr\/wp-json\/wp\/v2\/comments?post=612216"}],"version-history":[{"count":0,"href":"https:\/\/www.europesays.com\/fr\/wp-json\/wp\/v2\/posts\/612216\/revisions"}],"wp:featuredmedia":[{"embeddable":true,"href":"https:\/\/www.europesays.com\/fr\/wp-json\/wp\/v2\/media\/612217"}],"wp:attachment":[{"href":"https:\/\/www.europesays.com\/fr\/wp-json\/wp\/v2\/media?parent=612216"}],"wp:term":[{"taxonomy":"category","embeddable":true,"href":"https:\/\/www.europesays.com\/fr\/wp-json\/wp\/v2\/categories?post=612216"},{"taxonomy":"post_tag","embeddable":true,"href":"https:\/\/www.europesays.com\/fr\/wp-json\/wp\/v2\/tags?post=612216"}],"curies":[{"name":"wp","href":"https:\/\/api.w.org\/{rel}","templated":true}]}}