{"id":612218,"date":"2025-12-20T18:39:18","date_gmt":"2025-12-20T18:39:18","guid":{"rendered":"https:\/\/www.europesays.com\/fr\/612218\/"},"modified":"2025-12-20T18:39:18","modified_gmt":"2025-12-20T18:39:18","slug":"3b-clim-mise-sur-la-diversite-de-ses-clients-et-marches","status":"publish","type":"post","link":"https:\/\/www.europesays.com\/fr\/612218\/","title":{"rendered":"3B Clim mise sur la diversit\u00e9 de ses clients et march\u00e9s"},"content":{"rendered":"<p class=\"c-paragraph\">Une page se tourne pour 3B Clim avec, en cette fin 2025, le d\u00e9part de deux de ses quatre associ\u00e9s, dont celui en retraite de Serge Bravais, l\u2019actuel dirigeant. \u00ab Nous allons r\u00e9organiser l\u2019entreprise en cr\u00e9ant une holding et faire rentrer quatre jeunes cadres dans l\u2019actionnariat \u00bb, indique Eric Lhomond, directeur commercial, qui prendra la pr\u00e9sidence de la PME le 1er janvier prochain. Laurent Wattelle, directeur des travaux, assurera la direction g\u00e9n\u00e9rale.<\/p>\n<p>Groupement d\u2019achats<\/p>\n<p class=\"c-paragraph\">Entreprise de g\u00e9nie thermique (climatisation, ventilation, chauffage\u2026) cr\u00e9\u00e9e en 2006, 3B Clim intervient dans de multiples secteurs : sant\u00e9, h\u00f4tellerie, industrie, commerces\u2026 Les 120 chantiers en cours, y compris le SAV et la maintenance, s\u2019\u00e9chelonnent de 3 000 \u20ac \u00e0 3 M\u20ac. Pour soutenir son activit\u00e9, la soci\u00e9t\u00e9 adh\u00e8re depuis 2012 au groupement d\u2019achats Kaeli. \u00ab En obtenant de meilleurs prix aupr\u00e8s de nos fournisseurs, nous pouvons nous montrer plus comp\u00e9titifs face aux grands acteurs nationaux \u00bb, met en avant le directeur commercial.<\/p>\n<p class=\"c-paragraph\">La PME conna\u00eet \u00ab un faible turn-over \u00bb en raison notamment de sa politique salariale : 13e mois, prime au m\u00e9rite et int\u00e9ressement. \u00ab Les r\u00e9sultats sont r\u00e9partis en trois tiers : les investissements, les actionnaires &#8211; tous actifs dans l\u2019entreprise &#8211; et les salari\u00e9s \u00bb, d\u00e9taille Eric Lhomond. Tous les ans, la direction convie ses collaborateurs \u00e0 une pr\u00e9sentation des comptes, suivie du No\u00ebl de l\u2019entreprise.<\/p>\n<p class=\"c-paragraph\">Autant d\u2019engagements qui figurent dans la charte RSE adopt\u00e9e en 2020.<\/p>\n<p class=\"c-paragraph\">Depuis septembre, l\u2019activit\u00e9 a un peu marqu\u00e9 le pas, constate Eric Lhomond, qui compte sur la diversit\u00e9 des clients de 3B Clim pour passer ce cap.<\/p>\n<p><img decoding=\"async\" data-chromatic=\"ignore\" alt=\"Ile-de-France : 3B Clim mise sur la diversit&#xE9; de ses clients et march&#xE9;s\" class=\"c-image\" loading=\"lazy\" src=\"https:\/\/www.europesays.com\/fr\/wp-content\/uploads\/2025\/12\/X4DTME6BMBEK3MSCM5TSFEWOQQ.jpg\"  width=\"800\" height=\"824\"\/>3B Clim <\/p>\n","protected":false},"excerpt":{"rendered":"Une page se tourne pour 3B Clim avec, en cette fin 2025, le d\u00e9part de deux de ses&hellip;\n","protected":false},"author":2,"featured_media":612219,"comment_status":"","ping_status":"","sticky":false,"template":"","format":"standard","meta":{"footnotes":""},"categories":[1592],"tags":[1111,11,72327,1777,674,1011,27,662,12,626,72328,25,7333],"class_list":{"0":"post-612218","1":"post","2":"type-post","3":"status-publish","4":"format-standard","5":"has-post-thumbnail","7":"category-ile-de-france","8":"tag-actu","9":"tag-actualites","10":"tag-entreprises-de-batiment","11":"tag-eu","12":"tag-europe","13":"tag-fr","14":"tag-france","15":"tag-ile-de-france","16":"tag-news","17":"tag-paris","18":"tag-prix-moniteur-de-la-construction","19":"tag-republique-francaise","20":"tag-vie-du-btp"},"share_on_mastodon":{"url":"https:\/\/pubeurope.com\/@fr\/115753358547895328","error":""},"_links":{"self":[{"href":"https:\/\/www.europesays.com\/fr\/wp-json\/wp\/v2\/posts\/612218","targetHints":{"allow":["GET"]}}],"collection":[{"href":"https:\/\/www.europesays.com\/fr\/wp-json\/wp\/v2\/posts"}],"about":[{"href":"https:\/\/www.europesays.com\/fr\/wp-json\/wp\/v2\/types\/post"}],"author":[{"embeddable":true,"href":"https:\/\/www.europesays.com\/fr\/wp-json\/wp\/v2\/users\/2"}],"replies":[{"embeddable":true,"href":"https:\/\/www.europesays.com\/fr\/wp-json\/wp\/v2\/comments?post=612218"}],"version-history":[{"count":0,"href":"https:\/\/www.europesays.com\/fr\/wp-json\/wp\/v2\/posts\/612218\/revisions"}],"wp:featuredmedia":[{"embeddable":true,"href":"https:\/\/www.europesays.com\/fr\/wp-json\/wp\/v2\/media\/612219"}],"wp:attachment":[{"href":"https:\/\/www.europesays.com\/fr\/wp-json\/wp\/v2\/media?parent=612218"}],"wp:term":[{"taxonomy":"category","embeddable":true,"href":"https:\/\/www.europesays.com\/fr\/wp-json\/wp\/v2\/categories?post=612218"},{"taxonomy":"post_tag","embeddable":true,"href":"https:\/\/www.europesays.com\/fr\/wp-json\/wp\/v2\/tags?post=612218"}],"curies":[{"name":"wp","href":"https:\/\/api.w.org\/{rel}","templated":true}]}}