{"id":612220,"date":"2025-12-20T18:40:19","date_gmt":"2025-12-20T18:40:19","guid":{"rendered":"https:\/\/www.europesays.com\/fr\/612220\/"},"modified":"2025-12-20T18:40:19","modified_gmt":"2025-12-20T18:40:19","slug":"la-justice-egyptienne-autorise-le-celebre-militant-alaa-abd-el-fattah-a-voyager-a-letranger","status":"publish","type":"post","link":"https:\/\/www.europesays.com\/fr\/612220\/","title":{"rendered":"La justice \u00e9gyptienne autorise le c\u00e9l\u00e8bre militant Alaa Abd El-Fattah \u00e0 voyager \u00e0 l\u2019\u00e9tranger"},"content":{"rendered":"<p>                      <img loading=\"lazy\" decoding=\"async\" src=\"https:\/\/www.europesays.com\/fr\/wp-content\/uploads\/2025\/12\/b5c66c0_ftp-import-images-1-6f8ilxszc82f-35d36b7010cb4ccaacd21e9d0bb0d96c-0-3b7d63a2c10845749f484fa6.jpeg\" alt=\"Le militant \u00e9gyptien Alaa Abd El-Fattah avec sa m\u00e8re, au Caire, En Egypte, le 23\u00a0septembre 2025. \"   width=\"664\" height=\"443\"\/>    Le militant \u00e9gyptien Alaa Abd El-Fattah avec sa m\u00e8re, au Caire, En Egypte, le 23\u00a0septembre 2025.  AMR NABIL \/ AP                          <\/p>\n<p class=\"article__paragraph  \">La justice \u00e9gyptienne a lev\u00e9 une interdiction de voyage frappant le c\u00e9l\u00e8bre militant \u00e9gypto-britannique des droits humains Alaa Abd El-Fattah, a dit son avocat \u00e0 l\u2019Agence France-Presse (AFP), samedi 20\u00a0d\u00e9cembre. Figure embl\u00e9matique du soul\u00e8vement de 2011 contre le pouvoir du pr\u00e9sident Hosni Moubarak en Egypte, Alaa Abdel-Fattah, 44\u00a0ans, a pass\u00e9 la majeure partie de la derni\u00e8re d\u00e9cennie derri\u00e8re les barreaux.<\/p>\n<p>                                            Lire aussi |  Article r\u00e9serv\u00e9 \u00e0 nos abonn\u00e9s  <a href=\"https:\/\/www.lemonde.fr\/international\/article\/2025\/09\/23\/le-militant-egyptien-alaa-abd-el-fattah-est-libre-apres-plus-de-onze-ans-en-prison_6642610_3210.html\" class=\"js-article-read-also catcher--favoris__link\" data-premium=\"1\" id=\"article-title-3439159\" target=\"_blank\" rel=\"noopener\">Le militant \u00e9gyptien Alaa Abd El-Fattah est libre, apr\u00e8s plus de onze ans en prison<\/a>    <\/p>\n<p>   Lire plus tard  <\/p>\n<p class=\"article__paragraph  \">En septembre, <a href=\"https:\/\/www.lemonde.fr\/afrique\/article\/2025\/09\/22\/le-militant-alaa-abd-el-fattah-figure-de-la-revolution-egyptienne-gracie-par-le-president-al-sissi-apres-des-annees-de-detention_6642432_3212.html\" target=\"_blank\" rel=\"noopener\">il avait b\u00e9n\u00e9fici\u00e9 d\u2019une gr\u00e2ce accord\u00e9e par le pr\u00e9sident Abdel Fattah Al-Sissi <\/a>apr\u00e8s de longs mois d\u2019attente et de mobilisation intense. Malgr\u00e9 cette gr\u00e2ce, les autorit\u00e9s \u00e9gyptiennes l\u2019avaient emp\u00each\u00e9, le mois dernier \u00e0 l\u2019a\u00e9roport du\u00a0Caire, de s\u2019envoler pour le Royaume-Uni, avait fait savoir sa s\u0153ur Sanaa Seif.<\/p>\n<p class=\"article__paragraph  \">Il devait recevoir le prix Magnitsky, d\u00e9cern\u00e9 conjointement \u00e0 lui et \u00e0 sa m\u00e8re, la math\u00e9maticienne <a href=\"https:\/\/www.lemonde.fr\/international\/article\/2025\/02\/07\/a-londres-la-greve-de-la-faim-de-laila-soueif-mere-courage-de-l-opposition-egyptienne_6535358_3210.html\" target=\"_blank\" rel=\"noopener\">Laila Soueif<\/a>, figure de la gauche intellectuelle. \u00ab\u00a0Le procureur g\u00e9n\u00e9ral a approuv\u00e9 la lev\u00e9e du nom d\u2019Alaa Abd El-Fattah des listes d\u2019interdiction de voyage, sur la base d\u2019une demande d\u00e9pos\u00e9e de notre part\u00a0\u00bb, a d\u00e9clar\u00e9 samedi Me\u00a0Khaled Ali.<\/p>\n<p>                    Un militant embl\u00e9matique de la r\u00e9volution de 2011                    <\/p>\n<p class=\"article__paragraph  \">Oppos\u00e9 aux autorit\u00e9s ayant succ\u00e9d\u00e9 \u00e0 Hosni Moubarak, Alaa Abd El-Fattah avait \u00e9t\u00e9 arr\u00eat\u00e9 pour la derni\u00e8re fois en\u00a02019, parce qu\u2019il avait publi\u00e9 sur Facebook un message \u00e9voquant des violences polici\u00e8res, puis condamn\u00e9 \u00e0 cinq ans de prison en\u00a02021 pour \u00ab\u00a0fausses informations\u00a0\u00bb, une accusation fr\u00e9quemment utilis\u00e9e en Egypte contre les voix dissidentes.<\/p>\n<p class=\"article__paragraph  \">Deux mois avant sa lib\u00e9ration, un tribunal du\u00a0Caire avait retir\u00e9 son nom de la liste des personnes soup\u00e7onn\u00e9es de terrorisme, concluant qu\u2019il n\u2019entretenait plus aucun lien avec les Fr\u00e8res musulmans, mouvement interdit en Egypte.<\/p>\n<p class=\"article__paragraph  \">Depuis 2022, les autorit\u00e9s \u00e9gyptiennes ont lib\u00e9r\u00e9 des centaines de d\u00e9tenus et graci\u00e9 plusieurs figures de l\u2019opposition. Les organisations de d\u00e9fense des droits humains estiment toutefois que des dizaines de milliers de prisonniers politiques restent d\u00e9tenus, des accusations rejet\u00e9es par les autorit\u00e9s.<\/p>\n<p>                                       Lire aussi (2022) :  Article r\u00e9serv\u00e9 \u00e0 nos abonn\u00e9s  <a href=\"https:\/\/www.lemonde.fr\/international\/article\/2022\/05\/24\/en-egypte-la-greve-de-la-faim-d-alaa-abdel-fattah-defi-lance-au-president-sissi_6127455_3210.html\" class=\"js-article-read-also catcher--favoris__link\" data-premium=\"1\" id=\"article-title-3274650\" target=\"_blank\" rel=\"noopener\">En Egypte, la gr\u00e8ve de la faim d\u2019Alaa Abd El-Fattah, d\u00e9fi lanc\u00e9 au pr\u00e9sident Al-Sissi<\/a>    <\/p>\n<p>   Lire plus tard  <\/p>\n<p class=\"author__detail\">  Le Monde avec AFP  <\/p>\n<p>                <a href=\"https:\/\/www.lemonde.fr\/syndication\/\" class=\"reuse__content\" title=\"R\u00e9utiliser ce contenu\" target=\"_blank\" rel=\"noopener\">R\u00e9utiliser ce contenu<\/a>      <\/p>\n","protected":false},"excerpt":{"rendered":"Le militant \u00e9gyptien Alaa Abd El-Fattah avec sa m\u00e8re, au Caire, En Egypte, le 23\u00a0septembre 2025. AMR NABIL&hellip;\n","protected":false},"author":2,"featured_media":612221,"comment_status":"","ping_status":"","sticky":false,"template":"","format":"standard","meta":{"footnotes":""},"categories":[1888],"tags":[1111,1928,11,1927,1777,674,1011,27,12,1926,626,1925,25],"class_list":{"0":"post-612220","1":"post","2":"type-post","3":"status-publish","4":"format-standard","5":"has-post-thumbnail","7":"category-paris","8":"tag-actu","9":"tag-actu-paris","10":"tag-actualites","11":"tag-actualites-paris","12":"tag-eu","13":"tag-europe","14":"tag-fr","15":"tag-france","16":"tag-news","17":"tag-news-paris","18":"tag-paris","19":"tag-paris-news","20":"tag-republique-francaise"},"share_on_mastodon":{"url":"https:\/\/pubeurope.com\/@fr\/115753361613433688","error":""},"_links":{"self":[{"href":"https:\/\/www.europesays.com\/fr\/wp-json\/wp\/v2\/posts\/612220","targetHints":{"allow":["GET"]}}],"collection":[{"href":"https:\/\/www.europesays.com\/fr\/wp-json\/wp\/v2\/posts"}],"about":[{"href":"https:\/\/www.europesays.com\/fr\/wp-json\/wp\/v2\/types\/post"}],"author":[{"embeddable":true,"href":"https:\/\/www.europesays.com\/fr\/wp-json\/wp\/v2\/users\/2"}],"replies":[{"embeddable":true,"href":"https:\/\/www.europesays.com\/fr\/wp-json\/wp\/v2\/comments?post=612220"}],"version-history":[{"count":0,"href":"https:\/\/www.europesays.com\/fr\/wp-json\/wp\/v2\/posts\/612220\/revisions"}],"wp:featuredmedia":[{"embeddable":true,"href":"https:\/\/www.europesays.com\/fr\/wp-json\/wp\/v2\/media\/612221"}],"wp:attachment":[{"href":"https:\/\/www.europesays.com\/fr\/wp-json\/wp\/v2\/media?parent=612220"}],"wp:term":[{"taxonomy":"category","embeddable":true,"href":"https:\/\/www.europesays.com\/fr\/wp-json\/wp\/v2\/categories?post=612220"},{"taxonomy":"post_tag","embeddable":true,"href":"https:\/\/www.europesays.com\/fr\/wp-json\/wp\/v2\/tags?post=612220"}],"curies":[{"name":"wp","href":"https:\/\/api.w.org\/{rel}","templated":true}]}}