{"id":612224,"date":"2025-12-20T18:42:11","date_gmt":"2025-12-20T18:42:11","guid":{"rendered":"https:\/\/www.europesays.com\/fr\/612224\/"},"modified":"2025-12-20T18:42:11","modified_gmt":"2025-12-20T18:42:11","slug":"paris-une-militante-deguisee-en-chevre-se-fait-tondre-pres-des-grands-magasins-pour-faire-passer-un-message","status":"publish","type":"post","link":"https:\/\/www.europesays.com\/fr\/612224\/","title":{"rendered":"Paris. Une militante d\u00e9guis\u00e9e en ch\u00e8vre se fait \u00ab\u00a0tondre\u00a0\u00bb pr\u00e8s des Grands Magasins pour faire passer un message"},"content":{"rendered":"<p>                    Par<br \/>\n        <strong><br \/>\n            <a href=\"https:\/\/actu.fr\/auteur\/redaction-paris\" title=\"Consulter tous les articles de R\u00e9daction Paris\" target=\"_blank\" rel=\"noopener\">R\u00e9daction Paris<\/a><br \/>\n                    <\/strong><\/p>\n<p>        Publi\u00e9 le<\/p>\n<p>            20 d\u00e9c. 2025 \u00e0 16h41        <\/p>\n<p>Un symbole fort. En pleine p\u00e9riode des f\u00eates de fin d\u2019ann\u00e9e, propices \u00e0 l\u2019achat de v\u00eatements, l\u2019association Pour une \u00e9thique dans le traitement des animaux (PETA) a r\u00e9alis\u00e9 une action <strong>coup de poing<\/strong> pr\u00e8s des <a href=\"https:\/\/actu.fr\/ile-de-france\/paris_75056\/le-bhv-la-samaritaine-les-galeries-lafayette-voici-l-histoire-de-ces-grands-magasins-parisiens_63524183.html\" target=\"_blank\" rel=\"noopener\">Grands Magasins<\/a>, sur le boulevard Haussmann, dans le 9e arrondissement de <a href=\"https:\/\/actu.fr\/paris\/\" target=\"_blank\" rel=\"noopener\">Paris<\/a>. En choisissant de mettre en sc\u00e8ne une militante d\u00e9guis\u00e9e en ch\u00e8vre \u00ab\u2009tondue\u2009\u00bb, l\u2019association de d\u00e9fense des droits des animaux a d\u00e9nonc\u00e9 les conditions de production du <strong>cachemire<\/strong>.<\/p>\n<p>Maltraitance et pr\u00e9carisation<\/p>\n<p class=\" wall-content\">Sur les images capt\u00e9es par PETA, une militante est allong\u00e9e par terre avec une expression de douleur \u00e9manant de son visage et une couleur rouge semblable \u00e0 du sang sur le pelage. Accroupi, un homme, qui repr\u00e9sente un ouvrier, utilise une tondeuse. Derri\u00e8re la sc\u00e8ne, une affiche sans \u00e9quivoque\u2009: \u00ab\u2009Le cachemire fait souffrir. Achetez vegan\u2009\u00bb.<\/p>\n<p class=\" wall-content\"><a href=\"https:\/\/www.instagram.com\/p\/DSfJyLLjIQV\/embed\" title=\"Ouvrir le lien sur Instagram\" target=\"_blank\" rel=\"noopener\">Visualiser le contenu sur Instagram<\/a><\/p>\n<p class=\" wall-content\">Dans un communiqu\u00e9, la vice-pr\u00e9sidente de PETA en Europe Mimi Bekhechi fustige le sort r\u00e9serv\u00e9 aux ch\u00e8vres du Cachemire, \u00ab<strong>\u2009terroris\u00e9es<\/strong>, <strong>tortur\u00e9es<\/strong>, <strong>mutil\u00e9es<\/strong> et violemment <strong>tu\u00e9es<\/strong> pour que leurs poils finissent en v\u00eatements qui sont tout sauf doux\u2009\u00bb. La responsable indique que PETA \u00ab\u2009appelle les marques et les consommateurs \u00e0 rejeter le cachemire et \u00e0 choisir des alternatives v\u00e9ganes \u00e9thiques, durable et confortable\u2009\u00bb.<\/p>\n<p class=\" wall-content\">Depuis plusieurs ann\u00e9es, les associations de d\u00e9fense des droits des animaux alertent sur les conditions de production du Cachemire. Majoritairement produite en <strong>Chine<\/strong> et en <strong>Mongolie<\/strong>, cette fibre est fabriqu\u00e9e \u00e0 partir du pr\u00e9l\u00e8vement de poils des ch\u00e8vres du Tibet, dans les hauts plateaux de cette r\u00e9gion. Une technique industrialis\u00e9e qui aurait pour prolongement une <strong>maltraitance<\/strong> des animaux.<\/p>\n<p class=\" wall-content\">Accul\u00e9es, les marques de luxe ont cr\u00e9\u00e9 des labels \u00e9thiques. Insuffisant pour convaincre les lanceurs d\u2019alerte et garantir un revenu suffisant aux bergers. Comme le rapportait le m\u00e9dia New Lines Magazine, cit\u00e9 par le <a href=\"https:\/\/www.courrierinternational.com\/article\/enquete-en-mongolie-les-dessous-pas-tres-doux-du-cachemire-durable_238534\" target=\"_blank\" rel=\"noopener\">Courrier International<\/a>, les \u00e9leveurs croulent sous les dettes et sont englu\u00e9s dans une pr\u00e9carit\u00e9 structurelle.<\/p>\n<p class=\" wall-content\">Personnalisez votre actualit\u00e9 en ajoutant vos villes et m\u00e9dias en favori avec <a href=\"https:\/\/moncompte.actu.fr\" title=\"D\u00e9couvez Mon Actu\" rel=\"nofollow noopener\" data-trk=\"{&quot;cta&quot;:{&quot;action&quot;:&quot;https:\\\/\\\/moncompte.actu.fr&quot;,&quot;category&quot;:&quot;mon compte&quot;,&quot;from&quot;:&quot;article footer&quot;,&quot;name&quot;:&quot;Mon actu&quot;,&quot;type&quot;:&quot;cta&quot;}}\" target=\"_blank\">Mon Actu<\/a>.<\/p>\n<p>                    <script async src=\"\/\/www.instagram.com\/embed.js\"><\/script><\/p>\n","protected":false},"excerpt":{"rendered":"Par R\u00e9daction Paris Publi\u00e9 le 20 d\u00e9c. 2025 \u00e0 16h41 Un symbole fort. En pleine p\u00e9riode des f\u00eates&hellip;\n","protected":false},"author":2,"featured_media":612225,"comment_status":"","ping_status":"","sticky":false,"template":"","format":"standard","meta":{"footnotes":""},"categories":[1888],"tags":[11,1777,674,1011,27,6795,12,626,25,104],"class_list":{"0":"post-612224","1":"post","2":"type-post","3":"status-publish","4":"format-standard","5":"has-post-thumbnail","7":"category-paris","8":"tag-actualites","9":"tag-eu","10":"tag-europe","11":"tag-fr","12":"tag-france","13":"tag-maltraitance-animale","14":"tag-news","15":"tag-paris","16":"tag-republique-francaise","17":"tag-societe"},"share_on_mastodon":{"url":"https:\/\/pubeurope.com\/@fr\/115753369328485717","error":""},"_links":{"self":[{"href":"https:\/\/www.europesays.com\/fr\/wp-json\/wp\/v2\/posts\/612224","targetHints":{"allow":["GET"]}}],"collection":[{"href":"https:\/\/www.europesays.com\/fr\/wp-json\/wp\/v2\/posts"}],"about":[{"href":"https:\/\/www.europesays.com\/fr\/wp-json\/wp\/v2\/types\/post"}],"author":[{"embeddable":true,"href":"https:\/\/www.europesays.com\/fr\/wp-json\/wp\/v2\/users\/2"}],"replies":[{"embeddable":true,"href":"https:\/\/www.europesays.com\/fr\/wp-json\/wp\/v2\/comments?post=612224"}],"version-history":[{"count":0,"href":"https:\/\/www.europesays.com\/fr\/wp-json\/wp\/v2\/posts\/612224\/revisions"}],"wp:featuredmedia":[{"embeddable":true,"href":"https:\/\/www.europesays.com\/fr\/wp-json\/wp\/v2\/media\/612225"}],"wp:attachment":[{"href":"https:\/\/www.europesays.com\/fr\/wp-json\/wp\/v2\/media?parent=612224"}],"wp:term":[{"taxonomy":"category","embeddable":true,"href":"https:\/\/www.europesays.com\/fr\/wp-json\/wp\/v2\/categories?post=612224"},{"taxonomy":"post_tag","embeddable":true,"href":"https:\/\/www.europesays.com\/fr\/wp-json\/wp\/v2\/tags?post=612224"}],"curies":[{"name":"wp","href":"https:\/\/api.w.org\/{rel}","templated":true}]}}