{"id":612228,"date":"2025-12-20T18:44:15","date_gmt":"2025-12-20T18:44:15","guid":{"rendered":"https:\/\/www.europesays.com\/fr\/612228\/"},"modified":"2025-12-20T18:44:15","modified_gmt":"2025-12-20T18:44:15","slug":"les-etats-unis-proposent-des-negociations-directes-ukraine-russie-selon-zelensky","status":"publish","type":"post","link":"https:\/\/www.europesays.com\/fr\/612228\/","title":{"rendered":"Les \u00c9tats-Unis proposent des n\u00e9gociations directes Ukraine-Russie, selon Zelensky"},"content":{"rendered":"<p>Les \u00c9tats-Unis ont propos\u00e9 d\u2019organiser les premi\u00e8res n\u00e9gociations en face-\u00e0-face entre l\u2019Ukraine et la Russie depuis six mois \u00e0 Miami, a assur\u00e9 samedi Volodymyr Zelensky. Washington a \u00ab propos\u00e9 un format, autant que je sache, Ukraine, \u00c9tats-Unis, Russie \u00bb, a dit aux journalistes M. Zelensky, \u00e9voquant en outre une possible pr\u00e9sence de repr\u00e9sentants europ\u00e9ens.<\/p>\n<p>Il \u00ab serait logique d\u2019avoir une telle r\u00e9union en commun \u00bb avec ces derniers, \u00ab une fois que nous aurons pris connaissance des r\u00e9sultats potentiels des r\u00e9unions qui ont d\u00e9j\u00e0 eu lieu \u00bb, a en effet estim\u00e9 le chef de l\u2019Etat ukrainien. Mais il a indiqu\u00e9 n\u2019\u00eatre \u00ab pas s\u00fbr \u00bb qu\u2019une rencontre Etats-Unis\/Ukraine\/Russie donnera des r\u00e9sultats \u00ab nouveaux \u00bb.<\/p>\n<p>L\u2019\u00e9missaire russe Kirill Dmitriev a dans le m\u00eame temps annonc\u00e9 qu\u2019il se rendait en Floride o\u00f9 des \u00e9quipes ukrainienne et europ\u00e9enne se trouvent d\u00e9j\u00e0 pour participer aux <a href=\"https:\/\/www.letelegramme.fr\/monde\/guerre-ukraine-russie\/guerre-en-ukraine-des-pourparlers-etats-unis-russie-attendus-a-miami-ce-week-end-6949974.php\" target=\"_blank\" rel=\"noopener\">pourparlers men\u00e9s par Steve Witkoff, l\u2019envoy\u00e9 sp\u00e9cial de Donald Trump, et Jared Kushner, le gendre du pr\u00e9sident am\u00e9ricain<\/a>.<\/p>\n<p>Zelensky veut que les \u00c9tats-Unis accentuent leur pression<\/p>\n<p>\u00ab Les \u00c9tats-Unis doivent dire clairement : s\u2019il n\u2019y a pas de voie diplomatique, alors il y aura une pression totale \u00bb, a en outre lanc\u00e9 le pr\u00e9sident ukrainien devant la presse \u00e0 Kiev, citant la possibilit\u00e9 par exemple de fournir plus d\u2019armes \u00e0 l\u2019Ukraine et d\u2019\u00e9tendre les sanctions \u00e0 toute l\u2019\u00e9conomie russe.<\/p>\n<p><a href=\"https:\/\/www.letelegramme.fr\/monde\/guerre-ukraine-russie\/\" target=\"_blank\" rel=\"noopener\">Nos articles sur la guerre<\/a><\/p>\n<p>Vladimir \u00ab Poutine ne sent pas encore le genre de pression qui devrait \u00eatre mise en \u0153uvre \u00bb, a-t-il poursuivi, jugeant que seuls les Am\u00e9ricains \u00e9taient capables de persuader la Russie d\u2019arr\u00eater le conflit en Ukraine. \u00ab Je pense que les \u00c9tats-Unis et le pr\u00e9sident Trump ont cette force. Et je pense que nous ne devrions pas chercher d\u2019alternatives aux \u00c9tats-Unis. \u00bb<\/p>\n<p>Il a par ailleurs averti que ce n\u2019\u00e9tait pas au pr\u00e9sident russe de d\u00e9cider de l\u2019organisation des \u00e9lections en Ukraine. M. Poutine avait sugg\u00e9r\u00e9 la veille que la Russie pourrait cesser ses frappes en profondeur le jour o\u00f9 un scrutin aurait lieu.<\/p>\n","protected":false},"excerpt":{"rendered":"Les \u00c9tats-Unis ont propos\u00e9 d\u2019organiser les premi\u00e8res n\u00e9gociations en face-\u00e0-face entre l\u2019Ukraine et la Russie depuis six mois&hellip;\n","protected":false},"author":2,"featured_media":612229,"comment_status":"","ping_status":"","sticky":false,"template":"","format":"standard","meta":{"footnotes":""},"categories":[1591],"tags":[11,765,1887,2069,74,12,1885,1886,132],"class_list":{"0":"post-612228","1":"post","2":"type-post","3":"status-publish","4":"format-standard","5":"has-post-thumbnail","7":"category-russie","8":"tag-actualites","9":"tag-en-continu","10":"tag-federation-de-russie","11":"tag-guerre-ukraine-russie","12":"tag-monde","13":"tag-news","14":"tag-russia","15":"tag-russian-federation","16":"tag-russie"},"share_on_mastodon":{"url":"https:\/\/pubeurope.com\/@fr\/115753377646020962","error":""},"_links":{"self":[{"href":"https:\/\/www.europesays.com\/fr\/wp-json\/wp\/v2\/posts\/612228","targetHints":{"allow":["GET"]}}],"collection":[{"href":"https:\/\/www.europesays.com\/fr\/wp-json\/wp\/v2\/posts"}],"about":[{"href":"https:\/\/www.europesays.com\/fr\/wp-json\/wp\/v2\/types\/post"}],"author":[{"embeddable":true,"href":"https:\/\/www.europesays.com\/fr\/wp-json\/wp\/v2\/users\/2"}],"replies":[{"embeddable":true,"href":"https:\/\/www.europesays.com\/fr\/wp-json\/wp\/v2\/comments?post=612228"}],"version-history":[{"count":0,"href":"https:\/\/www.europesays.com\/fr\/wp-json\/wp\/v2\/posts\/612228\/revisions"}],"wp:featuredmedia":[{"embeddable":true,"href":"https:\/\/www.europesays.com\/fr\/wp-json\/wp\/v2\/media\/612229"}],"wp:attachment":[{"href":"https:\/\/www.europesays.com\/fr\/wp-json\/wp\/v2\/media?parent=612228"}],"wp:term":[{"taxonomy":"category","embeddable":true,"href":"https:\/\/www.europesays.com\/fr\/wp-json\/wp\/v2\/categories?post=612228"},{"taxonomy":"post_tag","embeddable":true,"href":"https:\/\/www.europesays.com\/fr\/wp-json\/wp\/v2\/tags?post=612228"}],"curies":[{"name":"wp","href":"https:\/\/api.w.org\/{rel}","templated":true}]}}