{"id":612238,"date":"2025-12-20T18:51:22","date_gmt":"2025-12-20T18:51:22","guid":{"rendered":"https:\/\/www.europesays.com\/fr\/612238\/"},"modified":"2025-12-20T18:51:22","modified_gmt":"2025-12-20T18:51:22","slug":"les-trumpistes-voient-leurope-comme-un-continent-de-faibles","status":"publish","type":"post","link":"https:\/\/www.europesays.com\/fr\/612238\/","title":{"rendered":"\u00ab\u00a0Les trumpistes voient l\u2019Europe comme un continent de faibles\u00a0\u00bb"},"content":{"rendered":"<p>Dans \u00ab\u00a0Cette Am\u00e9rique qui nous d\u00e9teste\u00a0\u00bb, Richard Werly s\u2019int\u00e9resse aux racines de l\u2019incompr\u00e9hension grandissante entre l\u2019Europe et les \u00c9tats-Unis. Entretien.<\/p>\n<p class=\"c-paragraph paywall\">Dans le mille ! Le livre Cette Am\u00e9rique qui nous d\u00e9teste (\u00c9ditions Nevicata, 192 p., 19 euros), qui vient de sortir, ne pouvait pas mieux tomber. Richard Werly, son auteur, fin connaisseur de l\u2019Europe et des \u00c9tats-Unis, a vu juste : la d\u00e9testation dans laquelle les \u00c9tats-Unis tiennent l\u2019Europe n\u2019est pas un coup de sang passager, mais une lame de fond r\u00e9v\u00e9latrice. Elle dit beaucoup non seulement sur l\u2019histoire du g\u00e9ant am\u00e9ricain, mais aussi sur le d\u00e9s\u00e9quilibre \u00e0 la base m\u00eame des relations qu\u2019ont nou\u00e9es d\u00e8s le d\u00e9part le Vieux Continent et le Nouveau Monde. Richard Werly ne ressasse pas les vieux poncifs antiam\u00e9ricains, mais constate les changements prodigieux qui secouent les \u00c9tats-Unis et dont Donald Trump est tout \u00e0 la fois le sympt\u00f4me et le moteur. Outre-Atlantique, \u00ab nous ne sommes plus dignes de confiance \u00bb.<\/p>\n<p class=\"c-paragraph\">Le reportage que l\u2019auteur a effectu\u00e9 en automne 2024 \u00e0 travers les \u00c9tats-Unis, en camping-car, du nord au sud, constitue l\u2019origine et la trame de ce questionnement \u00e0 la base de ce livre : \u00ab J\u2019ai achev\u00e9 les 4 000 miles de route, entre Chicago et Mar-a-Lago, sur un constat amer. Les \u00c9tats-Unis ne sont plus du tout le pays que ma g\u00e9n\u00e9ration, n\u00e9e \u00e0 la fin des ann\u00e9es 1960, avait appris \u00e0 aimer et \u00e0 respecter. \u00bb<\/p>\n<p class=\"c-paragraph\">Au fil de son voyage, Richard Werly rencontre des personnages improbables, comme Greg, m\u00e9canicien, militant gay et soutien de Donald Trump. Il consid\u00e8re les Europ\u00e9ens comme des mous incapables de se d\u00e9fendre eux-m\u00eames.<\/p>\n<p class=\"c-paragraph\">Dans la bouche du m\u00e9cano, l\u2019explication de cette incompr\u00e9hension entre deux mondes tient \u00e0 une col\u00e8re enfouie qu\u2019il confie au journaliste reporteur : \u00ab On s\u00e8me le bordel dans le monde depuis toujours parce qu\u2019on est un pays en col\u00e8re, une soci\u00e9t\u00e9 en col\u00e8re, une population en col\u00e8re. C\u2019est cette col\u00e8re que vous, les Europ\u00e9ens, vous ne comprenez pas. \u00bb<\/p>\n<p class=\"c-paragraph\">Cette Am\u00e9rique qui nous d\u00e9teste est un livre \u00e0 th\u00e8se : une d\u00e9monstration fourmillante d\u2019anecdotes et de r\u00e9f\u00e9rences qui donne du grain \u00e0 moudre et pousse \u00e0 r\u00e9fl\u00e9chir sur l\u2019avenir d\u2019un lien qui a chang\u00e9 sans que l\u2019on s\u2019en soit rendu compte. Richard Werly nous invite \u00e0 retirer nos lunettes roses, qui nous font voir une Am\u00e9rique conforme \u00e0 l\u2019image que nous voulions en avoir : la puissance rassurante et protectrice dont nous devons d\u00e9sormais faire le deuil.<\/p>\n<p class=\"c-paragraph\"><b>Le Point : Qui nous d\u00e9teste au sein de la soci\u00e9t\u00e9 am\u00e9ricaine ?<\/b><\/p>\n<p class=\"c-paragraph\"><b>Richard Werly<\/b><b> :<\/b> Cette Am\u00e9rique qui nous d\u00e9teste brosse le portrait de la d\u00e9testation de l\u2019Europe, et de nous, les Europ\u00e9ens, par le camp Maga [Make America Great Again, NDLR] que Donald Trump a r\u00e9ussi \u00e0 f\u00e9d\u00e9rer pour se faire \u00e9lire le 6 novembre 2024. Cette Am\u00e9rique est celle des \u00e9lecteurs \u00ab trumpistes \u00bb, convaincus d\u2019\u00eatre les d\u00e9tenteurs et les d\u00e9fenseurs des valeurs de l\u2019Occident \u2212 valeurs qu\u2019ils nous accusent de trahir. Ils croient en la force et voient l\u2019Europe comme un continent de faibles. Ils sont convaincus que les \u00c9tats-Unis restent le pays de l\u2019innovation et du progr\u00e8s, alors que les pays europ\u00e9ens tournent le dos \u00e0 l\u2019avenir. On pourrait parler de m\u00e9pris, ou d\u2019indiff\u00e9rence m\u00e9prisante. Mais la publication du r\u00e9cent document strat\u00e9gique de l\u2019administration Trump prouve que cela va plus loin. Il y a une volont\u00e9 affirm\u00e9e et revendiqu\u00e9e de nous vassaliser. Or vouloir dominer, asservir et vassaliser, c\u2019est, au fond, nous d\u00e9tester pour ce que nous sommes.<\/p>\n<p class=\"c-paragraph\"><b>Allons-nous tout droit vers le divorce entre les \u00c9tats-Unis et l\u2019Europe ?<\/b><\/p>\n<p class=\"c-paragraph\">Sommes-nous condamn\u00e9s \u00e0 divorcer ? Peut-\u00eatre pas. Mais \u00e0 la s\u00e9paration des corps, sans doute. Je m\u2019explique : les administrations am\u00e9ricaines peuvent changer, et les gouvernements europ\u00e9ens aussi. Faut-il prendre acte maintenant du fait que les deux rives de l\u2019Atlantique ne partagent plus rien et ont mieux \u00e0 faire en cheminant chacun de leurs c\u00f4t\u00e9s ? Je ne le crois pas. La communaut\u00e9 historique, culturelle et, pour l\u2019heure, d\u00e9mocratique existe encore. Mais il faut en revanche acter l\u2019emprise am\u00e9ricaine. il faut s\u2019en d\u00e9tacher. Il faut \u00ab marquer le coup \u00bb et \u00eatre pr\u00eat \u00e0 se d\u00e9fendre. Oui \u00e0 la s\u00e9paration, et si le divorce doit survenir, il doit \u00eatre entre deux \u00e9gaux.<\/p>\n<p class=\"c-paragraph\"><b>Qu\u2019ont \u00e0 perdre les Am\u00e9ricains en cas de crise dans les relations transatlantiques ?<\/b><\/p>\n<p class=\"c-paragraph\">Il faut distinguer le peuple am\u00e9ricain dans son ensemble et l\u2019administration am\u00e9ricaine actuelle, celle qui est pr\u00e9sid\u00e9e par Trump. Le peuple am\u00e9ricain a, selon moi, beaucoup \u00e0 perdre d\u2019une s\u00e9paration avec l\u2019Europe et, d\u2019ailleurs, le document strat\u00e9gique l\u2019\u00e9voque. L\u2019int\u00e9r\u00eat \u00e9conomique commande en particulier que les \u00c9tats-Unis et l\u2019Europe coop\u00e8rent. Si l\u2019on croit encore aux valeurs d\u00e9mocratiques, nous devons alors coop\u00e9rer. L\u2019administration Trump, elle, aura aussi beaucoup \u00e0 perdre si l\u2019Europe se cabre, car ses soutiens parmi les g\u00e9ants de la tech ont imp\u00e9rativement besoin du march\u00e9 europ\u00e9en pour prosp\u00e9rer. C\u2019est au fond l\u00e0 que r\u00e9side notre arme de dissuasion massive : sans l\u2019Europe, la puissance des \u00c9tats-Unis se retrouvera amput\u00e9e et amoindrie. Faisons-le-leur comprendre !<\/p>\n<blockquote cite=\"\" role=\"blockquote\" class=\"c-stack b-article-body--quote\" data-style-direction=\"vertical\" data-style-justification=\"start\" data-style-alignment=\"unset\" data-style-inline=\"false\" data-style-wrap=\"nowrap\">\n<p class=\"c-paragraph blockquote\">Pourquoi ne pas d\u00e9signer un commissaire europ\u00e9en des Relations avec les \u00c9tats-Unis ?<\/p>\n<\/blockquote>\n<p class=\"c-paragraph\"><b>Ils ont donc davantage besoin des Europ\u00e9ens qu\u2019ils ne l\u2019affirment ?<\/b><\/p>\n<p class=\"c-paragraph\">Oui et, paradoxalement, ce besoin est \u00e0 la fois leur force \u2212 il alimente leur d\u00e9termination \u00e0 nous vassaliser \u2212 et leur faiblesse \u2212 ils auront des difficult\u00e9s \u00e0 nous remplacer si on se cabre et que l\u2019on dit non.<\/p>\n<p class=\"c-paragraph\"><b>Nous ne voulions pas voir et, d\u00e9sormais, nous nous plaignons d\u2019\u00eatre la cible de cette vindicte. Nous passons du d\u00e9ni \u00e0 la victimisation. Une troisi\u00e8me voie ?<\/b><\/p>\n<p class=\"c-paragraph\">La troisi\u00e8me voie, c\u2019est l\u2019autonomie de nos d\u00e9cisions. Sommes-nous pr\u00eats nous les Europ\u00e9ens \u00e0 reprendre le contr\u00f4le de notre destin strat\u00e9gique, ou sommes-nous au fond convaincus que, vu notre diversit\u00e9, il n\u2019y a pas de meilleure solution que de s\u2019accommoder du gendarme am\u00e9ricain et de le suivre dans ses desseins les plus fous ? Rappelons-nous que la question s\u2019est pos\u00e9e en 2003, lors de l\u2019intervention am\u00e9ricaine en Irak. La France et l\u2019Allemagne ont dit non. Une autre partie de l\u2019Europe a dit oui et s\u2019est engag\u00e9e dans le d\u00e9sert irakien. Il me para\u00eet assez clair que la d\u00e9testation de l\u2019actuelle administration am\u00e9ricaine n\u2019est pas v\u00e9cue partout de la m\u00eame mani\u00e8re en Europe. La troisi\u00e8me voie peut aussi passer par des actes. Par exemple, pourquoi ne pas d\u00e9signer un commissaire europ\u00e9en des Relations avec les \u00c9tats-Unis ? Pourquoi ne pas faire un audit approfondi de dix ans de relations commerciales avec les \u00c9tats-Unis ? La troisi\u00e8me voie commence par ce devoir d\u2019inventaire.<\/p>\n<p class=\"c-paragraph\"><b>Cette haine de l\u2019Am\u00e9rique Maga peut-elle \u00eatre une chance pour l\u2019Europe ?<\/b><\/p>\n<p class=\"c-paragraph\">Tout est sur la table. L\u2019objectif de mon livre est de montrer que nous ne pouvons plus fermer les yeux devant une pareille d\u00e9testation de ce que nous sommes devenus, de nos soci\u00e9t\u00e9s, de notre \u00c9tat providence etc. Ouvrir les yeux, cela veut aussi dire se regarder dans le miroir. Un bon tiers des Europ\u00e9ens pensent aujourd\u2019hui comme Trump que l\u2019Europe est en train de s\u2019affaisser sur le plan civilisationnel. Est-ce vrai ? Je ne le crois pas. Montons donc au cr\u00e9neau pour le dire. Mettons en avant un narratif pour contrer cette d\u00e9testation. Or, au moment o\u00f9 nous parlons, je ne vois rien venir.<\/p>\n<p class=\"c-paragraph\"><b>Quelle peut \u00eatre une relation \u00ab saine \u00bb avec Washington ?<\/b><\/p>\n<p class=\"c-paragraph\">Il n\u2019y a jamais, entre \u00c9tats, en particulier entre puissances, de relations id\u00e9ales. C\u2019est ainsi. Une meilleure relation serait une relation dans laquelle l\u2019administration Trump fixe des priorit\u00e9s (ce qui est son droit le plus strict) et cesse de menacer ceux qui les contestent. Une relation saine, c\u2019est une Europe qui commence \u00e0 r\u00e9glementer et \u00e0 taxer les g\u00e9ants de l\u2019Internet, qui ligotent nos soci\u00e9t\u00e9s et nos donn\u00e9es. Une relation saine, c\u2019est une relation plus \u00e9quilibr\u00e9e o\u00f9 l\u2019on arr\u00eate les injures, les interf\u00e9rences et ing\u00e9rences politiques.<\/p>\n<p class=\"c-paragraph\"><b>La roue tourne, le Japon a \u00e9t\u00e9 un souffre-douleur, c\u2019est d\u00e9sormais au tour de l\u2019Europe ?<\/b><\/p>\n<p class=\"c-paragraph\">Le Japon \u00e9tait per\u00e7u aux \u00c9tats-Unis comme un conqu\u00e9rant. Ce n\u2019est pas le cas avec l\u2019Europe. Dans le cas de l\u2019Europe, la d\u00e9testation est moins nourrie par la comp\u00e9tition commerciale et financi\u00e8re que par le rejet politique et les d\u00e9saccords soci\u00e9taux. Au fond, c\u2019est plus grave. Nous ne sommes pas d\u00e9test\u00e9s parce que nous vendons des voitures allemandes aux \u00c9tats-Unis. Cette Am\u00e9rique nous d\u00e9teste parce que nous refusons de lui ob\u00e9ir et que nous contestons son interpr\u00e9tation des valeurs occidentales. Avec le Japon, c\u2019\u00e9tait un conflit d\u2019int\u00e9r\u00eats. Avec l\u2019Europe, c\u2019est une guerre culturelle.<\/p>\n","protected":false},"excerpt":{"rendered":"Dans \u00ab\u00a0Cette Am\u00e9rique qui nous d\u00e9teste\u00a0\u00bb, Richard Werly s\u2019int\u00e9resse aux racines de l\u2019incompr\u00e9hension grandissante entre l\u2019Europe et les&hellip;\n","protected":false},"author":2,"featured_media":612239,"comment_status":"","ping_status":"","sticky":false,"template":"","format":"standard","meta":{"footnotes":""},"categories":[1586],"tags":[11,1777,674,1011,27,12,9024,25],"class_list":{"0":"post-612238","1":"post","2":"type-post","3":"status-publish","4":"format-standard","5":"has-post-thumbnail","7":"category-europe","8":"tag-actualites","9":"tag-eu","10":"tag-europe","11":"tag-fr","12":"tag-france","13":"tag-news","14":"tag-politics","15":"tag-republique-francaise"},"share_on_mastodon":{"url":"https:\/\/pubeurope.com\/@fr\/115753404542878389","error":""},"_links":{"self":[{"href":"https:\/\/www.europesays.com\/fr\/wp-json\/wp\/v2\/posts\/612238","targetHints":{"allow":["GET"]}}],"collection":[{"href":"https:\/\/www.europesays.com\/fr\/wp-json\/wp\/v2\/posts"}],"about":[{"href":"https:\/\/www.europesays.com\/fr\/wp-json\/wp\/v2\/types\/post"}],"author":[{"embeddable":true,"href":"https:\/\/www.europesays.com\/fr\/wp-json\/wp\/v2\/users\/2"}],"replies":[{"embeddable":true,"href":"https:\/\/www.europesays.com\/fr\/wp-json\/wp\/v2\/comments?post=612238"}],"version-history":[{"count":0,"href":"https:\/\/www.europesays.com\/fr\/wp-json\/wp\/v2\/posts\/612238\/revisions"}],"wp:featuredmedia":[{"embeddable":true,"href":"https:\/\/www.europesays.com\/fr\/wp-json\/wp\/v2\/media\/612239"}],"wp:attachment":[{"href":"https:\/\/www.europesays.com\/fr\/wp-json\/wp\/v2\/media?parent=612238"}],"wp:term":[{"taxonomy":"category","embeddable":true,"href":"https:\/\/www.europesays.com\/fr\/wp-json\/wp\/v2\/categories?post=612238"},{"taxonomy":"post_tag","embeddable":true,"href":"https:\/\/www.europesays.com\/fr\/wp-json\/wp\/v2\/tags?post=612238"}],"curies":[{"name":"wp","href":"https:\/\/api.w.org\/{rel}","templated":true}]}}