{"id":612244,"date":"2025-12-20T18:54:23","date_gmt":"2025-12-20T18:54:23","guid":{"rendered":"https:\/\/www.europesays.com\/fr\/612244\/"},"modified":"2025-12-20T18:54:23","modified_gmt":"2025-12-20T18:54:23","slug":"thiago-silva-a-lol-le-denouement-est-brutal","status":"publish","type":"post","link":"https:\/\/www.europesays.com\/fr\/612244\/","title":{"rendered":"Thiago Silva \u00e0 l&rsquo;OL, le d\u00e9nouement est brutal"},"content":{"rendered":"<p><b>Libre de tout contrat en ce mois de d\u00e9cembre, Thiago Silva a \u00e9t\u00e9 cit\u00e9 du c\u00f4t\u00e9 de l\u2019OL. Mais l\u2019avenir du d\u00e9fenseur br\u00e9silien pass\u00e9 par le PSG va finalement s\u2019\u00e9crire au Portugal, o\u00f9 il va s\u2019engager en faveur du FC Porto.<\/b><\/p>\n<p>De retour \u00e0 Fluminense il y a un an et demi apr\u00e8s une pige de quatre ans \u00e0 Chelsea, Thiago Silva va de nouveau changer de club. L\u2019international br\u00e9silien de 41 ans est en fin de contrat et avait par cons\u00e9quent le luxe de s\u2019engager o\u00f9 il le souhaitait en ce mois de d\u00e9cembre. Son nom a \u00e9norm\u00e9ment \u00e9t\u00e9 \u00e9voqu\u00e9 du c\u00f4t\u00e9 de l\u2019AC Milan, o\u00f9 l\u2019ancien joueur du Paris Saint-Germain a laiss\u00e9 d\u2019excellents souvenirs. Il a \u00e9galement \u00e9t\u00e9 question de la Turquie\u2026 et de l\u2019Olympique Lyonnais pour celui qui a port\u00e9 le maillot de la Sele\u00e7ao \u00e0 113 reprises.<\/p>\n<p>Chez les supporters rhodaniens, <a href=\"https:\/\/www.foot01.com\/ol\/lol-et-thiago-silva-cest-lamour-fou\" target=\"_self\" rel=\"noopener\">on \u00e9tait sans surprise tr\u00e8s favorable \u00e0 une possible arriv\u00e9e de Thiago Silva<\/a> afin d\u2019apporter sa qualit\u00e9 et son exp\u00e9rience \u00e0 l\u2019arri\u00e8re-garde lyonnaise. Il n\u2019en sera finalement rien puisque c\u2019est du c\u00f4t\u00e9 du Portugal que \u00ab O Monstro\u00a0\u00bb va poursuivre sa brillante carri\u00e8re. Une tendance confirm\u00e9e par le journaliste Daniele Longo de Calcio <a href=\"https:\/\/www.foot01.com\/mercato\" title=\"Mercato\" target=\"_blank\" rel=\"noopener\">Mercato<\/a>, qui r\u00e9v\u00e8le que Thiago Silva finalise actuellement les d\u00e9tails de son contrat avec le FC Porto. Le projet du club portugais a retenu l\u2019attention de l\u2019ancien d\u00e9fenseur de l\u2019AC Milan, lequel a par cons\u00e9quent r\u00e9pondu favorable \u00e0 la proposition du pr\u00e9sident Andr\u00e9 Villas-Boas.<\/p>\n<p>Un tr\u00e8s gros coup pour le FC Porto, qui r\u00e9cup\u00e8re \u00e0 moindre co\u00fbt un d\u00e9fenseur d\u2019une exp\u00e9rience colossale et d\u2019un niveau encore tr\u00e8s \u00e9lev\u00e9 malgr\u00e9 son \u00e2ge. Du c\u00f4t\u00e9 de l\u2019Olympique Lyonnais, on s\u2019est mis \u00e0 r\u00eaver d\u2019un possible coup magistral de la part de la direction avec un joueur en fin de contrat et donc accessible \u00e0 un prix correct. Reste que sur le plan salarial, l\u2019arriv\u00e9e de Thiago Silva aurait sans doute \u00e9t\u00e9 complexe \u00e0 finaliser pour le board de l\u2019OL. C\u2019est donc avec regrets que les amoureux des Gones vont voir le d\u00e9fenseur de 41 ans s\u2019engager officiellement avec le FC Porto dans les prochains jours.<\/p>\n","protected":false},"excerpt":{"rendered":"Libre de tout contrat en ce mois de d\u00e9cembre, Thiago Silva a \u00e9t\u00e9 cit\u00e9 du c\u00f4t\u00e9 de l\u2019OL.&hellip;\n","protected":false},"author":2,"featured_media":612245,"comment_status":"","ping_status":"","sticky":false,"template":"","format":"standard","meta":{"footnotes":""},"categories":[2],"tags":[11,1011,27,66,1434,12,241,25],"class_list":{"0":"post-612244","1":"post","2":"type-post","3":"status-publish","4":"format-standard","5":"has-post-thumbnail","7":"category-actualites","8":"tag-actualites","9":"tag-fr","10":"tag-france","11":"tag-ligue-1","12":"tag-mercato","13":"tag-news","14":"tag-ol","15":"tag-republique-francaise"},"share_on_mastodon":{"url":"https:\/\/pubeurope.com\/@fr\/115753416440686730","error":""},"_links":{"self":[{"href":"https:\/\/www.europesays.com\/fr\/wp-json\/wp\/v2\/posts\/612244","targetHints":{"allow":["GET"]}}],"collection":[{"href":"https:\/\/www.europesays.com\/fr\/wp-json\/wp\/v2\/posts"}],"about":[{"href":"https:\/\/www.europesays.com\/fr\/wp-json\/wp\/v2\/types\/post"}],"author":[{"embeddable":true,"href":"https:\/\/www.europesays.com\/fr\/wp-json\/wp\/v2\/users\/2"}],"replies":[{"embeddable":true,"href":"https:\/\/www.europesays.com\/fr\/wp-json\/wp\/v2\/comments?post=612244"}],"version-history":[{"count":0,"href":"https:\/\/www.europesays.com\/fr\/wp-json\/wp\/v2\/posts\/612244\/revisions"}],"wp:featuredmedia":[{"embeddable":true,"href":"https:\/\/www.europesays.com\/fr\/wp-json\/wp\/v2\/media\/612245"}],"wp:attachment":[{"href":"https:\/\/www.europesays.com\/fr\/wp-json\/wp\/v2\/media?parent=612244"}],"wp:term":[{"taxonomy":"category","embeddable":true,"href":"https:\/\/www.europesays.com\/fr\/wp-json\/wp\/v2\/categories?post=612244"},{"taxonomy":"post_tag","embeddable":true,"href":"https:\/\/www.europesays.com\/fr\/wp-json\/wp\/v2\/tags?post=612244"}],"curies":[{"name":"wp","href":"https:\/\/api.w.org\/{rel}","templated":true}]}}