{"id":61225,"date":"2025-04-29T07:23:11","date_gmt":"2025-04-29T07:23:11","guid":{"rendered":"https:\/\/www.europesays.com\/fr\/61225\/"},"modified":"2025-04-29T07:23:11","modified_gmt":"2025-04-29T07:23:11","slug":"le-quartier-saint-roch-sur-des-airs-de-ptit-montmartre","status":"publish","type":"post","link":"https:\/\/www.europesays.com\/fr\/61225\/","title":{"rendered":"le quartier Saint-Roch sur des airs de p&rsquo;tit Montmartre"},"content":{"rendered":"<p>            Par<br \/>\n        <strong><br \/>\n            <a href=\"https:\/\/actu.fr\/auteur\/c-nithard\" title=\"Consulter tous les articles de C\u00e9dric Nithard\" rel=\"nofollow noopener\" target=\"_blank\">C\u00e9dric Nithard<\/a><br \/>\n        <\/strong><\/p>\n<p>        Publi\u00e9 le<\/p>\n<p>            29 avr. 2025 \u00e0 8h27        <\/p>\n<p>Ce samedi 3 mai, <strong>le quartier Saint-Roch<\/strong> \u00e0<strong> Montpellier<\/strong> va prendre des airs de \u00ab\u00a0<strong>p\u2019tit Montmartre<\/strong>\u00ab\u00a0. Apr\u00e8s une premi\u00e8re \u00e9dition r\u00e9ussie l\u2019ann\u00e9e derni\u00e8re, <strong>commer\u00e7ants et riverains<\/strong> invitent \u00e0 venir profiter de l\u2019arriv\u00e9e du printemps avec p<strong>lusieurs animations tout au long de la journ\u00e9e<\/strong>.<\/p>\n<p>Commer\u00e7ants et riverains<\/p>\n<p class=\" wall-content\">Apr\u00e8s le succ\u00e8s de sa premi\u00e8re \u00e9dition, \u00ab\u00a0Un p\u2019tit Montmartre \u00e0 Saint-Roch\u00a0\u00bb revient animer le quartier de Montpellier. \u00ab\u00a0On voulait amener une bonne ambiance et faire venir des gens pour d\u00e9couvrir autrement le coeur de ville\u00a0\u00bb explique Ga\u00eblle Griffon, pr\u00e9sidente de l\u2019association de commer\u00e7ants au Coeur de Saint-Roch, qui a eu l\u2019id\u00e9e de l\u2019\u00e9v\u00e9nement il y a plusieurs ann\u00e9es maintenant, \u00ab\u00a0Ce quartier reste un petit village dans la ville. Le but est que cela se fasse dans l\u2019\u00e9change et la convivialit\u00e9. Au final, on r\u00e9unit les commer\u00e7ants et les riverains pour cr\u00e9er un \u00e9v\u00e9nement ensemble. Il faut que chacun trouve sa place, puisse y participer et que cela corresponde \u00e0 tout le monde\u00a0\u00bb.<\/p>\n<p>    <a href=\"https:\/\/www.google.com\/maps\/embed?pb=!1m18!1m12!1m3!1d2888.9072826393117!2d3.8732244758047347!3d43.608472071104224!2m3!1f0!2f0!3f0!3m2!1i1024!2i768!4f13.1!3m3!1m2!1s0x12b6afa7d79344fd%3A0x7af6fb761543af24!2sPl.%20Saint-Roch%2C%2034000%20Montpellier!5e0!3m2!1sfr!2sfr!4v1745586429267!5m2!1sfr!2sfr\" title=\"Ouvrie le lien\" rel=\"nofollow noopener\" target=\"_blank\">Cliquez ici pour visualiser le contenu<\/a><\/p>\n<p class=\" wall-content\">Et m\u00eame si la pr\u00e9paration est \u00ab\u00a0trop longue\u00a0\u00bb s\u2019amuse Miquel Clemente la comparant \u00e0 celle du Bac, cela reste \u00ab\u00a0un moment f\u00e9d\u00e9rateur pour les commer\u00e7ants\u00a0\u00bb. Arriv\u00e9 il y a deux ans dans le secteur en rempla\u00e7ant la pharmacie par la librairie En Traits Libres, il a pris la pr\u00e9sidence de l\u2019association de commer\u00e7ants Quartier de l\u2019Ancien Courrier quelques semaines avant la premi\u00e8re \u00e9dition. \u00ab\u00a0Certains commer\u00e7ants de la rue de l\u2019Ancien Courrier \u00e9taient un peu sceptiques au d\u00e9part parce qu\u2019il y a cette s\u00e9paration avec le bas du quartier et pensaient ne pas \u00eatre impact\u00e9s. Cette ann\u00e9e, ils sont tous \u00e0 fond car il y a eu une vraie dynamisation de la rue\u00a0\u00bb.\u00a0<\/p>\n<p>      <img   decoding=\"async\" loading=\"lazy\" src=\"https:\/\/www.europesays.com\/fr\/wp-content\/uploads\/2025\/04\/saint-roch-montmartre-montpellier-960x640.jpg\" alt=\"Commer\u00e7ants et riverains r\u00e9unis pour animer le quartier Saint- Roch.\" width=\"960\" height=\"640\"\/><br \/>\n    Commer\u00e7ants et riverains r\u00e9unis pour animer le quartier Saint- Roch. (\u00a9CN \/ M\u00e9tropolitain)<\/p>\n<p class=\" wall-content\">Quant aux riverains repr\u00e9sent\u00e9s par Jean-Marie Quiesse, ils ne cachent pas leur enthousiasme. \u00ab\u00a0Nous sommes ravis. Les riverains ne sont pas ennemis des commer\u00e7ants, on veut de l\u2019animation que les gens viennent dans le quartier. C\u2019est un quartier tr\u00e8s visit\u00e9 par de nombreux groupes d\u2019\u00e9trangers mais les Montpelli\u00e9rains ne viennent pas toujours par ici. On est donc tr\u00e8s contents d\u2019accueillir des familles et des enfants\u00a0\u00bb souligne le pr\u00e9sident dont le comit\u00e9 de quartier Saint-Roch Com\u00e9die s\u2019est occup\u00e9 du vide-grenier et de la venue des tourneurs de manivelle. \u00ab\u00a0Au d\u00e9part certains disaient que c\u2019\u00e9taient ringards mais finalement apr\u00e8s l\u2019exp\u00e9rience de l\u2019ann\u00e9e derni\u00e8re, ils ont trouv\u00e9 \u00e7a sympa. Cela donne une ambiance sonore au quartier\u00a0\u00bb pr\u00e9cise-t-il. Sans oublier tout l\u2019imaginaire associ\u00e9 \u00e0 Montmartre et la curiosit\u00e9 des enfants face \u00e0 ce dr\u00f4le d\u2019instrument.<\/p>\n<p>Vid\u00e9os : en ce moment sur ActuPeintres, fleuristes, tourneurs de manivelle\u2026<\/p>\n<p class=\" wall-content\">Ce samedi 3 mai, d\u00e8s 10h, la place Saint-Roch et ses alentours seront ainsi anim\u00e9s par des peintres et des portraitistes ainsi que par des fleuristes locaux mais \u00e9galement par six couples de tourneurs de manivelle venus des quatre coins de la France. Vous pourrez \u00e9galement chiner au vide-grenier dans le parc ou profiter de l\u2019espace jeux de soci\u00e9t\u00e9, propos\u00e9 par la boutique Excalibur, install\u00e9 dans la cour de la librairie En Traits Libres qui accueillera aussi par deux fois une performance plastique et musicale. L\u2019\u00c9glise Saint-Roch sera elle ouverte toute la journ\u00e9e et des visites seront assur\u00e9es.<\/p>\n<p class=\" wall-content\">Une tombola est par ailleurs organis\u00e9e avec de nombreux lots fournis par les commer\u00e7ants. De plus, 50% de la vente des tickets (2\u20ac) constituera un lot \u00e0 utiliser dans les boutiques du quartier participant \u00e0 l\u2019op\u00e9ration. Une manifestation soutenue par la CCI H\u00e9rault, le comit\u00e9 Plein Centre qui r\u00e9unit les commer\u00e7ants du centre-ville, la Ville de Montpellier, par une subvention, et l\u2019Office de tourisme. Et bien s\u00fbr les commer\u00e7ants et les riverains, rep\u00e9rables avec un foulard bleu, pr\u00e9sents durant la journ\u00e9e.<\/p>\n<p class=\" wall-content\">N\u2019oublions pas les deux points d\u2019orgue de cet 2e \u00e9dition d&rsquo;\u00a0\u00bbUn P\u2019tit Montmartre \u00e0 Saint-Roch\u00a0\u00bb que sont le d\u00e9fil\u00e9 de mode par les commer\u00e7ants de la rue de l\u2019Ancien Courrier et pour conclure de mani\u00e8re festive et conviviale le concert de Mojo Mood jusqu\u2019\u00e0 22h. Il ne vous restera alors plus qu\u2019\u00e0 profiter des bars et restaurants du quartier ou d\u2019y fl\u00e2ner par plaisir. Alors si vous ne serez pas au pied de la basilique du Sacr\u00e9-Coeur \u00e0 Paris mais au coeur de l\u2019\u00c9cusson \u00e0 Montpellier\u2026 ce n\u2019est pas si mal, voire peut-\u00eatre bien mieux.<\/p>\n<p><img decoding=\"async\" src=\"https:\/\/www.europesays.com\/fr\/wp-content\/uploads\/2025\/04\/saint-roch-montmartre-montpellier-la-goualante-640x427.jpg\" alt=\"\" width=\"640\" height=\"427\" loading=\"lazy\"\/>Programme de la journ\u00e9e<\/p>\n<p>Toute la journ\u00e9e \u00e0 partir de 10h : artistes, peintres, fleuristes et tourneurs d&rsquo;orgues de Barbarie plongeront le quartier dans une atmosph\u00e8re boh\u00e8me et artistique. Venez \u00e9galement chiner au vide-greniers ou vous divertir \u00e0 l&rsquo;espace jeux de soci\u00e9t\u00e9 propos\u00e9 par la boutique Excalibur.<br \/>Quartier Saint-Roch \/ Ancien Courrier<\/p>\n<p>\u00c0 11h30 et 15h30 : performances plastiques et sonores r\u00e9alis\u00e9es par l&rsquo;artiste Patrice Barthes et le musicien\/compositeur Julien Valette.<br \/>Cour de la librairie En Traits Libres<\/p>\n<p>\u00c0 17h : d\u00e9fil\u00e9 de mode propos\u00e9 par les boutiques du quartier de l&rsquo;Ancien Courrier.<br \/>Rue Voltaire<\/p>\n<p>\u00c0 19h : tirage de la tombola dont les tickets sont \u00e0 acheter dans les commerces des associations de l&rsquo;Ancien Courrier et de Saint-Roch depuis le 10 avril au prix de 2\u20ac.<br \/>Parvis de l&rsquo;\u00e9glise Saint-Roch<\/p>\n<p>\u00c0 partir de 20h : concert par Mojo Mood. Profitez d&rsquo;une ambiance soul, funk et rythm&rsquo;n&rsquo;blues. Si vous ne les connaissez pas encore, venez d\u00e9couvrir leur musique et profiter d&rsquo;une ambiance conviviale.<br \/>Parvis de l&rsquo;\u00e9glise Saint-Roch<\/p>\n<p>Plus d\u2019informations sur <a href=\"https:\/\/linktr.ee\/unptitmontmartre_a_stroch\" rel=\"nofollow noopener\" target=\"_blank\">linktr.ee<\/a>.<\/p>\n<p class=\" wall-content\">Suivez toute l\u2019actualit\u00e9 de vos villes et m\u00e9dias favoris en vous inscrivant \u00e0 <a href=\"https:\/\/moncompte.actu.fr\" title=\"D\u00e9couvez Mon Actu\" rel=\"nofollow noopener\" data-trk=\"{&quot;cta&quot;:{&quot;action&quot;:&quot;https:\\\/\\\/moncompte.actu.fr&quot;,&quot;category&quot;:&quot;mon compte&quot;,&quot;from&quot;:&quot;article footer&quot;,&quot;name&quot;:&quot;Mon actu&quot;,&quot;type&quot;:&quot;cta&quot;}}\" target=\"_blank\">Mon Actu<\/a>.<\/p>\n","protected":false},"excerpt":{"rendered":"Par C\u00e9dric Nithard Publi\u00e9 le 29 avr. 2025 \u00e0 8h27 Ce samedi 3 mai, le quartier Saint-Roch \u00e0&hellip;\n","protected":false},"author":2,"featured_media":61226,"comment_status":"","ping_status":"","sticky":false,"template":"","format":"standard","meta":{"footnotes":""},"categories":[9599],"tags":[1111,11,1777,674,1011,27,1305,2208,12,2680,25],"class_list":{"0":"post-61225","1":"post","2":"type-post","3":"status-publish","4":"format-standard","5":"has-post-thumbnail","7":"category-montpellier","8":"tag-actu","9":"tag-actualites","10":"tag-eu","11":"tag-europe","12":"tag-fr","13":"tag-france","14":"tag-lifestyle","15":"tag-montpellier","16":"tag-news","17":"tag-occitanie","18":"tag-republique-francaise"},"share_on_mastodon":{"url":"https:\/\/pubeurope.com\/@fr\/114420056357288235","error":""},"_links":{"self":[{"href":"https:\/\/www.europesays.com\/fr\/wp-json\/wp\/v2\/posts\/61225","targetHints":{"allow":["GET"]}}],"collection":[{"href":"https:\/\/www.europesays.com\/fr\/wp-json\/wp\/v2\/posts"}],"about":[{"href":"https:\/\/www.europesays.com\/fr\/wp-json\/wp\/v2\/types\/post"}],"author":[{"embeddable":true,"href":"https:\/\/www.europesays.com\/fr\/wp-json\/wp\/v2\/users\/2"}],"replies":[{"embeddable":true,"href":"https:\/\/www.europesays.com\/fr\/wp-json\/wp\/v2\/comments?post=61225"}],"version-history":[{"count":0,"href":"https:\/\/www.europesays.com\/fr\/wp-json\/wp\/v2\/posts\/61225\/revisions"}],"wp:featuredmedia":[{"embeddable":true,"href":"https:\/\/www.europesays.com\/fr\/wp-json\/wp\/v2\/media\/61226"}],"wp:attachment":[{"href":"https:\/\/www.europesays.com\/fr\/wp-json\/wp\/v2\/media?parent=61225"}],"wp:term":[{"taxonomy":"category","embeddable":true,"href":"https:\/\/www.europesays.com\/fr\/wp-json\/wp\/v2\/categories?post=61225"},{"taxonomy":"post_tag","embeddable":true,"href":"https:\/\/www.europesays.com\/fr\/wp-json\/wp\/v2\/tags?post=61225"}],"curies":[{"name":"wp","href":"https:\/\/api.w.org\/{rel}","templated":true}]}}