{"id":612254,"date":"2025-12-20T19:04:13","date_gmt":"2025-12-20T19:04:13","guid":{"rendered":"https:\/\/www.europesays.com\/fr\/612254\/"},"modified":"2025-12-20T19:04:13","modified_gmt":"2025-12-20T19:04:13","slug":"lom-vire-deux-joueurs-et-empoche-30-millions-deuros","status":"publish","type":"post","link":"https:\/\/www.europesays.com\/fr\/612254\/","title":{"rendered":"L\u2019OM vire deux joueurs et empoche 30 millions d\u2019euros"},"content":{"rendered":"<p><b>L\u2019OM souhaite \u00eatre actif lors de ce <a href=\"https:\/\/www.foot01.com\/mercato\" title=\"Mercato\" target=\"_blank\" rel=\"noopener\">mercato<\/a> hivernal. Un ou deux renforts pourraient d\u00e9barquer, \u00e0 condition toutefois de vendre. Angel Gomes et CJ Egan-Riley sont concern\u00e9s par un potentiel d\u00e9part.<\/b>Tr\u00e8s entreprenant sur le march\u00e9 des transferts l\u2019\u00e9t\u00e9 dernier avec douze arriv\u00e9es et un renouv\u00e8lement important de l\u2019effectif, l\u2019Olympique de Marseille ne bouleversera pas tout en janvier. Pablo Longoria et Medhi Benatia souhaitent toutefois apporter quelques corrections, aussi bien dans le sens des arriv\u00e9es que dans celui des d\u00e9parts. Le pr\u00e9sident de l\u2019OM a d\u2019ailleurs \u00e9t\u00e9 clair cette semaine en conf\u00e9rence de presse, <a href=\"https:\/\/www.foot01.com\/marseille\/om-longoria-annonce-un-coup-de-genie-a-plusieurs-millions-deuros\" target=\"_self\" rel=\"noopener\">Marseille devra vendre<\/a> pour se renforcer afin de garder un certain \u00e9quilibre financier et une coh\u00e9rence au sein de son effectif.<\/p>\n<p>Avant de recruter, le club phoc\u00e9en va donc tenter de se s\u00e9parer de quelques ind\u00e9sirables. CJ Egan-Riley et Angel Gomes, arriv\u00e9s l\u2019\u00e9t\u00e9 dernier et qui n\u2019ont pas r\u00e9ussi \u00e0 s\u2019imposer, sont concern\u00e9s par un potentiel d\u00e9part. Deux transferts qui pourraient rapporter 30 millions d\u2019euros \u00e0 l\u2019OM selon Rapha\u00ebl Nouet, journaliste pour But. Avec cette somme, notre confr\u00e8re estime que Marseille aurait tout int\u00e9r\u00eat \u00e0 foncer sur Charlie Cresswell, le solide d\u00e9fenseur anglais de Toulouse.<\/p>\n<p>\u00ab J\u2019ai bien entendu Pablo Longoria dire, lors de sa conf\u00e9rence de presse de jeudi, que l\u2019OM devait faire attention \u00e0 ses finances. Et qu\u2019il lui faudrait d\u2019abord vendre cet hiver avant de pouvoir recruter. Mais s\u2019il parvient \u00e0 se s\u00e9parer d\u2019Angel Gomes et CJ Egan-Riley, comme il en a l\u2019intention, il devrait r\u00e9cup\u00e9rer au bas mot 30 M\u20ac.\u00a0Avec Egan-Riley et Balerdi en moins, il faudrait alors trouver un rempla\u00e7ant. Et pour moi, Charlie Cresswell serait l\u2019id\u00e9al \u00bb estime le journaliste avant de poursuivre.<\/p>\n<p>Egan-Riley et Gomes peuvent rapporter gros\u00ab Il conna\u00eet la <a href=\"https:\/\/www.foot01.com\/ligue1\" title=\"Ligue 1\" target=\"_blank\" rel=\"noopener\">Ligue 1<\/a>, il est impressionnant physiquement, bon dans la relance, intelligent, encore jeune (23 ans)\u2026 West Ham veut le rapatrier et est pr\u00eat \u00e0 mettre 25 M\u20ac pour cela. Les Hammers ont pour eux l\u2019attrait de la Premier League. Mais l\u2019OM a celui de la Champions League \u00bb estime Rapha\u00ebl Nouet, pour qui l\u2019Olympique de Marseille pourrait faire le gros coup du mercato hivernal en s\u2019offrant le roc du TFC. Une piste que Medhi Benatia creuse, d\u2019autant qu\u2019un d\u00e9part de Leonardo Balerdi est dans les tuyaux pour l\u2019\u00e9t\u00e9 prochain. Un mercato parfait sur le papier qu\u2019il va maintenant falloir concr\u00e9tiser pour les dirigeants phoc\u00e9ens, et cela d\u00e9pendra aussi des offres que Pablo Longoria recevra pour Egan-Riley et Angel Gomes.<\/p>\n","protected":false},"excerpt":{"rendered":"L\u2019OM souhaite \u00eatre actif lors de ce mercato hivernal. Un ou deux renforts pourraient d\u00e9barquer, \u00e0 condition toutefois&hellip;\n","protected":false},"author":2,"featured_media":612255,"comment_status":"","ping_status":"","sticky":false,"template":"","format":"standard","meta":{"footnotes":""},"categories":[1410],"tags":[63,1011,27,66,1434,149,60],"class_list":{"0":"post-612254","1":"post","2":"type-post","3":"status-publish","4":"format-standard","5":"has-post-thumbnail","7":"category-football","8":"tag-football","9":"tag-fr","10":"tag-france","11":"tag-ligue-1","12":"tag-mercato","13":"tag-om","14":"tag-sports"},"share_on_mastodon":{"url":"https:\/\/pubeurope.com\/@fr\/115753455658205092","error":""},"_links":{"self":[{"href":"https:\/\/www.europesays.com\/fr\/wp-json\/wp\/v2\/posts\/612254","targetHints":{"allow":["GET"]}}],"collection":[{"href":"https:\/\/www.europesays.com\/fr\/wp-json\/wp\/v2\/posts"}],"about":[{"href":"https:\/\/www.europesays.com\/fr\/wp-json\/wp\/v2\/types\/post"}],"author":[{"embeddable":true,"href":"https:\/\/www.europesays.com\/fr\/wp-json\/wp\/v2\/users\/2"}],"replies":[{"embeddable":true,"href":"https:\/\/www.europesays.com\/fr\/wp-json\/wp\/v2\/comments?post=612254"}],"version-history":[{"count":0,"href":"https:\/\/www.europesays.com\/fr\/wp-json\/wp\/v2\/posts\/612254\/revisions"}],"wp:featuredmedia":[{"embeddable":true,"href":"https:\/\/www.europesays.com\/fr\/wp-json\/wp\/v2\/media\/612255"}],"wp:attachment":[{"href":"https:\/\/www.europesays.com\/fr\/wp-json\/wp\/v2\/media?parent=612254"}],"wp:term":[{"taxonomy":"category","embeddable":true,"href":"https:\/\/www.europesays.com\/fr\/wp-json\/wp\/v2\/categories?post=612254"},{"taxonomy":"post_tag","embeddable":true,"href":"https:\/\/www.europesays.com\/fr\/wp-json\/wp\/v2\/tags?post=612254"}],"curies":[{"name":"wp","href":"https:\/\/api.w.org\/{rel}","templated":true}]}}