{"id":612256,"date":"2025-12-20T19:05:15","date_gmt":"2025-12-20T19:05:15","guid":{"rendered":"https:\/\/www.europesays.com\/fr\/612256\/"},"modified":"2025-12-20T19:05:15","modified_gmt":"2025-12-20T19:05:15","slug":"carla-bruni-face-au-cancer-lex-premiere-dame-revele-avoir-termine-son-traitement","status":"publish","type":"post","link":"https:\/\/www.europesays.com\/fr\/612256\/","title":{"rendered":"Carla Bruni face au cancer : l&rsquo;ex-Premi\u00e8re dame r\u00e9v\u00e8le avoir termin\u00e9 son traitement"},"content":{"rendered":"<p class=\"mb-4 text-lg md:leading-8 break-words\">Apr\u00e8s cinq ann\u00e9es de combat contre le cancer du sein, <a data-i13n=\"cpos:1;pos:1\" href=\"https:\/\/www.parismatch.com\/bio\/carla-bruni-sarkozy\" rel=\"nofollow noopener\" target=\"_blank\" data-ylk=\"slk:Carla Bruni;cpos:1;pos:1;elm:context_link;itc:0;sec:content-canvas\" class=\"link \">Carla Bruni<\/a> a r\u00e9v\u00e9l\u00e9 ce samedi 20 novembre, avoir enfin termin\u00e9 son traitement. Sur son compte Instagram, elle a pris la parole et expliqu\u00e9 son chemin, long et sinueux, vers la gu\u00e9rison. Avec le sourire qu\u2019on lui conna\u00eet, elle a expliqu\u00e9 :<\/p>\n<p class=\"mb-4 text-lg md:leading-8 break-words\">\u00ab Aujourd\u2019hui samedi 20 d\u00e9cembre 2025, je termine cinq ans d\u2019hormonoth\u00e9rapie apr\u00e8s avoir \u00e9t\u00e9 diagnostiqu\u00e9e fin 2019 d\u2019un cancer du sein. Chirurgie, radioth\u00e9rapie, hormonoth\u00e9rapie, c\u2019est le chemin qu\u2019il nous faut prendre pour gu\u00e9rir ce type de cancer. Malgr\u00e9 ses effets secondaires assez agressifs je suis reconnaissante \u00e0 la science d\u2019avoir invent\u00e9 l\u2019hormonoth\u00e9rapie : cela prot\u00e8ge efficacement de la rechute qui est fr\u00e9quente dans les ann\u00e9es qui suivent le diagnostic. \u00bb<\/p>\n<p class=\"mb-4 text-lg md:leading-8 break-words\"><a data-i13n=\"cpos:2;pos:1\" href=\"https:\/\/www.parismatch.com\/people\/carla-bruni-revele-avoir-vaincu-un-cancer-du-sein-il-y-quatre-ans-230141\" rel=\"nofollow noopener\" target=\"_blank\" data-ylk=\"slk:Le cancer de Carla Bruni a \u00e9t\u00e9 diagnostiqu\u00e9 en 2019;cpos:2;pos:1;elm:context_link;itc:0;sec:content-canvas\" class=\"link \">Le cancer de Carla Bruni a \u00e9t\u00e9 diagnostiqu\u00e9 en 2019<\/a>. Apr\u00e8s \u00eatre rest\u00e9e quatre ans dans le silence, la chanteuse avait fini par r\u00e9v\u00e9ler, en 2023, \u00eatre atteinte de cette maladie. A l\u2019occasion d\u2019Octobre Rose, pour appeler au d\u00e9pistage, elle avait d\u00e9clar\u00e9 publiquement dans une vid\u00e9o diffus\u00e9e sur ses r\u00e9seaux sociaux : \u00ab Il y a quatre ans, j\u2019ai \u00e9t\u00e9 diagnostiqu\u00e9e d\u2019un cancer du sein. [\u2026] Chirurgie, radioth\u00e9rapie, hormonoth\u00e9rapie, je parcours le chemin habituel pour traiter ce genre de cancer. Mais j\u2019ai eu de la chance : mon cancer n\u2019\u00e9tait pas encore agressif. \u00bb<\/p>\n<p>Carla Bruni, engag\u00e9e aupr\u00e8s des femmes malades<\/p>\n<p class=\"mb-4 text-lg md:leading-8 break-words\">Cette do&#8230;<\/p>\n<p class=\"mb-4 text-lg md:leading-8 break-words\"><a data-i13n=\"cpos:3;pos:1\" href=\"https:\/\/www.parismatch.com\/People\/carla-bruni-face-au-cancer-lex-premiere-dame-revele-avoir-termine-son-traitement-261904?at_medium=affiliate&amp;at_campaign=Yahoo\" rel=\"nofollow noopener\" target=\"_blank\" data-ylk=\"slk:Lire la suite sur ParisMatch;cpos:3;pos:1;elm:context_link;itc:0;sec:content-canvas\" class=\"link \">Lire la suite sur ParisMatch<\/a><\/p>\n","protected":false},"excerpt":{"rendered":"Apr\u00e8s cinq ann\u00e9es de combat contre le cancer du sein, Carla Bruni a r\u00e9v\u00e9l\u00e9 ce samedi 20 novembre,&hellip;\n","protected":false},"author":2,"featured_media":612257,"comment_status":"","ping_status":"","sticky":false,"template":"","format":"standard","meta":{"footnotes":""},"categories":[1359],"tags":[6661,101,2776,12667,58,59,1011,27,973],"class_list":{"0":"post-612256","1":"post","2":"type-post","3":"status-publish","4":"format-standard","5":"has-post-thumbnail","7":"category-people","8":"tag-avoir","9":"tag-cancer","10":"tag-cancer-du-sein","11":"tag-carla-bruni","12":"tag-divertissement","13":"tag-entertainment","14":"tag-fr","15":"tag-france","16":"tag-people"},"share_on_mastodon":{"url":"https:\/\/pubeurope.com\/@fr\/115753459748695614","error":""},"_links":{"self":[{"href":"https:\/\/www.europesays.com\/fr\/wp-json\/wp\/v2\/posts\/612256","targetHints":{"allow":["GET"]}}],"collection":[{"href":"https:\/\/www.europesays.com\/fr\/wp-json\/wp\/v2\/posts"}],"about":[{"href":"https:\/\/www.europesays.com\/fr\/wp-json\/wp\/v2\/types\/post"}],"author":[{"embeddable":true,"href":"https:\/\/www.europesays.com\/fr\/wp-json\/wp\/v2\/users\/2"}],"replies":[{"embeddable":true,"href":"https:\/\/www.europesays.com\/fr\/wp-json\/wp\/v2\/comments?post=612256"}],"version-history":[{"count":0,"href":"https:\/\/www.europesays.com\/fr\/wp-json\/wp\/v2\/posts\/612256\/revisions"}],"wp:featuredmedia":[{"embeddable":true,"href":"https:\/\/www.europesays.com\/fr\/wp-json\/wp\/v2\/media\/612257"}],"wp:attachment":[{"href":"https:\/\/www.europesays.com\/fr\/wp-json\/wp\/v2\/media?parent=612256"}],"wp:term":[{"taxonomy":"category","embeddable":true,"href":"https:\/\/www.europesays.com\/fr\/wp-json\/wp\/v2\/categories?post=612256"},{"taxonomy":"post_tag","embeddable":true,"href":"https:\/\/www.europesays.com\/fr\/wp-json\/wp\/v2\/tags?post=612256"}],"curies":[{"name":"wp","href":"https:\/\/api.w.org\/{rel}","templated":true}]}}