{"id":612258,"date":"2025-12-20T19:06:13","date_gmt":"2025-12-20T19:06:13","guid":{"rendered":"https:\/\/www.europesays.com\/fr\/612258\/"},"modified":"2025-12-20T19:06:13","modified_gmt":"2025-12-20T19:06:13","slug":"une-boutique-de-design-et-de-decoration-remplace-lecrin-des-remparts","status":"publish","type":"post","link":"https:\/\/www.europesays.com\/fr\/612258\/","title":{"rendered":"une boutique de design et de d\u00e9coration remplace L&rsquo;Ecrin des remparts"},"content":{"rendered":"<p>                    Par<br \/>\n        <strong><br \/>\n            <a href=\"https:\/\/actu.fr\/auteur\/redaction-lerepublique\" title=\"Consulter tous les articles de R\u00e9daction La R\u00e9publique de Seine et Marne\" target=\"_blank\" rel=\"noopener\">R\u00e9daction La R\u00e9publique de Seine et Marne<\/a><br \/>\n                    <\/strong><\/p>\n<p>        Publi\u00e9 le<\/p>\n<p>            20 d\u00e9c. 2025 \u00e0 7h02        <\/p>\n<p><b>Mu Design<\/b>, boutique d\u2019espace et de d\u00e9coration, remplace l\u2019<a href=\"https:\/\/actu.fr\/ile-de-france\/moret-loing-et-orvanne_77316\/moret-bijoux-fleurs-et-deco-vous-attendent-a-lecrin-des-remparts_56666851.html\" target=\"_blank\" rel=\"noopener\">Ecrin des remparts<\/a> dans la rue de l\u2019\u00c9glise, \u00e0 <a href=\"https:\/\/actu.fr\/?s=moret\" target=\"_blank\" rel=\"noopener\">Moret<\/a>. \u00c0 partir du mardi 16 d\u00e9cembre, date d\u2019ouverture de ce nouveau commerce, il sera possible de d\u00e9couvrir un univers de design, de sc\u00e9nographie \u00e9v\u00e9nementielle et d\u2019architecture d\u2019int\u00e9rieur sur mesure cr\u00e9\u00e9 par <b>Sandra Artaud<\/b>.<\/p>\n<p>\u00ab\u00a0Jouer avec l\u2019espace\u00a0\u00bb<\/p>\n<p class=\" wall-content\">Apr\u00e8s avoir travaill\u00e9 20 ans dans l\u2019univers du graphisme, elle s\u2019est lanc\u00e9e il y a trois ans dans une formation de design d\u2019espace et d\u2019architecte d\u2019int\u00e9rieur, activit\u00e9 qu\u2019elle exerce depuis deux ans.<\/p>\n<p class=\" wall-content\">Sandra r\u00e9sume son activit\u00e9 par le nom de sa boutique, Mu, qui vient du chinois et du japonais, et qui signifie \u00ab <b>Le n\u00e9ant avant le tout <\/b>\u00bb : \u00ab Ma sp\u00e9cialit\u00e9 est de jouer avec l\u2019espace, avec les lieux qui correspondent \u00e0 la fa\u00e7on de vivre des clients \u00bb, explique-t-elle.<\/p>\n<p class=\" wall-content\">Son showroom du 10, rue de l\u2019\u00c9glise lui permettra aussi de vendre diverses choses : des <b>meubles sur mesure <\/b>aux objets de d\u00e9co en passant par le tissu et le papier peint.<\/p>\n<p class=\" wall-content\">Sa client\u00e8le est vari\u00e9e : les <b>particuliers<\/b> \u00e0 la recherche d\u2019id\u00e9es pour l\u2019am\u00e9nagement de diverses pi\u00e8ces telles que le salon, la salle de bains, la cuisine ou m\u00eame la r\u00e9novation compl\u00e8te de la maison, mais aussi les <b>professionnels<\/b> qui souhaitent r\u00e9am\u00e9nager un commerce ou un restaurant.<\/p>\n<p>Horaires : du mardi au samedi, de 10h \u00e0 12h et de 14h \u00e0 18h30<br \/>Contacts : 01 83 88 96 75 ou <a href=\"https:\/\/actu.fr\/cdn-cgi\/l\/email-protection\" class=\"__cf_email__\" data-cfemail=\"375458594356544319444342535e585a425352445e505977505a565e5b1954585a\" target=\"_blank\" rel=\"noopener\">[email\u00a0protected]<\/a><br \/>Site : Artshomestudio.fr<\/p>\n<p class=\" wall-content\">Personnalisez votre actualit\u00e9 en ajoutant vos villes et m\u00e9dias en favori avec <a href=\"https:\/\/moncompte.actu.fr\" title=\"D\u00e9couvez Mon Actu\" rel=\"nofollow noopener\" data-trk=\"{&quot;cta&quot;:{&quot;action&quot;:&quot;https:\\\/\\\/moncompte.actu.fr&quot;,&quot;category&quot;:&quot;mon compte&quot;,&quot;from&quot;:&quot;article footer&quot;,&quot;name&quot;:&quot;Mon actu&quot;,&quot;type&quot;:&quot;cta&quot;}}\" target=\"_blank\">Mon Actu<\/a>.<\/p>\n","protected":false},"excerpt":{"rendered":"Par R\u00e9daction La R\u00e9publique de Seine et Marne Publi\u00e9 le 20 d\u00e9c. 2025 \u00e0 7h02 Mu Design, boutique&hellip;\n","protected":false},"author":2,"featured_media":612259,"comment_status":"","ping_status":"","sticky":false,"template":"","format":"standard","meta":{"footnotes":""},"categories":[1358],"tags":[1348,1384,1385,215,344,1386,58,59,2855,1011,27,104],"class_list":{"0":"post-612258","1":"post","2":"type-post","3":"status-publish","4":"format-standard","5":"has-post-thumbnail","7":"category-arts-et-design","8":"tag-arts","9":"tag-arts-and-design","10":"tag-arts-et-design","11":"tag-commerce","12":"tag-creation-dentreprise","13":"tag-design","14":"tag-divertissement","15":"tag-entertainment","16":"tag-entrepreneuriat","17":"tag-fr","18":"tag-france","19":"tag-societe"},"share_on_mastodon":{"url":"https:\/\/pubeurope.com\/@fr\/115753463508518621","error":""},"_links":{"self":[{"href":"https:\/\/www.europesays.com\/fr\/wp-json\/wp\/v2\/posts\/612258","targetHints":{"allow":["GET"]}}],"collection":[{"href":"https:\/\/www.europesays.com\/fr\/wp-json\/wp\/v2\/posts"}],"about":[{"href":"https:\/\/www.europesays.com\/fr\/wp-json\/wp\/v2\/types\/post"}],"author":[{"embeddable":true,"href":"https:\/\/www.europesays.com\/fr\/wp-json\/wp\/v2\/users\/2"}],"replies":[{"embeddable":true,"href":"https:\/\/www.europesays.com\/fr\/wp-json\/wp\/v2\/comments?post=612258"}],"version-history":[{"count":0,"href":"https:\/\/www.europesays.com\/fr\/wp-json\/wp\/v2\/posts\/612258\/revisions"}],"wp:featuredmedia":[{"embeddable":true,"href":"https:\/\/www.europesays.com\/fr\/wp-json\/wp\/v2\/media\/612259"}],"wp:attachment":[{"href":"https:\/\/www.europesays.com\/fr\/wp-json\/wp\/v2\/media?parent=612258"}],"wp:term":[{"taxonomy":"category","embeddable":true,"href":"https:\/\/www.europesays.com\/fr\/wp-json\/wp\/v2\/categories?post=612258"},{"taxonomy":"post_tag","embeddable":true,"href":"https:\/\/www.europesays.com\/fr\/wp-json\/wp\/v2\/tags?post=612258"}],"curies":[{"name":"wp","href":"https:\/\/api.w.org\/{rel}","templated":true}]}}