{"id":612260,"date":"2025-12-20T19:08:17","date_gmt":"2025-12-20T19:08:17","guid":{"rendered":"https:\/\/www.europesays.com\/fr\/612260\/"},"modified":"2025-12-20T19:08:17","modified_gmt":"2025-12-20T19:08:17","slug":"linvite-les-programmes-dhistoire-de-n-vallaud-belkacem-sont-toujours-enseignes","status":"publish","type":"post","link":"https:\/\/www.europesays.com\/fr\/612260\/","title":{"rendered":"[L\u2019INVIT\u00c9] \u00ab\u00a0Les programmes d&rsquo;histoire de N. Vallaud-Belkacem sont toujours enseign\u00e9s \u00bb"},"content":{"rendered":"<p>Historien, ancien professeur d&rsquo;histoire-g\u00e9ographie, auteur de plus de quarante ouvrages, cr\u00e9ateur de spectacles (L\u2019Op\u00e9ra rock napol\u00e9onien, <a href=\"https:\/\/www.bvoltaire.fr\/bonne-nouvelle-avec-historock-repasser-ses-lecons-en-chantant\/\" target=\"_blank\" rel=\"noopener\">Historock<\/a>), Dimitri Casali vient de publier, chez Fayard, <a href=\"https:\/\/www.amazon.fr\/Quand-France-m%C3%A9moire-Dimitri-Casali\/dp\/2213731985\" target=\"_blank\" rel=\"noopener\">Quand la France perd la m\u00e9moire. Les r\u00e9cits fondateurs de notre Histoire<\/a>, un tr\u00e8s beau livre \u00e0 offrir pour No\u00ebl&#8230;<\/p>\n<p>La France perd la m\u00e9moire, mais certains s&rsquo;acharnent \u00e0 cela ! Preuve en est l&rsquo;annulation, la semaine derni\u00e8re, de la repr\u00e9sentation du spectacle Historock \u00e0 Montrouge, sous la pression d&rsquo;\u00e9lus d&rsquo;extr\u00eame gauche. Dimitri Casali revient sur cette affaire, une premi\u00e8re pour ce spectacle qui a d\u00e9j\u00e0 \u00e9t\u00e9 jou\u00e9 dans 46 villes.<\/p>\n<p>L&rsquo;ambition de Dimitri Casali est de recr\u00e9er un nouveau r\u00e9cit national fondateur afin de r\u00e9concilier tous les Fran\u00e7ais. Il d\u00e9fend une Histoire de France incarn\u00e9e, notamment dans nos grands personnages comme Clovis, Jeanne d&rsquo;Arc, Marie-Antoinette&#8230; Pour lui, \u00ab l&rsquo;Histoire de France ne s&rsquo;apprend pas par c\u0153ur mais par le c\u0153ur \u00bb. Malheureusement, elle n&rsquo;est pas du tout enseign\u00e9e dans cet esprit. Dimitri Casali fait ainsi ce triste constat : \u00ab On a compl\u00e8tement oubli\u00e9 et d\u00e9valoris\u00e9 l&rsquo;enseignement de l&rsquo;Histoire. \u00bb Il pointe d&rsquo;ailleurs les responsabilit\u00e9s politiques de ce d\u00e9sastre : \u00ab Aujourd&rsquo;hui, ce sont toujours les programmes d\u00e9sesp\u00e9rants de Najat Vallaud-Belkacem de 2016 qui sont enseign\u00e9s au coll\u00e8ge. C&rsquo;est dramatique ! \u00bb Aussi, dans ce contexte, le livre de Dimitri Casali est particuli\u00e8rement bienvenu. Tout le monde dans la famille peut le lire : de 12 \u00e0 88 ans, et m\u00eame au-del\u00e0&#8230;<\/p>\n<p>\u00a0<\/p>\n<\/p>\n<p>                    <a href=\"#\" rel=\"nofollow\" onclick=\"window.print(); pfTrackEvent('[L\u2019INVIT\u00c9] \u00ab\u00a0Les programmes d\u2019histoire de N. Vallaud-Belkacem sont toujours enseign\u00e9s \u00bb'); return false;\" title=\"Printer Friendly, PDF &amp; Email\"><br \/>\n                    <img decoding=\"async\" src=\"https:\/\/www.europesays.com\/fr\/wp-content\/uploads\/2025\/04\/printfriendly-icon-sm.png\" alt=\"Print Friendly, PDF &amp; Email\" class=\"pf-button-img\" style=\"width: 17px;height: 17px;\"\/>Imprimer, enregistrer en PDF cet article<br \/>\n                    <\/a><\/p>\n","protected":false},"excerpt":{"rendered":"Historien, ancien professeur d&rsquo;histoire-g\u00e9ographie, auteur de plus de quarante ouvrages, cr\u00e9ateur de spectacles (L\u2019Op\u00e9ra rock napol\u00e9onien, Historock), Dimitri&hellip;\n","protected":false},"author":2,"featured_media":612261,"comment_status":"","ping_status":"","sticky":false,"template":"","format":"standard","meta":{"footnotes":""},"categories":[1356],"tags":[58,59,1011,27,252,1364],"class_list":{"0":"post-612260","1":"post","2":"type-post","3":"status-publish","4":"format-standard","5":"has-post-thumbnail","7":"category-television","8":"tag-divertissement","9":"tag-entertainment","10":"tag-fr","11":"tag-france","12":"tag-television","13":"tag-tv"},"share_on_mastodon":{"url":"https:\/\/pubeurope.com\/@fr\/115753472658869205","error":""},"_links":{"self":[{"href":"https:\/\/www.europesays.com\/fr\/wp-json\/wp\/v2\/posts\/612260","targetHints":{"allow":["GET"]}}],"collection":[{"href":"https:\/\/www.europesays.com\/fr\/wp-json\/wp\/v2\/posts"}],"about":[{"href":"https:\/\/www.europesays.com\/fr\/wp-json\/wp\/v2\/types\/post"}],"author":[{"embeddable":true,"href":"https:\/\/www.europesays.com\/fr\/wp-json\/wp\/v2\/users\/2"}],"replies":[{"embeddable":true,"href":"https:\/\/www.europesays.com\/fr\/wp-json\/wp\/v2\/comments?post=612260"}],"version-history":[{"count":0,"href":"https:\/\/www.europesays.com\/fr\/wp-json\/wp\/v2\/posts\/612260\/revisions"}],"wp:featuredmedia":[{"embeddable":true,"href":"https:\/\/www.europesays.com\/fr\/wp-json\/wp\/v2\/media\/612261"}],"wp:attachment":[{"href":"https:\/\/www.europesays.com\/fr\/wp-json\/wp\/v2\/media?parent=612260"}],"wp:term":[{"taxonomy":"category","embeddable":true,"href":"https:\/\/www.europesays.com\/fr\/wp-json\/wp\/v2\/categories?post=612260"},{"taxonomy":"post_tag","embeddable":true,"href":"https:\/\/www.europesays.com\/fr\/wp-json\/wp\/v2\/tags?post=612260"}],"curies":[{"name":"wp","href":"https:\/\/api.w.org\/{rel}","templated":true}]}}