{"id":612269,"date":"2025-12-20T19:13:30","date_gmt":"2025-12-20T19:13:30","guid":{"rendered":"https:\/\/www.europesays.com\/fr\/612269\/"},"modified":"2025-12-20T19:13:30","modified_gmt":"2025-12-20T19:13:30","slug":"voici-les-10-meilleures-series-de-2025-a-rattraper-absolument","status":"publish","type":"post","link":"https:\/\/www.europesays.com\/fr\/612269\/","title":{"rendered":"Voici les 10 meilleures s\u00e9ries de 2025 \u00e0 rattraper absolument"},"content":{"rendered":"<p>Si vous n\u2019avez rien suivi de l\u2019actualit\u00e9 s\u00e9rielle pendant ces derniers mois ou si vous souhaitez confirmer vos coups de c\u0153ur de l\u2019ann\u00e9e, vous \u00eates au bon endroit. Voici notre s\u00e9lection des 10 meilleures s\u00e9ries sorties en France en 2025 et qui m\u00e9ritent toute votre attention.<\/p>\n<p>\u00c0 l\u2019heure des r\u00e9caps et autres listes, vous connaissez d\u00e9sormais la chanson : la fin d\u2019ann\u00e9e sonne toujours l\u2019heure du bilan. Et du c\u00f4t\u00e9 des s\u00e9ries, il est g\u00e9n\u00e9ralement tr\u00e8s charg\u00e9, alors que <a href=\"https:\/\/www.numerama.com\/pop-culture\/541742-netflix-amazon-canal-ocs-apple-tv-le-grand-comparatif-2019-des-offres-de-svod-en-france.html\" data-type=\"post\" data-id=\"541742\" target=\"_blank\" rel=\"noopener\">les plateformes de streaming<\/a> ne cessent de multiplier les contenus dans tous les genres possibles et imaginables. Pour s\u2019y retrouver dans cet oc\u00e9an presque infini, nous avons s\u00e9lectionn\u00e9 pour vous les 10 s\u00e9ries qui nous ont \u00e9mus, qui nous ont fait r\u00e9fl\u00e9chir, qui nous ont scotch\u00e9s \u00e0 notre canap\u00e9, qui nous ont fait rire aux \u00e9clats ou qui ont fait battre nos petits c\u0153urs d\u2019artichaut en 2025.<\/p>\n<p>Il s\u2019agit \u00e9videmment d\u2019une s\u00e9lection non-exhaustive qui a \u00e9t\u00e9 \u00e9labor\u00e9e selon nos go\u00fbts personnels. Il peut ainsi manquer quelques p\u00e9pites de l\u2019ann\u00e9e que nous n\u2019avons malheureusement pas eu l\u2019occasion de voir, comme le thriller Down Cemetery Road, le drame Des vivants sur les attentats du 13 novembre 2015 ou la com\u00e9die de SF Murderbot. Mais globalement le meilleur de l\u2019ann\u00e9e se trouve ici.<\/p>\n<p>Quelles sont les meilleures s\u00e9ries de l\u2019ann\u00e9e 2025 ?<\/p>\n<p>10. Los A\u00f1os Nuevos sur Arte<\/p>\n<p>Ils s\u2019aiment un peu, beaucoup, passionn\u00e9ment, \u00e0 la folie\u2026 On a tous d\u00e9j\u00e0 vu \u00e7a des centaines de fois. Mais avec <a href=\"https:\/\/www.numerama.com\/series-tv\/los-anos-nuevos\/\" target=\"_blank\" rel=\"noopener\">Los A\u00f1os Nuevos<\/a>, c\u2019est diff\u00e9rent. Tout semble nouveau, naturel, l\u00e9ger, simple. Il faut dire que les deux com\u00e9diens principaux, Francesco Carril et Iria del R\u00edo (<a href=\"https:\/\/www.numerama.com\/series-tv\/les-demoiselles-du-telephone\/\" data-type=\"tv-shows\" data-id=\"1847710\" target=\"_blank\" rel=\"noopener\">Les Demoiselles du T\u00e9l\u00e9phone<\/a>), y composent un couple d\u2019une beaut\u00e9 d\u00e9concertante, dont les \u00e9motions paraissent si r\u00e9elles.<\/p>\n<p>Le format singulier de la s\u00e9rie, qui retrace un Nouvel An diff\u00e9rent \u00e0 chaque \u00e9pisode, permet de saisir de pr\u00e9cieux instants de vie de mani\u00e8re in\u00e9dite. Une p\u00e9pite espagnole qui a embras\u00e9 nos c\u0153urs en un instant et dont les sc\u00e8nes de sexe, tr\u00e8s douces et r\u00e9alistes, feront date dans la repr\u00e9sentation de l\u2019intimit\u00e9 \u00e0 l\u2019\u00e9cran. Si vous avez aim\u00e9 <a href=\"https:\/\/www.numerama.com\/series-tv\/un-jour\/\" data-type=\"tv-shows\" data-id=\"1626588\" target=\"_blank\" rel=\"noopener\">Un Jour<\/a> ou <a href=\"https:\/\/www.numerama.com\/series-tv\/normal-people\/\" data-type=\"tv-shows\" data-id=\"1474172\" target=\"_blank\" rel=\"noopener\">Normal People<\/a>, foncez sur Arte avant le 5 mai 2026 : vous ne le regretterez pas.<\/p>\n<\/p>\n<p>            Ce contenu est bloqu\u00e9 car vous n\u2019avez pas accept\u00e9 les cookies et autres traceurs. Ce contenu est fourni par YouTube.<br \/>Pour pouvoir le visualiser, vous devez accepter l\u2019usage \u00e9tant op\u00e9r\u00e9 par YouTube avec vos donn\u00e9es qui pourront \u00eatre utilis\u00e9es pour les finalit\u00e9s suivantes : vous permettre de visualiser et de partager des contenus avec des m\u00e9dias sociaux, favoriser le d\u00e9veloppement et l\u2019am\u00e9lioration des produits d\u2019Humanoid et de ses partenaires, vous afficher des publicit\u00e9s personnalis\u00e9es par rapport \u00e0 votre profil et activit\u00e9, vous d\u00e9finir un profil publicitaire personnalis\u00e9, mesurer la performance des publicit\u00e9s et du contenu de ce site et mesurer l\u2019audience de ce site <a href=\"#\" class=\"js-privacy\" target=\"_blank\">(en savoir plus)<\/a>        <\/p>\n<p>            En cliquant sur \u00ab J\u2019accepte tout \u00bb, vous consentez aux finalit\u00e9s susmentionn\u00e9es pour l\u2019ensemble des cookies et autres traceurs d\u00e9pos\u00e9s par Humanoid et <a class=\"embed-consent-overlay-vendors-link\" href=\"#preferences-vendeurs\">ses partenaires<\/a>.        <\/p>\n<p>            Vous gardez la possibilit\u00e9 de retirer votre consentement \u00e0 tout moment. Pour plus d\u2019informations, nous vous invitons \u00e0 prendre connaissance de notre <a href=\"https:\/\/www.numerama.com\/politique-cookies\" target=\"_blank\" rel=\"noopener\">Politique cookies<\/a>.        <\/p>\n<p>        J\u2019accepte tout    <\/p>\n<p class=\"embed-consent-overlay-manage-choices\">        <a href=\"#preferences-publicitaires\">G\u00e9rer mes choix<\/a>    <\/p>\n<p>                        <a href=\"https:\/\/www.numerama.com\/series-tv\/los-anos-nuevos\/\" class=\"is-block\" target=\"_blank\" rel=\"noopener\"><br \/>\n                            <img decoding=\"async\" width=\"350\" height=\"210\" loading=\"lazy\" alt=\"Los a\u00f1os nuevos\" title=\"Los a\u00f1os nuevos\" class=\"is-block is-radiused placeholder-default wp-image\" src=\"https:\/\/www.europesays.com\/fr\/wp-content\/uploads\/2025\/12\/los-anos-nuev-680x383.jpg\" \/>                        <\/a><\/p>\n<p>9. De rockstar \u00e0 tueur : Le cas Cantat sur Netflix<\/p>\n<p>Netflix a l\u2019habitude des documentaires choc qui font parler le public pendant des semaines tout en relan\u00e7ant de vieilles affaires oubli\u00e9es. Pourtant, certains d\u2019entre eux parviennent \u00e0 sortir du lot en ayant un v\u00e9ritable impact sur la soci\u00e9t\u00e9 dans laquelle ils s\u2019inscrivent. <a href=\"https:\/\/www.numerama.com\/series-tv\/de-rockstar-a-tueur-le-cas-cantat\/\" target=\"_blank\" rel=\"noopener\">De rockstar \u00e0 tueur : Le cas Cantat<\/a> fait partie de ceux-l\u00e0.<\/p>\n<p>En plus d\u2019avoir rendu <a href=\"https:\/\/www.numerama.com\/pop-culture\/1940115-le-cas-cantat-sur-netflix-repare-t-il-linjustice-causee-a-marie-trintignant-et-kristina-rady.html\" target=\"_blank\" rel=\"noopener\">un magnifique hommage amplement m\u00e9rit\u00e9 \u00e0 Marie Trintignant et \u00e0 Kristina Rady<\/a>, apr\u00e8s des ann\u00e9es de traitement m\u00e9diatique honteux, la s\u00e9rie Netflix a m\u00eame permis \u00e0 la justice fran\u00e7aise <a href=\"https:\/\/www.numerama.com\/pop-culture\/2039413-le-documentaire-netflix-sur-bertrand-cantat-permet-de-rouvrir-lenquete-autour-de-krisztina-rady.html\" target=\"_blank\" rel=\"noopener\">de se repencher sur le dossier de Bertrand Cantat<\/a>. Une enqu\u00eate implacable en trois \u00e9pisodes qui invite \u00e0 ne plus jamais oublier les victimes de f\u00e9minicides et \u00e0 ne plus jamais se taire. L\u2019une des bombes de 2025.<\/p>\n<\/p>\n<p>            Ce contenu est bloqu\u00e9 car vous n\u2019avez pas accept\u00e9 les cookies et autres traceurs. Ce contenu est fourni par YouTube.<br \/>Pour pouvoir le visualiser, vous devez accepter l\u2019usage \u00e9tant op\u00e9r\u00e9 par YouTube avec vos donn\u00e9es qui pourront \u00eatre utilis\u00e9es pour les finalit\u00e9s suivantes : vous permettre de visualiser et de partager des contenus avec des m\u00e9dias sociaux, favoriser le d\u00e9veloppement et l\u2019am\u00e9lioration des produits d\u2019Humanoid et de ses partenaires, vous afficher des publicit\u00e9s personnalis\u00e9es par rapport \u00e0 votre profil et activit\u00e9, vous d\u00e9finir un profil publicitaire personnalis\u00e9, mesurer la performance des publicit\u00e9s et du contenu de ce site et mesurer l\u2019audience de ce site <a href=\"#\" class=\"js-privacy\" target=\"_blank\">(en savoir plus)<\/a>        <\/p>\n<p>            En cliquant sur \u00ab J\u2019accepte tout \u00bb, vous consentez aux finalit\u00e9s susmentionn\u00e9es pour l\u2019ensemble des cookies et autres traceurs d\u00e9pos\u00e9s par Humanoid et <a class=\"embed-consent-overlay-vendors-link\" href=\"#preferences-vendeurs\">ses partenaires<\/a>.        <\/p>\n<p>            Vous gardez la possibilit\u00e9 de retirer votre consentement \u00e0 tout moment. Pour plus d\u2019informations, nous vous invitons \u00e0 prendre connaissance de notre <a href=\"https:\/\/www.numerama.com\/politique-cookies\" target=\"_blank\" rel=\"noopener\">Politique cookies<\/a>.        <\/p>\n<p>        J\u2019accepte tout    <\/p>\n<p class=\"embed-consent-overlay-manage-choices\">        <a href=\"#preferences-publicitaires\">G\u00e9rer mes choix<\/a>    <\/p>\n<p>                        <a href=\"https:\/\/www.numerama.com\/series-tv\/de-rockstar-a-tueur-le-cas-cantat\/\" class=\"is-block\" target=\"_blank\" rel=\"noopener\"><br \/>\n                            <img decoding=\"async\" width=\"350\" height=\"210\" loading=\"lazy\" alt=\"Le Cas Cantat \/\/ Source : Netflix\" title=\"Le Cas Cantat \/\/ Source : Netflix\" class=\"is-block is-radiused placeholder-default wp-image\" src=\"https:\/\/www.europesays.com\/fr\/wp-content\/uploads\/2025\/12\/capture-decran-2025-04-01-a-113920-680x383.jpg\" \/>                        <\/a><\/p>\n<p>8. Dexter : Resurrection sur Canal+<\/p>\n<p>Les miracles existent. <a href=\"https:\/\/www.numerama.com\/series-tv\/dexter\/\" data-type=\"tv-shows\" data-id=\"1793944\" target=\"_blank\" rel=\"noopener\">Dexter<\/a> en est la preuve vivante. Apr\u00e8s avoir p\u00e9ri dans un naufrage, puis avoir \u00e9t\u00e9 ressuscit\u00e9 en tant que b\u00fbcheron dans le froid polaire, puis avoir p\u00e9ri une seconde fois des mains de son propre fils, le tueur en s\u00e9rie revient \u00e0 nouveau d\u2019entre les morts pour un nouveau tour de man\u00e8ge. Et contre toutes attentes, <a href=\"https:\/\/www.numerama.com\/series-tv\/dexter-resurrection\/\" target=\"_blank\" rel=\"noopener\">Dexter : Ressurection<\/a> est <a href=\"https:\/\/www.numerama.com\/pop-culture\/2056065-on-a-vu-7-episodes-de-dexter-resurrection-le-spin-off-dont-on-avait-besoin.html\" target=\"_blank\" rel=\"noopener\">une r\u00e9ussite<\/a>. Le personnage iconique du petit \u00e9cran reprend du service dans <a href=\"https:\/\/www.numerama.com\/pop-culture\/1870298-dexter-dans-quel-ordre-regarder-les-series-derivees-pour-tout-comprendre.html\" target=\"_blank\" rel=\"noopener\">cette \u00e9ni\u00e8me s\u00e9rie d\u00e9riv\u00e9e<\/a> d\u00e9localis\u00e9e \u00e0 New York.<\/p>\n<p>Alors qu\u2019il tente de renouer avec son fils, il va d\u00e9couvrir un groupe de criminels qui pourrait bien enfin lui donner un sentiment d\u2019appartenance\u2026 <a target=\"_blank\" href=\"https:\/\/www.youtube.com\/watch?v=84o1Q6fB20k\" rel=\"noopener\">Plut\u00f4t r\u00e9serv\u00e9e aux fans de la premi\u00e8re heure<\/a> qu\u2019aux petits nouveaux, Dexter : Ressurection nous a permis de retrouver notre tueur en s\u00e9rie pr\u00e9f\u00e9r\u00e9 pour notre plus grand bonheur. M\u00eame si vous aviez compl\u00e8tement l\u00e2ch\u00e9 la franchise, faites-nous confiance : vous pouvez redonner une chance \u00e0 Dexter Morgan. Et bonne nouvelle : <a href=\"https:\/\/www.numerama.com\/pop-culture\/2090891-bonne-nouvelle-pour-les-fans-de-dexter-resurrection.html\" target=\"_blank\" rel=\"noopener\">une saison 2 est d\u00e9j\u00e0 sur les rails<\/a>.<\/p>\n<\/p>\n<p>            Ce contenu est bloqu\u00e9 car vous n\u2019avez pas accept\u00e9 les cookies et autres traceurs. Ce contenu est fourni par YouTube.<br \/>Pour pouvoir le visualiser, vous devez accepter l\u2019usage \u00e9tant op\u00e9r\u00e9 par YouTube avec vos donn\u00e9es qui pourront \u00eatre utilis\u00e9es pour les finalit\u00e9s suivantes : vous permettre de visualiser et de partager des contenus avec des m\u00e9dias sociaux, favoriser le d\u00e9veloppement et l\u2019am\u00e9lioration des produits d\u2019Humanoid et de ses partenaires, vous afficher des publicit\u00e9s personnalis\u00e9es par rapport \u00e0 votre profil et activit\u00e9, vous d\u00e9finir un profil publicitaire personnalis\u00e9, mesurer la performance des publicit\u00e9s et du contenu de ce site et mesurer l\u2019audience de ce site <a href=\"#\" class=\"js-privacy\" target=\"_blank\">(en savoir plus)<\/a>        <\/p>\n<p>            En cliquant sur \u00ab J\u2019accepte tout \u00bb, vous consentez aux finalit\u00e9s susmentionn\u00e9es pour l\u2019ensemble des cookies et autres traceurs d\u00e9pos\u00e9s par Humanoid et <a class=\"embed-consent-overlay-vendors-link\" href=\"#preferences-vendeurs\">ses partenaires<\/a>.        <\/p>\n<p>            Vous gardez la possibilit\u00e9 de retirer votre consentement \u00e0 tout moment. Pour plus d\u2019informations, nous vous invitons \u00e0 prendre connaissance de notre <a href=\"https:\/\/www.numerama.com\/politique-cookies\" target=\"_blank\" rel=\"noopener\">Politique cookies<\/a>.        <\/p>\n<p>        J\u2019accepte tout    <\/p>\n<p class=\"embed-consent-overlay-manage-choices\">        <a href=\"#preferences-publicitaires\">G\u00e9rer mes choix<\/a>    <\/p>\n<p>                        <a href=\"https:\/\/www.numerama.com\/series-tv\/dexter-resurrection\/\" class=\"is-block\" target=\"_blank\" rel=\"noopener\"><br \/>\n                            <img decoding=\"async\" width=\"350\" height=\"210\" loading=\"lazy\" alt=\"Dexter : Resurrection \/\/ Source : Showtime\" title=\"Dexter : Resurrection \/\/ Source : Showtime\" class=\"is-block is-radiused placeholder-default wp-image\" src=\"https:\/\/www.europesays.com\/fr\/wp-content\/uploads\/2025\/12\/genre-dexter-il-est-mort-680x383.jpg\" \/>                        <\/a><\/p>\n<p>7. \u00c7a : Bienvenue \u00e0 Derry sur HBO Max<\/p>\n<p>Les amateurs d\u2019horreur le savent bien : Grippe-Sou repr\u00e9sente un peu le boss ultime, celui qui hante nos cauchemars depuis si longtemps qu\u2019il fait presque partie des murs. En 2025, il a d\u00e9cid\u00e9 de revenir sous de nouvelles formes gr\u00e2ce \u00e0 <a href=\"https:\/\/www.numerama.com\/series-tv\/ca-bienvenue-a-derry\/\" data-type=\"tv-shows\" data-id=\"1995821\" target=\"_blank\" rel=\"noopener\">\u00c7a : Bienvenue \u00e0 Derry<\/a>. Ce pr\u00e9quel, situ\u00e9 dans les 1960 autour d\u2019une bande de jeunes enfants et de disparitions myst\u00e9rieuses, est ainsi une excellente adaptation des romans de Stephen King.<\/p>\n<p>La production de HBO Max s\u2019est m\u00eame impos\u00e9e comme <a href=\"https:\/\/www.numerama.com\/pop-culture\/1822328-les-meilleures-series-horreur-a-voir-en-streaming.html\" target=\"_blank\" rel=\"noopener\">la meilleure s\u00e9rie d\u2019horreur de 2025<\/a>, avec des s\u00e9quences d\u2019\u00e9pouvante ma\u00eetris\u00e9es et un propos social plus que jamais d\u2019actualit\u00e9. Si vous d\u00e9testez avoir peur, vous pouvez passer votre chemin. En revanche, si vous ne craignez pas de flotter en compagnie d\u2019un clown, vous passerez <a href=\"https:\/\/www.numerama.com\/pop-culture\/2099795-on-a-vu-5-episodes-de-la-serie-ca-et-grippe-sou-nous-fait-toujours-autant-flipper.html\" target=\"_blank\" rel=\"noopener\">un excellent moment devant \u00c7a : Bienvenue \u00e0 Derry.<\/a><\/p>\n<\/p>\n<p>            Ce contenu est bloqu\u00e9 car vous n\u2019avez pas accept\u00e9 les cookies et autres traceurs. Ce contenu est fourni par YouTube.<br \/>Pour pouvoir le visualiser, vous devez accepter l\u2019usage \u00e9tant op\u00e9r\u00e9 par YouTube avec vos donn\u00e9es qui pourront \u00eatre utilis\u00e9es pour les finalit\u00e9s suivantes : vous permettre de visualiser et de partager des contenus avec des m\u00e9dias sociaux, favoriser le d\u00e9veloppement et l\u2019am\u00e9lioration des produits d\u2019Humanoid et de ses partenaires, vous afficher des publicit\u00e9s personnalis\u00e9es par rapport \u00e0 votre profil et activit\u00e9, vous d\u00e9finir un profil publicitaire personnalis\u00e9, mesurer la performance des publicit\u00e9s et du contenu de ce site et mesurer l\u2019audience de ce site <a href=\"#\" class=\"js-privacy\" target=\"_blank\">(en savoir plus)<\/a>        <\/p>\n<p>            En cliquant sur \u00ab J\u2019accepte tout \u00bb, vous consentez aux finalit\u00e9s susmentionn\u00e9es pour l\u2019ensemble des cookies et autres traceurs d\u00e9pos\u00e9s par Humanoid et <a class=\"embed-consent-overlay-vendors-link\" href=\"#preferences-vendeurs\">ses partenaires<\/a>.        <\/p>\n<p>            Vous gardez la possibilit\u00e9 de retirer votre consentement \u00e0 tout moment. Pour plus d\u2019informations, nous vous invitons \u00e0 prendre connaissance de notre <a href=\"https:\/\/www.numerama.com\/politique-cookies\" target=\"_blank\" rel=\"noopener\">Politique cookies<\/a>.        <\/p>\n<p>        J\u2019accepte tout    <\/p>\n<p class=\"embed-consent-overlay-manage-choices\">        <a href=\"#preferences-publicitaires\">G\u00e9rer mes choix<\/a>    <\/p>\n<p>6. Querer<\/p>\n<p>Un beau matin, Miren prend une d\u00e9cision cruciale : celle de litt\u00e9ralement se lever et se casser de chez elle. Un choix difficile, v\u00e9cu par des millions de victimes de violences conjugales \u00e0 travers le monde. <a href=\"https:\/\/www.numerama.com\/series-tv\/querer\/\" target=\"_blank\" rel=\"noopener\">Querer<\/a> s\u2019empare de ce sujet d\u00e9licat pour nous offrir une s\u00e9rie \u00e9tonnamment lumineuse, qui donne enfin la parole \u00e0 ces femmes qui traversent l\u2019indicible, parfois pendant des d\u00e9cennies.<\/p>\n<p>La production d\u00e9nonce \u00e9galement avec brio le patriarcat, dont le poids pousse les victimes au silence et offre encore trop souvent une porte de sortie judiciaire aux bourreaux. Si Querer n\u2019est plus disponible en France \u00e0 l\u2019heure actuelle, \u00e0 notre grand regret, elle a tout de m\u00eame fait l\u2019effet d\u2019un raz de mar\u00e9e (aupr\u00e8s du public comme dans nos c\u0153urs) lors de sa diffusion sur Arte, en juin 2025.<\/p>\n<\/p>\n<p>            Ce contenu est bloqu\u00e9 car vous n\u2019avez pas accept\u00e9 les cookies et autres traceurs. Ce contenu est fourni par YouTube.<br \/>Pour pouvoir le visualiser, vous devez accepter l\u2019usage \u00e9tant op\u00e9r\u00e9 par YouTube avec vos donn\u00e9es qui pourront \u00eatre utilis\u00e9es pour les finalit\u00e9s suivantes : vous permettre de visualiser et de partager des contenus avec des m\u00e9dias sociaux, favoriser le d\u00e9veloppement et l\u2019am\u00e9lioration des produits d\u2019Humanoid et de ses partenaires, vous afficher des publicit\u00e9s personnalis\u00e9es par rapport \u00e0 votre profil et activit\u00e9, vous d\u00e9finir un profil publicitaire personnalis\u00e9, mesurer la performance des publicit\u00e9s et du contenu de ce site et mesurer l\u2019audience de ce site <a href=\"#\" class=\"js-privacy\" target=\"_blank\">(en savoir plus)<\/a>        <\/p>\n<p>            En cliquant sur \u00ab J\u2019accepte tout \u00bb, vous consentez aux finalit\u00e9s susmentionn\u00e9es pour l\u2019ensemble des cookies et autres traceurs d\u00e9pos\u00e9s par Humanoid et <a class=\"embed-consent-overlay-vendors-link\" href=\"#preferences-vendeurs\">ses partenaires<\/a>.        <\/p>\n<p>            Vous gardez la possibilit\u00e9 de retirer votre consentement \u00e0 tout moment. Pour plus d\u2019informations, nous vous invitons \u00e0 prendre connaissance de notre <a href=\"https:\/\/www.numerama.com\/politique-cookies\" target=\"_blank\" rel=\"noopener\">Politique cookies<\/a>.        <\/p>\n<p>        J\u2019accepte tout    <\/p>\n<p class=\"embed-consent-overlay-manage-choices\">        <a href=\"#preferences-publicitaires\">G\u00e9rer mes choix<\/a>    <\/p>\n<p>                        <a href=\"https:\/\/www.numerama.com\/series-tv\/querer\/\" class=\"is-block\" target=\"_blank\" rel=\"noopener\"><br \/>\n                            <img decoding=\"async\" width=\"350\" height=\"210\" loading=\"lazy\" alt=\"Querer \/\/ Source : Nicol\u00e1s de Assas \/ Movistar Plus+\" title=\"Querer \/\/ Source : Nicol\u00e1s de Assas \/ Movistar Plus+\" class=\"is-block is-radiused placeholder-default wp-image\" src=\"https:\/\/www.europesays.com\/fr\/wp-content\/uploads\/2025\/12\/quere-680x383.jpg\" \/>                        <\/a><\/p>\n<p>                        <a href=\"https:\/\/www.numerama.com\/series-tv\/querer\/\" class=\"is-family-serif is-block has-text-body has-text-primary-hover has-text-decoration-none mb-1\" target=\"_blank\" rel=\"noopener\"><br \/>\n                Querer            <\/a><\/p>\n<p>        Il n\u2019y a pas d\u2019offres pour le moment\n                                            <\/p>\n<p>5. Ast\u00e9rix et Ob\u00e9lix : Le Combat des Chefs sur Netflix<\/p>\n<p>Alain Chabat \u00e9tait tout simplement fait pour donner vie \u00e0 Ast\u00e9rix et Ob\u00e9lix. On le savait depuis <a href=\"https:\/\/www.numerama.com\/films\/asterix-et-obelix-mission-cleopatre\/\" data-type=\"movies\" data-id=\"1964535\" target=\"_blank\" rel=\"noopener\">Mission Cl\u00e9op\u00e2tre<\/a>, sorti il y a d\u00e9j\u00e0 plus de vingt ans, mais le r\u00e9alisateur vient de confirmer pour de bon son savoir-faire en la mati\u00e8re avec la meilleure s\u00e9rie d\u2019animation de 2025 : <a href=\"https:\/\/www.numerama.com\/series-tv\/asterix-obelix-le-combat-des-chefs\/\" target=\"_blank\" rel=\"noopener\">Ast\u00e9rix et Ob\u00e9lix : Le Combat des Chefs.<\/a><\/p>\n<p>Loin de repr\u00e9senter une \u00e9ni\u00e8me incursion vue et revue dans l\u2019univers imagin\u00e9 par Ren\u00e9 Goscinny et Albert Uderzo, ces 5 petits \u00e9pisodes d\u00e9bordent au contraire d\u2019inventivit\u00e9, d\u2019humour et d\u2019excellentes id\u00e9es de mise en sc\u00e8ne. C\u2019est color\u00e9, c\u2019est fun, les \u00e9pisodes sont courts, <a href=\"https:\/\/www.numerama.com\/pop-culture\/1963597-asterix-et-obelix-sur-netflix-quel-est-le-casting-quatre-etoiles-de-la-serie-dalain-chabat.html\" target=\"_blank\" rel=\"noopener\">le casting XXL est absolument dingue<\/a> et on d\u00e9couvre enfin <a href=\"https:\/\/www.numerama.com\/pop-culture\/1932789-asterix-et-obelix-sur-netflix-on-a-vu-3-episodes-de-la-serie-dalain-chabat-voici-notre-avis.html\" target=\"_blank\" rel=\"noopener\">le secret d\u2019Ob\u00e9lix et de la potion magique<\/a> : que demander de plus ? Il s\u2019agit de <a href=\"https:\/\/www.numerama.com\/pop-culture\/520612-quelles-sont-les-meilleures-series-sur-netflix-en-ce-moment.html\" target=\"_blank\" rel=\"noopener\">l\u2019une des meilleures s\u00e9ries Netflix<\/a>, tous genres confondus, <a href=\"https:\/\/www.numerama.com\/pop-culture\/1961217-les-meilleures-series-a-regarder-en-famille-sur-netflix.html\" target=\"_blank\" rel=\"noopener\">\u00e0 d\u00e9couvrir en famille<\/a>, ou pas. Et n\u2019oubliez pas de saluer Panono le gentil druide au passage\u2026<\/p>\n<\/p>\n<p>            Ce contenu est bloqu\u00e9 car vous n\u2019avez pas accept\u00e9 les cookies et autres traceurs. Ce contenu est fourni par YouTube.<br \/>Pour pouvoir le visualiser, vous devez accepter l\u2019usage \u00e9tant op\u00e9r\u00e9 par YouTube avec vos donn\u00e9es qui pourront \u00eatre utilis\u00e9es pour les finalit\u00e9s suivantes : vous permettre de visualiser et de partager des contenus avec des m\u00e9dias sociaux, favoriser le d\u00e9veloppement et l\u2019am\u00e9lioration des produits d\u2019Humanoid et de ses partenaires, vous afficher des publicit\u00e9s personnalis\u00e9es par rapport \u00e0 votre profil et activit\u00e9, vous d\u00e9finir un profil publicitaire personnalis\u00e9, mesurer la performance des publicit\u00e9s et du contenu de ce site et mesurer l\u2019audience de ce site <a href=\"#\" class=\"js-privacy\" target=\"_blank\">(en savoir plus)<\/a>        <\/p>\n<p>            En cliquant sur \u00ab J\u2019accepte tout \u00bb, vous consentez aux finalit\u00e9s susmentionn\u00e9es pour l\u2019ensemble des cookies et autres traceurs d\u00e9pos\u00e9s par Humanoid et <a class=\"embed-consent-overlay-vendors-link\" href=\"#preferences-vendeurs\">ses partenaires<\/a>.        <\/p>\n<p>            Vous gardez la possibilit\u00e9 de retirer votre consentement \u00e0 tout moment. Pour plus d\u2019informations, nous vous invitons \u00e0 prendre connaissance de notre <a href=\"https:\/\/www.numerama.com\/politique-cookies\" target=\"_blank\" rel=\"noopener\">Politique cookies<\/a>.        <\/p>\n<p>        J\u2019accepte tout    <\/p>\n<p class=\"embed-consent-overlay-manage-choices\">        <a href=\"#preferences-publicitaires\">G\u00e9rer mes choix<\/a>    <\/p>\n<p>                        <a href=\"https:\/\/www.numerama.com\/series-tv\/asterix-obelix-le-combat-des-chefs\/\" class=\"is-block\" target=\"_blank\" rel=\"noopener\"><br \/>\n                            <img decoding=\"async\" width=\"350\" height=\"210\" loading=\"lazy\" alt=\"Ast\u00e9rix &amp; Ob\u00e9lix : Le Combat des Chefs \/\/ Source : Netflix\" title=\"Ast\u00e9rix &amp; Ob\u00e9lix : Le Combat des Chefs \/\/ Source : Netflix\" class=\"is-block is-radiused placeholder-default wp-image\" src=\"https:\/\/www.europesays.com\/fr\/wp-content\/uploads\/2025\/12\/copy-of-asterix-paf-uhd-32bits-680x383.jpg\" \/>                        <\/a><\/p>\n<p>4. Alien : Earth sur Disney+<\/p>\n<p>Dans l\u2019espace, personne ne vous entendra crier, c\u2019est vrai. Mais sur Terre aussi, vous serez livr\u00e9s \u00e0 vous-m\u00eames. Voil\u00e0 la promesse terrifiante d\u2019<a href=\"https:\/\/www.numerama.com\/series-tv\/alien-earth\/\" target=\"_blank\" rel=\"noopener\">Alien : Earth<\/a>, la toute premi\u00e8re s\u00e9rie situ\u00e9e dans l\u2019univers de la saga. Et le moins que l\u2019on puisse dire, c\u2019est que le pari est tenu : <a href=\"https:\/\/www.numerama.com\/pop-culture\/2100929-de-lexorciste-a-alien-la-specialiste-taous-merakchi-disseque-nos-films-dhorreur-preferes.html\" target=\"_blank\" rel=\"noopener\">les x\u00e9nomorphes sont toujours aussi gla\u00e7ants<\/a>, m\u00eame en 2025.<\/p>\n<p>En d\u00e9localisant l\u2019intrigue sur Terre, en ajoutant <a href=\"https:\/\/www.numerama.com\/pop-culture\/2061699-alien-earth-oui-cet-oeil-effroyable-pourrait-etre-la-plus-grosse-menace-de-la-serie.html\" target=\"_blank\" rel=\"noopener\">de nouvelles menaces \u00e0 l\u2019\u00e9quation<\/a> et en gardant le r\u00e9cit \u00e0 hauteur d\u2019enfants, la s\u00e9rie de Disney+ a trouv\u00e9 de nouvelles mani\u00e8res de nous glacer le sang, directement depuis notre canap\u00e9. <a href=\"https:\/\/www.numerama.com\/pop-culture\/2045363-alien-earth-est-la-serie-de-sf-de-lannee-qui-vous-scotchera-a-votre-ecran.html\" target=\"_blank\" rel=\"noopener\">La meilleure s\u00e9rie de SF de l\u2019ann\u00e9e 2025<\/a>, qui sert de pr\u00e9quel aux c\u00e9l\u00e8bres films, <a href=\"https:\/\/www.numerama.com\/pop-culture\/2115251-la-meilleure-serie-de-sf-de-2025-va-avoir-droit-a-une-saison-2.html\" target=\"_blank\" rel=\"noopener\">reviendra d\u2019ailleurs pour une saison 2<\/a> afin de nous offrir toujours plus de cauchemars dignes de ce nom. Autant dire que l\u2019on a h\u00e2te.<\/p>\n<\/p>\n<p>            Ce contenu est bloqu\u00e9 car vous n\u2019avez pas accept\u00e9 les cookies et autres traceurs. Ce contenu est fourni par YouTube.<br \/>Pour pouvoir le visualiser, vous devez accepter l\u2019usage \u00e9tant op\u00e9r\u00e9 par YouTube avec vos donn\u00e9es qui pourront \u00eatre utilis\u00e9es pour les finalit\u00e9s suivantes : vous permettre de visualiser et de partager des contenus avec des m\u00e9dias sociaux, favoriser le d\u00e9veloppement et l\u2019am\u00e9lioration des produits d\u2019Humanoid et de ses partenaires, vous afficher des publicit\u00e9s personnalis\u00e9es par rapport \u00e0 votre profil et activit\u00e9, vous d\u00e9finir un profil publicitaire personnalis\u00e9, mesurer la performance des publicit\u00e9s et du contenu de ce site et mesurer l\u2019audience de ce site <a href=\"#\" class=\"js-privacy\" target=\"_blank\">(en savoir plus)<\/a>        <\/p>\n<p>            En cliquant sur \u00ab J\u2019accepte tout \u00bb, vous consentez aux finalit\u00e9s susmentionn\u00e9es pour l\u2019ensemble des cookies et autres traceurs d\u00e9pos\u00e9s par Humanoid et <a class=\"embed-consent-overlay-vendors-link\" href=\"#preferences-vendeurs\">ses partenaires<\/a>.        <\/p>\n<p>            Vous gardez la possibilit\u00e9 de retirer votre consentement \u00e0 tout moment. Pour plus d\u2019informations, nous vous invitons \u00e0 prendre connaissance de notre <a href=\"https:\/\/www.numerama.com\/politique-cookies\" target=\"_blank\" rel=\"noopener\">Politique cookies<\/a>.        <\/p>\n<p>        J\u2019accepte tout    <\/p>\n<p class=\"embed-consent-overlay-manage-choices\">        <a href=\"#preferences-publicitaires\">G\u00e9rer mes choix<\/a>    <\/p>\n<p>                        <a href=\"https:\/\/www.numerama.com\/series-tv\/alien-earth\/\" class=\"is-block\" target=\"_blank\" rel=\"noopener\"><br \/>\n                            <img decoding=\"async\" width=\"350\" height=\"210\" loading=\"lazy\" alt=\"Sydney Chandler interpr\u00e8te Wendy, l'h\u00e9ro\u00efne d'Alien : Earth \/\/ Source : Patrick Brown\/FX\" title=\"Sydney Chandler interpr\u00e8te Wendy, l'h\u00e9ro\u00efne d'Alien : Earth \/\/ Source : Patrick Brown\/FX\" class=\"is-block is-radiused placeholder-default wp-image\" src=\"https:\/\/www.europesays.com\/fr\/wp-content\/uploads\/2025\/12\/alien-earth-10jpg-680x383.jpg\" \/>                        <\/a><\/p>\n<p>3. Douglas is Cancelled<\/p>\n<p>Les s\u00e9ries les plus longues ne sont pas toujours les plus percutantes. La preuve avec <a href=\"https:\/\/www.numerama.com\/series-tv\/douglas-is-cancelled\/\" target=\"_blank\" rel=\"noopener\">Douglas is Cancelled<\/a>, mini-s\u00e9rie britannique qui aurait pu ressembler \u00e0 beaucoup d\u2019autres productions du m\u00eame type, avec son casting impressionnant et son r\u00e9cit autour d\u2019une star de t\u00e9l\u00e9vision qui tombe progressivement de son pi\u00e9destal. Mais croyez-nous : ce face-\u00e0-face entre deux monuments, \u00e0 savoir Hugh Bonneville (<a href=\"https:\/\/www.numerama.com\/series-tv\/downton-abbey\/\" data-type=\"tv-shows\" data-id=\"1567612\" target=\"_blank\" rel=\"noopener\">Downton Abbey<\/a>) et Karen Gillan (<a href=\"https:\/\/www.numerama.com\/series-tv\/doctor-who\/\" target=\"_blank\" rel=\"noopener\">Doctor Who<\/a>), est bien plus profond qu\u2019on ne le pense.<\/p>\n<p>Actuellement indisponible en France apr\u00e8s sa diffusion sur Arte en juin 2025, cette p\u00e9pite anglaise vaut pourtant largement le coup d\u2019\u0153il. Il s\u2019agit ainsi <a href=\"https:\/\/www.numerama.com\/pop-culture\/1973373-depechez-vous-de-rattraper-lune-des-meilleures-series-de-lannee-dispo-gratuitement-sur-arte.html\" target=\"_blank\" rel=\"noopener\">d\u2019un v\u00e9ritable coup de poing contre le patriarcat<\/a>, dont les twists extr\u00eamement malins vous resteront forc\u00e9ment en m\u00e9moire et qui culmine lors d\u2019un \u00e9pisode 3 magistral. Un coup de ma\u00eetre sign\u00e9 Steven Moffat (<a href=\"https:\/\/www.numerama.com\/series-tv\/sherlock\/\" data-type=\"tv-shows\" data-id=\"1560656\" target=\"_blank\" rel=\"noopener\">Sherlock<\/a>).<\/p>\n<\/p>\n<p>            Ce contenu est bloqu\u00e9 car vous n\u2019avez pas accept\u00e9 les cookies et autres traceurs. Ce contenu est fourni par YouTube.<br \/>Pour pouvoir le visualiser, vous devez accepter l\u2019usage \u00e9tant op\u00e9r\u00e9 par YouTube avec vos donn\u00e9es qui pourront \u00eatre utilis\u00e9es pour les finalit\u00e9s suivantes : vous permettre de visualiser et de partager des contenus avec des m\u00e9dias sociaux, favoriser le d\u00e9veloppement et l\u2019am\u00e9lioration des produits d\u2019Humanoid et de ses partenaires, vous afficher des publicit\u00e9s personnalis\u00e9es par rapport \u00e0 votre profil et activit\u00e9, vous d\u00e9finir un profil publicitaire personnalis\u00e9, mesurer la performance des publicit\u00e9s et du contenu de ce site et mesurer l\u2019audience de ce site <a href=\"#\" class=\"js-privacy\" target=\"_blank\">(en savoir plus)<\/a>        <\/p>\n<p>            En cliquant sur \u00ab J\u2019accepte tout \u00bb, vous consentez aux finalit\u00e9s susmentionn\u00e9es pour l\u2019ensemble des cookies et autres traceurs d\u00e9pos\u00e9s par Humanoid et <a class=\"embed-consent-overlay-vendors-link\" href=\"#preferences-vendeurs\">ses partenaires<\/a>.        <\/p>\n<p>            Vous gardez la possibilit\u00e9 de retirer votre consentement \u00e0 tout moment. Pour plus d\u2019informations, nous vous invitons \u00e0 prendre connaissance de notre <a href=\"https:\/\/www.numerama.com\/politique-cookies\" target=\"_blank\" rel=\"noopener\">Politique cookies<\/a>.        <\/p>\n<p>        J\u2019accepte tout    <\/p>\n<p class=\"embed-consent-overlay-manage-choices\">        <a href=\"#preferences-publicitaires\">G\u00e9rer mes choix<\/a>    <\/p>\n<p>                        <a href=\"https:\/\/www.numerama.com\/series-tv\/douglas-is-cancelled\/\" class=\"is-block\" target=\"_blank\" rel=\"noopener\"><br \/>\n                            <img decoding=\"async\" width=\"350\" height=\"210\" loading=\"lazy\" alt=\"Douglas is Cancelled \/\/ Source : ITV\" title=\"Douglas is Cancelled \/\/ Source : ITV\" class=\"is-block is-radiused placeholder-default wp-image\" src=\"https:\/\/www.europesays.com\/fr\/wp-content\/uploads\/2025\/12\/640x340-sc-douglas-680x383.jpg\" \/>                        <\/a><\/p>\n<p>2. Paradise sur Disney+<\/p>\n<p>On vous le disait d\u00e8s sa sortie en janvier 2025 : <a href=\"https:\/\/www.numerama.com\/pop-culture\/1895754-cette-serie-entre-silo-et-lost-va-vous-rendre-completement-accros.html\" target=\"_blank\" rel=\"noopener\">Paradise est assur\u00e9ment l\u2019un des \u00e9v\u00e8nements s\u00e9riels de l\u2019ann\u00e9e<\/a>, et elle le reste toujours plusieurs mois plus tard. Si vous n\u2019avez pas encore eu la chance de croiser <a href=\"https:\/\/www.numerama.com\/pop-culture\/733787-voici-les-meilleures-series-a-voir-sur-disney-plus.html\" target=\"_blank\" rel=\"noopener\">l\u2019une des meilleures s\u00e9ries de Disney+<\/a>, nous vous conseillons de ne pas trop vous renseigner sur le sujet. Sachez seulement que son intrigue, plut\u00f4t banale en apparence, autour d\u2019un meurtre dans une petite bourgade tranquille, cache en r\u00e9alit\u00e9 bien des secrets.<\/p>\n<p>\u00c0 mi-chemin entre <a href=\"https:\/\/www.numerama.com\/series-tv\/silo\/\" target=\"_blank\" rel=\"noopener\">Silo<\/a>, <a href=\"https:\/\/www.numerama.com\/series-tv\/big-little-lies\/\" target=\"_blank\" rel=\"noopener\">Big Little Lies<\/a> et <a href=\"https:\/\/www.numerama.com\/series-tv\/lost\/\" target=\"_blank\" rel=\"noopener\">Lost<\/a>, la toute nouvelle cr\u00e9ation de Dan Fogelman (<a href=\"https:\/\/www.numerama.com\/series-tv\/this-is-us\/\" data-type=\"tv-shows\" data-id=\"783167\" target=\"_blank\" rel=\"noopener\">This is Us<\/a>) parvient \u00e0 tisser une histoire intelligente, multipliant les points de vue \u00e0 chaque occasion. Alors certes, certains fils narratifs sont visibles. Mais cela p\u00e8se peu face \u00e0 un ensemble ma\u00eetris\u00e9 de bout en bout, qui renoue avec bonheur avec le mod\u00e8le des s\u00e9ries d\u2019antan carburant aux cliffhangers. Et <a href=\"https:\/\/www.numerama.com\/series-tv\/paradise-2025\/\" target=\"_blank\" rel=\"noopener\">Paradise<\/a> n\u2019a pas encore dit son dernier mot : <a href=\"https:\/\/www.numerama.com\/pop-culture\/1902907-paradise-saison-2-quand-sort-la-suite-de-la-serie-disney.html\" target=\"_blank\" rel=\"noopener\">une saison 2 d\u00e9barquera d\u00e8s le mois de f\u00e9vrier 2026<\/a>, toujours sur Disney+.<\/p>\n<\/p>\n<p>            Ce contenu est bloqu\u00e9 car vous n\u2019avez pas accept\u00e9 les cookies et autres traceurs. Ce contenu est fourni par YouTube.<br \/>Pour pouvoir le visualiser, vous devez accepter l\u2019usage \u00e9tant op\u00e9r\u00e9 par YouTube avec vos donn\u00e9es qui pourront \u00eatre utilis\u00e9es pour les finalit\u00e9s suivantes : vous permettre de visualiser et de partager des contenus avec des m\u00e9dias sociaux, favoriser le d\u00e9veloppement et l\u2019am\u00e9lioration des produits d\u2019Humanoid et de ses partenaires, vous afficher des publicit\u00e9s personnalis\u00e9es par rapport \u00e0 votre profil et activit\u00e9, vous d\u00e9finir un profil publicitaire personnalis\u00e9, mesurer la performance des publicit\u00e9s et du contenu de ce site et mesurer l\u2019audience de ce site <a href=\"#\" class=\"js-privacy\" target=\"_blank\">(en savoir plus)<\/a>        <\/p>\n<p>            En cliquant sur \u00ab J\u2019accepte tout \u00bb, vous consentez aux finalit\u00e9s susmentionn\u00e9es pour l\u2019ensemble des cookies et autres traceurs d\u00e9pos\u00e9s par Humanoid et <a class=\"embed-consent-overlay-vendors-link\" href=\"#preferences-vendeurs\">ses partenaires<\/a>.        <\/p>\n<p>            Vous gardez la possibilit\u00e9 de retirer votre consentement \u00e0 tout moment. Pour plus d\u2019informations, nous vous invitons \u00e0 prendre connaissance de notre <a href=\"https:\/\/www.numerama.com\/politique-cookies\" target=\"_blank\" rel=\"noopener\">Politique cookies<\/a>.        <\/p>\n<p>        J\u2019accepte tout    <\/p>\n<p class=\"embed-consent-overlay-manage-choices\">        <a href=\"#preferences-publicitaires\">G\u00e9rer mes choix<\/a>    <\/p>\n<p>1. Empathie sur Canal+<\/p>\n<p>Qui a dit que parler de sant\u00e9 mentale ne pouvait pas \u00eatre fun ? Si vous en doutez encore, vous devez absolument d\u00e9couvrir <a href=\"https:\/\/www.numerama.com\/series-tv\/empathie\/\" target=\"_blank\" rel=\"noopener\">Empathie<\/a>, la plus belle s\u00e9rie de 2025. On y rencontre Suzanne, une ancienne criminologue reconvertie en psychiatre alors qu\u2019elle fait ses premiers pas \u00e0 l\u2019institut Mont-Royal. Dans cet h\u00f4pital psychiatrique, elle va faire la connaissance de Mortimer, un coll\u00e8gue qui va rapidement devenir son ami et confident, mais aussi de dizaines de patients dont les parcours chaotiques vont chambouler son existence.<\/p>\n<p>Nous vous conseillons vivement de pr\u00e9parer les mouchoirs, mais surtout vos zygomatiques pour d\u00e9couvrir la petite douceur que repr\u00e9sente Empathie. Alors que l\u2019on commen\u00e7ait \u00e0 r\u00e9ellement perdre foi en l\u2019humanit\u00e9, <a href=\"https:\/\/www.numerama.com\/pop-culture\/2063205-lune-des-meilleures-series-de-lannee-est-enfin-disponible-sur-canal.html\" target=\"_blank\" rel=\"noopener\">ce petit bijou qu\u00e9b\u00e9cois<\/a> nous rappelle que face \u00e0 la d\u00e9pression, la bipolarit\u00e9 ou le deuil, les s\u00e9ries peuvent constituer un v\u00e9ritable phare dans la nuit. La lumi\u00e8re d\u2019Empathie, elle, nous \u00e9claire toujours des mois apr\u00e8s son visionnage, et continuera \u00e0 nous illuminer lors de sa saison 2 d\u00e9j\u00e0 command\u00e9e par Canal+.<\/p>\n<\/p>\n<p>            Ce contenu est bloqu\u00e9 car vous n\u2019avez pas accept\u00e9 les cookies et autres traceurs. Ce contenu est fourni par YouTube.<br \/>Pour pouvoir le visualiser, vous devez accepter l\u2019usage \u00e9tant op\u00e9r\u00e9 par YouTube avec vos donn\u00e9es qui pourront \u00eatre utilis\u00e9es pour les finalit\u00e9s suivantes : vous permettre de visualiser et de partager des contenus avec des m\u00e9dias sociaux, favoriser le d\u00e9veloppement et l\u2019am\u00e9lioration des produits d\u2019Humanoid et de ses partenaires, vous afficher des publicit\u00e9s personnalis\u00e9es par rapport \u00e0 votre profil et activit\u00e9, vous d\u00e9finir un profil publicitaire personnalis\u00e9, mesurer la performance des publicit\u00e9s et du contenu de ce site et mesurer l\u2019audience de ce site <a href=\"#\" class=\"js-privacy\" target=\"_blank\">(en savoir plus)<\/a>        <\/p>\n<p>            En cliquant sur \u00ab J\u2019accepte tout \u00bb, vous consentez aux finalit\u00e9s susmentionn\u00e9es pour l\u2019ensemble des cookies et autres traceurs d\u00e9pos\u00e9s par Humanoid et <a class=\"embed-consent-overlay-vendors-link\" href=\"#preferences-vendeurs\">ses partenaires<\/a>.        <\/p>\n<p>            Vous gardez la possibilit\u00e9 de retirer votre consentement \u00e0 tout moment. Pour plus d\u2019informations, nous vous invitons \u00e0 prendre connaissance de notre <a href=\"https:\/\/www.numerama.com\/politique-cookies\" target=\"_blank\" rel=\"noopener\">Politique cookies<\/a>.        <\/p>\n<p>        J\u2019accepte tout    <\/p>\n<p class=\"embed-consent-overlay-manage-choices\">        <a href=\"#preferences-publicitaires\">G\u00e9rer mes choix<\/a>    <\/p>\n<p>                        <a href=\"https:\/\/www.numerama.com\/series-tv\/empathie\/\" class=\"is-block\" target=\"_blank\" rel=\"noopener\"><br \/>\n                            <img decoding=\"async\" width=\"350\" height=\"210\" loading=\"lazy\" alt=\"Empathie \/\/ Source : Crave\" title=\"Empathie \/\/ Source : Crave\" class=\"is-block is-radiused placeholder-default wp-image\" src=\"https:\/\/www.europesays.com\/fr\/wp-content\/uploads\/2025\/12\/capture-decran-2025-09-01-a-120222-680x383.jpg\" \/>                        <\/a><\/p>\n<p>Adolescence, The Pitt, Pluribus\u2026 Ces s\u00e9ries g\u00e9niales de 2025, qui auraient pu \u00eatre dans le top<\/p>\n<p>Avec des centaines de nouvelles sorties chaque ann\u00e9e, il peut \u00eatre difficile de faire des choix. Et le cru s\u00e9riel de 2025 \u00e9tait particuli\u00e8rement charg\u00e9 en \u00e9motions et en bonnes surprises. Voici 6 mentions honorables qui \u00e9taient \u00e0 deux doigts d\u2019int\u00e9grer notre top 10 officiel :<\/p>\n<p>    Pour aller plus loin<\/p>\n<p>                <img decoding=\"async\" width=\"87\" height=\"87\" loading=\"lazy\" alt=\"Ast\u00e9rix et Ob\u00e9lix : Le Combat des chefs \/\/ Source : Netflix\" title=\"Ast\u00e9rix et Ob\u00e9lix : Le Combat des chefs \/\/ Source : Netflix\" class=\"placeholder-default wp-image\" src=\"https:\/\/www.europesays.com\/fr\/wp-content\/uploads\/2025\/12\/65-still-asterix-potion-jpg-200x200.jpg\" \/>            <\/p>\n<p><a href=\"https:\/\/www.numerama.com\/wp-content\/uploads\/2025\/02\/bref-0.jpg\" target=\"_blank\" rel=\"noopener\"><img decoding=\"async\" width=\"1024\" height=\"576\" loading=\"lazy\" alt=\"Bref saison 2 \/\/ Source : Disney+\" title=\"Bref saison 2 \/\/ Source : Disney+\" class=\"wp-image-1896580 placeholder-default wp-image\" src=\"https:\/\/www.europesays.com\/fr\/wp-content\/uploads\/2025\/12\/bref-0-1024x576.jpg\" \/><\/a>Bref, saison 2. \/\/ Source : Disney+<\/p>\n<p>Bref, Black Mirror, Andor\u2026 Ces nouvelles saisons de s\u00e9ries ont marqu\u00e9 notre ann\u00e9e 2025<\/p>\n<p>Les nouvelles s\u00e9ries n\u2019ont clairement pas manqu\u00e9 en 2025. Mais cette nouvelle g\u00e9n\u00e9ration ne doit pas pour autant faire oublier les v\u00e9t\u00e9rans du petit \u00e9cran. Et ils ont \u00e9t\u00e9 nombreux \u00e0 faire leur retour cette ann\u00e9e. Voici 8 saisons de s\u00e9ries qui ont particuli\u00e8rement brill\u00e9 ces derniers mois :<\/p>\n<ul class=\"wp-block-list\">\n<li><a href=\"https:\/\/www.numerama.com\/series-tv\/bref\/\" target=\"_blank\" rel=\"noopener\">Bref<\/a>, saison 2, pour la r\u00e9invention totale du format et les larmes vers\u00e9es ;<\/li>\n<li><a href=\"https:\/\/www.numerama.com\/series-tv\/black-mirror-saison-7\/\" target=\"_blank\" rel=\"noopener\">Black Mirror<\/a>, saison 7, pour l\u2019\u00e9motion pure et <a href=\"https:\/\/www.numerama.com\/pop-culture\/1948297-la-saison-7-de-black-mirror-contient-le-plus-bel-episode-de-toute-la-serie-netflix.html\" target=\"_blank\" rel=\"noopener\">le meilleur \u00e9pisode de toute la s\u00e9rie<\/a> ;<\/li>\n<li><a href=\"https:\/\/www.numerama.com\/series-tv\/stranger-things\/\" target=\"_blank\" rel=\"noopener\">Stranger Things<\/a>, saison 5, pour la fin d\u2019une \u00e9pop\u00e9e \u00e9pique et <a href=\"https:\/\/www.numerama.com\/pop-culture\/2133399-stranger-things-saison-5-on-vous-explique-le-gros-twist-de-lepisode-4-pouvoirs-will.html\" target=\"_blank\" rel=\"noopener\">les twists en pagaille<\/a> ;<\/li>\n<li><a href=\"https:\/\/www.numerama.com\/series-tv\/andor\/\" target=\"_blank\" rel=\"noopener\">Andor<\/a>, saison 2, pour le propos politique et <a href=\"https:\/\/www.numerama.com\/pop-culture\/1956113-la-saison-2-dandor-enterre-definitivement-toutes-les-series-star-wars-je-ne-veux-rien-savoir.html\" target=\"_blank\" rel=\"noopener\">la meilleure s\u00e9rie Star Wars \u00e0 ce jour<\/a> ;<\/li>\n<li><a href=\"https:\/\/www.numerama.com\/series-tv\/severance\/\" target=\"_blank\" rel=\"noopener\">Severance<\/a>, saison 2, pour l\u2019\u00e9pisode 7 et la performance hallucinante des com\u00e9diens ;<\/li>\n<li><a href=\"https:\/\/www.numerama.com\/series-tv\/loups-garous-serie-canal\/\" data-type=\"tv-shows\" data-id=\"1824130\" target=\"_blank\" rel=\"noopener\">Loups Garous<\/a>, saison 2, pour les strat\u00e9gies des candidats et le montage compl\u00e8tement dingue ;<\/li>\n<li><a href=\"https:\/\/www.numerama.com\/series-tv\/the-last-of-us\/\" target=\"_blank\" rel=\"noopener\">The Last of Us<\/a>, saison 2, pour ce foutu club de golf et l\u2019alchimie entre Bella Ramsey et Isabela Merced ;<\/li>\n<li><a href=\"https:\/\/www.numerama.com\/series-tv\/peacemaker\/\" target=\"_blank\" rel=\"noopener\">Peacemaker<\/a>, saison 2, pour le grain de folie de James Gunn et le meilleur r\u00f4le de John Cena sur le petit \u00e9cran.<\/li>\n<\/ul>\n<p>    Pour aller plus loin<\/p>\n<p>                <img decoding=\"async\" width=\"87\" height=\"87\" loading=\"lazy\" alt=\"The Last of Us \/\/ Source : HBO\" title=\"The Last of Us \/\/ Source : HBO\" class=\"placeholder-default wp-image\" src=\"https:\/\/www.europesays.com\/fr\/wp-content\/uploads\/2025\/12\/the-last-of-us-hbo-200x200.jpg\" \/>            <\/p>\n<p>            <img decoding=\"async\" src=\"https:\/\/www.europesays.com\/fr\/wp-content\/uploads\/2025\/12\/iPhone-16-pro-vDJtn9o4_vzSsPIGCFDc5.png\" alt=\"Toute l'actu tech en un clien d'oeil\"\/><\/p>\n<p class=\"card-install-pwa__title\">Toute l&rsquo;actu tech en un clin d&rsquo;\u0153il<\/p>\n<p class=\"card-install-pwa__description\">Ajoutez Numerama \u00e0 votre \u00e9cran d&rsquo;accueil et restez connect\u00e9s au futur !<\/p>\n<p>            <img decoding=\"async\" src=\"https:\/\/www.numerama.com\/wp-content\/themes\/numerama-next\/dist\/images\/premium\/logo-card-pwa-coupe-vCvPQ_Q_ysBNfqKp6w7gG.svg\" alt=\"Logo PWA\"\/><\/p>\n<p>       Installer Numerama<\/p>\n<p class=\"title\">\n            Les derni\u00e8res actualit\u00e9s sur             <a href=\"https:\/\/www.numerama.com\/tag\/netflix\/\" target=\"_blank\" rel=\"noopener\"><br \/>\n                Netflix            <\/a>\n        <\/p>\n","protected":false},"excerpt":{"rendered":"Si vous n\u2019avez rien suivi de l\u2019actualit\u00e9 s\u00e9rielle pendant ces derniers mois ou si vous souhaitez confirmer vos&hellip;\n","protected":false},"author":2,"featured_media":612270,"comment_status":"","ping_status":"","sticky":false,"template":"","format":"standard","meta":{"footnotes":""},"categories":[8],"tags":[15631,519,6835,17117,1419,47470,10451,58,72335,50621,59,1011,27,11552,5371,50625,72336,72337,127,4454,72338,72339,7259],"class_list":{"0":"post-612269","1":"post","2":"type-post","3":"status-publish","4":"format-standard","5":"has-post-thumbnail","7":"category-divertissement","8":"tag-alien-earth","9":"tag-apple-tv","10":"tag-arte","11":"tag-asterix-obelix-le-combat-des-chefs","12":"tag-canal-plus","13":"tag-dexter-resurrection","14":"tag-disney-plus","15":"tag-divertissement","16":"tag-douglas-is-cancelled","17":"tag-empathie-serie","18":"tag-entertainment","19":"tag-fr","20":"tag-france","21":"tag-guides-svod","22":"tag-hbo-max","23":"tag-it-welcome-to-derry","24":"tag-le-cas-cantat","25":"tag-los-anos-nuevos","26":"tag-netflix","27":"tag-numerama-plus","28":"tag-paradise-2025","29":"tag-querer-serie","30":"tag-vie-du-streaming"},"share_on_mastodon":{"url":"https:\/\/pubeurope.com\/@fr\/115753499437838655","error":""},"_links":{"self":[{"href":"https:\/\/www.europesays.com\/fr\/wp-json\/wp\/v2\/posts\/612269","targetHints":{"allow":["GET"]}}],"collection":[{"href":"https:\/\/www.europesays.com\/fr\/wp-json\/wp\/v2\/posts"}],"about":[{"href":"https:\/\/www.europesays.com\/fr\/wp-json\/wp\/v2\/types\/post"}],"author":[{"embeddable":true,"href":"https:\/\/www.europesays.com\/fr\/wp-json\/wp\/v2\/users\/2"}],"replies":[{"embeddable":true,"href":"https:\/\/www.europesays.com\/fr\/wp-json\/wp\/v2\/comments?post=612269"}],"version-history":[{"count":0,"href":"https:\/\/www.europesays.com\/fr\/wp-json\/wp\/v2\/posts\/612269\/revisions"}],"wp:featuredmedia":[{"embeddable":true,"href":"https:\/\/www.europesays.com\/fr\/wp-json\/wp\/v2\/media\/612270"}],"wp:attachment":[{"href":"https:\/\/www.europesays.com\/fr\/wp-json\/wp\/v2\/media?parent=612269"}],"wp:term":[{"taxonomy":"category","embeddable":true,"href":"https:\/\/www.europesays.com\/fr\/wp-json\/wp\/v2\/categories?post=612269"},{"taxonomy":"post_tag","embeddable":true,"href":"https:\/\/www.europesays.com\/fr\/wp-json\/wp\/v2\/tags?post=612269"}],"curies":[{"name":"wp","href":"https:\/\/api.w.org\/{rel}","templated":true}]}}