{"id":612275,"date":"2025-12-20T19:17:33","date_gmt":"2025-12-20T19:17:33","guid":{"rendered":"https:\/\/www.europesays.com\/fr\/612275\/"},"modified":"2025-12-20T19:17:33","modified_gmt":"2025-12-20T19:17:33","slug":"le-nom-de-trump-accole-a-celui-de-jfk-sur-lemblematique-kennedy-center","status":"publish","type":"post","link":"https:\/\/www.europesays.com\/fr\/612275\/","title":{"rendered":"Le nom de Trump accol\u00e9 \u00e0 celui de JFK sur l&#8217;embl\u00e9matique Kennedy Center"},"content":{"rendered":"\n<p class=\"c-chapo \">\n  Des \u00e9lus de l&rsquo;opposition et des membres de la famille Kennedy soulignent que le conseil d&rsquo;administration ne peut se substituer au l\u00e9gislateur pour changer le nom du b\u00e2timent qui a un statut f\u00e9d\u00e9ral.\n<\/p>\n<p>      lire plus tard<\/p>\n<p id=\"dialog__title\" class=\"dialog__title\">Pour sauvegarder cet article, connectez-vous ou cr\u00e9ez un compte franceinfo<\/p>\n<p class=\"dialog__description\">Sans paiement. Sans abonnement.<\/p>\n<p>        Fermer la fen\u00eatre d\u2019activation des notifications France Info<\/p>\n<p>      cr\u00e9er votre compte<\/p>\n<p>      se connecter<\/p>\n<p>      :<\/p>\n<p>        Fermer la fen\u00eatre de pr\u00e9sentation<\/p>\n<p>    <img loading=\"lazy\" decoding=\"async\" class=\"signature__image lazyload\" width=\"100\" height=\"100\" data- alt=\"\" src=\"https:\/\/www.europesays.com\/fr\/wp-content\/uploads\/2025\/05\/64abd44855ee1_placeholder-36b69ec8.png\"\/><\/p>\n<p>          France T\u00e9l\u00e9visions &#8211; R\u00e9daction Culture<\/p>\n<p>    Publi\u00e9 le 20\/12\/2025 12:10<\/p>\n<p>        Temps de lecture : 2min<\/p>\n<p>    <img decoding=\"async\"  alt=\"Le nom de Donald Trump accol\u00e9 \u00e0 &quot;John F. Kennedy Memorial Center for the Performing Arts&quot;, sur la fa\u00e7ade du c\u00e9l\u00e8bre Kennedy Center, le 19 d\u00e9cembre 2025 \u00e0 Washington, DC. (HEATHER DIEHL \/ GETTY IMAGES NORTH AMERICA)\" width=\"432\" height=\"243\" src=\"https:\/\/www.europesays.com\/fr\/wp-content\/uploads\/2025\/12\/063-2252764072-69467edd7d1be760883777.jpg\" fetchpriority=\"high\"\/><\/p>\n<p>      Le nom de Donald Trump accol\u00e9 \u00e0 \u00ab\u00a0John F. Kennedy Memorial Center for the Performing Arts\u00a0\u00bb, sur la fa\u00e7ade du c\u00e9l\u00e8bre Kennedy Center, le 19 d\u00e9cembre 2025 \u00e0 Washington, DC. (HEATHER DIEHL \/ GETTY IMAGES NORTH AMERICA)<\/p>\n<p>Le nom de Donald Trump a \u00e9t\u00e9 ajout\u00e9 vendredi 19 d\u00e9cembre \u00e0 celui de l&rsquo;ancien pr\u00e9sident John F. Kennedy sur la fa\u00e7ade de la c\u00e9l\u00e8bre salle de spectacles de Washington, commun\u00e9ment appel\u00e9e\u00a0Kennedy Center, <a href=\"https:\/\/www.franceinfo.fr\/monde\/usa\/presidentielle\/donald-trump\/donald-trump-voit-son-nom-accole-a-celui-de-kennedy-sur-une-salle-de-spectacles-emblematique-de-washington_7688458.html\" target=\"_blank\" rel=\"noopener\">vingt-quatre heures apr\u00e8s une d\u00e9cision<\/a> en ce sens du conseil d&rsquo;administration de l&rsquo;institution.<\/p>\n<p>Sur la fa\u00e7ade blanche du grand b\u00e2timent, on peut d\u00e9sormais lire \u00ab\u00a0The Donald J. Trump and the John F. Kennedy Memorial Center for the Performing Arts\u00a0\u00bb en grandes lettres m\u00e9talliques. Le Congr\u00e8s am\u00e9ricain avait baptis\u00e9 la salle en 1964, par un texte de loi, en hommage \u00e0 la m\u00e9moire du pr\u00e9sident d\u00e9mocrate assassin\u00e9.\u00a0Jeudi, le conseil d&rsquo;administration du \u00ab\u00a0Kennedy Center\u00a0\u00bb, contr\u00f4l\u00e9 par des fid\u00e8les de Donald Trump, a vot\u00e9 pour ajouter le nom du milliardaire r\u00e9publicain.<\/p>\n<p>Des \u00e9lus de l&rsquo;opposition et des membres de la famille Kennedy ont vivement protest\u00e9, affirmant que le conseil d&rsquo;administration ne pouvait se substituer au l\u00e9gislateur pour changer le nom de ce b\u00e2timent de statut f\u00e9d\u00e9ral, tout en jugeant que la d\u00e9cision \u00e9tait un affront \u00e0 la m\u00e9moire de JFK.\u00a0\u00bbDans trois ans et un mois je prendrai une pioche et j&rsquo;arracherai ces lettres\u00a0\u00bb, a promis sur le r\u00e9seau social X une ni\u00e8ce de l&rsquo;ancien pr\u00e9sident assassin\u00e9, Kerry Kennedy. \u00ab\u00a0Quelle arrogance. Quel narcissisme\u00a0\u00bb, a comment\u00e9 sur le m\u00eame r\u00e9seau le s\u00e9nateur de gauche Bernie Sanders.<\/p>\n<p>La salle est un haut lieu culturel de la capitale am\u00e9ricaine, avec une programmation qui va de la vari\u00e9t\u00e9 \u00e0 l&rsquo;op\u00e9ra, en passant par la com\u00e9die musicale et le th\u00e9\u00e2tre. Avant que Donald Trump n&rsquo;en reprenne les r\u00eanes pour imposer une programmation \u00ab\u00a0anti-woke\u00a0\u00bb, la gestion de l&rsquo;institution \u00e9tait neutre politiquement. Le pr\u00e9sident am\u00e9ricain a vu r\u00e9cemment son nom grav\u00e9 sur la fa\u00e7ade d&rsquo;un \u00ab\u00a0Institut de la paix\u00a0\u00bb situ\u00e9 \u00e0 Washington, une d\u00e9cision prise par le d\u00e9partement d&rsquo;Etat. Le Tr\u00e9sor am\u00e9ricain envisage, lui, de frapper une pi\u00e8ce de 1 dollar \u00e0 l&rsquo;effigie de Donald Trump \u00e0 l&rsquo;occasion de la comm\u00e9moration en 2026 des 250 ans de la D\u00e9claration d&rsquo;ind\u00e9pendance des Etats-Unis.<\/p>\n","protected":false},"excerpt":{"rendered":"Des \u00e9lus de l&rsquo;opposition et des membres de la famille Kennedy soulignent que le conseil d&rsquo;administration ne peut&hellip;\n","protected":false},"author":2,"featured_media":612276,"comment_status":"","ping_status":"","sticky":false,"template":"","format":"standard","meta":{"footnotes":""},"categories":[5],"tags":[11,1011,27,14,12,28],"class_list":{"0":"post-612275","1":"post","2":"type-post","3":"status-publish","4":"format-standard","5":"has-post-thumbnail","7":"category-international","8":"tag-actualites","9":"tag-fr","10":"tag-france","11":"tag-international","12":"tag-news","13":"tag-world"},"share_on_mastodon":{"url":"https:\/\/pubeurope.com\/@fr\/115753507791467270","error":""},"_links":{"self":[{"href":"https:\/\/www.europesays.com\/fr\/wp-json\/wp\/v2\/posts\/612275","targetHints":{"allow":["GET"]}}],"collection":[{"href":"https:\/\/www.europesays.com\/fr\/wp-json\/wp\/v2\/posts"}],"about":[{"href":"https:\/\/www.europesays.com\/fr\/wp-json\/wp\/v2\/types\/post"}],"author":[{"embeddable":true,"href":"https:\/\/www.europesays.com\/fr\/wp-json\/wp\/v2\/users\/2"}],"replies":[{"embeddable":true,"href":"https:\/\/www.europesays.com\/fr\/wp-json\/wp\/v2\/comments?post=612275"}],"version-history":[{"count":0,"href":"https:\/\/www.europesays.com\/fr\/wp-json\/wp\/v2\/posts\/612275\/revisions"}],"wp:featuredmedia":[{"embeddable":true,"href":"https:\/\/www.europesays.com\/fr\/wp-json\/wp\/v2\/media\/612276"}],"wp:attachment":[{"href":"https:\/\/www.europesays.com\/fr\/wp-json\/wp\/v2\/media?parent=612275"}],"wp:term":[{"taxonomy":"category","embeddable":true,"href":"https:\/\/www.europesays.com\/fr\/wp-json\/wp\/v2\/categories?post=612275"},{"taxonomy":"post_tag","embeddable":true,"href":"https:\/\/www.europesays.com\/fr\/wp-json\/wp\/v2\/tags?post=612275"}],"curies":[{"name":"wp","href":"https:\/\/api.w.org\/{rel}","templated":true}]}}