{"id":612281,"date":"2025-12-20T19:22:29","date_gmt":"2025-12-20T19:22:29","guid":{"rendered":"https:\/\/www.europesays.com\/fr\/612281\/"},"modified":"2025-12-20T19:22:29","modified_gmt":"2025-12-20T19:22:29","slug":"ces-benevoles-repondent-aux-lettres-envoyees-par-les-enfants","status":"publish","type":"post","link":"https:\/\/www.europesays.com\/fr\/612281\/","title":{"rendered":"ces b\u00e9n\u00e9voles r\u00e9pondent aux lettres envoy\u00e9es par les enfants"},"content":{"rendered":"<p>\u00ab\u00a0Cher P\u00e8re No\u00ebl, je m\u2019appelle Jules et j\u2019ai \u00e9t\u00e9 un peu sage cette ann\u00e9e\u2026\u00a0\u00bb L\u2019\u00e9criture ronde est encore h\u00e9sitante. La petite feuille blanche, pli\u00e9e en quatre, a \u00e9t\u00e9 minutieusement d\u00e9cor\u00e9e de sapins autocollants. D\u00e9pos\u00e9e dans la bo\u00eete aux lettres de la place Dorian, l\u2019enveloppe est arriv\u00e9e sur le bureau des lutins du P\u00e8re No\u00ebl avec des centaines d\u2019autres.<\/p>\n<p>Ce jeudi, cinq b\u00e9n\u00e9voles ont rendez-vous \u00e0 l\u2019\u00e9tage de la Maison du projet, rue Louis-Braille. Depuis fin novembre, ils se r\u00e9unissent toutes les semaines pour r\u00e9pondre aux tr\u00e8s nombreux courriers re\u00e7us. \u00ab\u00a0On est les secr\u00e9taires du P\u00e8re No\u00ebl\u00a0\u00bb, se pr\u00e9sentent-ils.<\/p>\n<p>\u00ab\u00a0J\u2019imagine leur joie quand ils vont ouvrir l\u2019enveloppe\u00a0\u00bb<\/p>\n<p>Sur les tables, des piles d\u2019enveloppes les attendent.\u00a0Cela fait quinze ans que la Ville de Saint-\u00c9tienne a \u00e9t\u00e9 missionn\u00e9e par le P\u00e8re No\u00ebl pour l\u2019aider \u00e0 r\u00e9pondre \u00e0 tous ceux qui lui \u00e9crivent.<\/p>\n<p>\u00ab\u00a0Merci Papa No\u00ebl de rendre heureux tous les enfants du monde\u00a0\u00bb, lui dit ainsi une&#8230;<\/p>\n","protected":false},"excerpt":{"rendered":"\u00ab\u00a0Cher P\u00e8re No\u00ebl, je m\u2019appelle Jules et j\u2019ai \u00e9t\u00e9 un peu sage cette ann\u00e9e\u2026\u00a0\u00bb L\u2019\u00e9criture ronde est encore&hellip;\n","protected":false},"author":2,"featured_media":612282,"comment_status":"","ping_status":"","sticky":false,"template":"","format":"standard","meta":{"footnotes":""},"categories":[9653],"tags":[1111,11,2430,1687,7539,1777,674,3326,1011,27,12,25,4001,7538],"class_list":{"0":"post-612281","1":"post","2":"type-post","3":"status-publish","4":"format-standard","5":"has-post-thumbnail","7":"category-saint-etienne","8":"tag-actu","9":"tag-actualites","10":"tag-auvergne-rhone-alpes","11":"tag-culture-loisirs","12":"tag-edition-loire-sud","13":"tag-eu","14":"tag-europe","15":"tag-fete-locale","16":"tag-fr","17":"tag-france","18":"tag-news","19":"tag-republique-francaise","20":"tag-saint-etienne","21":"tag-saint-etienne-ville"},"share_on_mastodon":{"url":"https:\/\/pubeurope.com\/@fr\/115753526436204871","error":""},"_links":{"self":[{"href":"https:\/\/www.europesays.com\/fr\/wp-json\/wp\/v2\/posts\/612281","targetHints":{"allow":["GET"]}}],"collection":[{"href":"https:\/\/www.europesays.com\/fr\/wp-json\/wp\/v2\/posts"}],"about":[{"href":"https:\/\/www.europesays.com\/fr\/wp-json\/wp\/v2\/types\/post"}],"author":[{"embeddable":true,"href":"https:\/\/www.europesays.com\/fr\/wp-json\/wp\/v2\/users\/2"}],"replies":[{"embeddable":true,"href":"https:\/\/www.europesays.com\/fr\/wp-json\/wp\/v2\/comments?post=612281"}],"version-history":[{"count":0,"href":"https:\/\/www.europesays.com\/fr\/wp-json\/wp\/v2\/posts\/612281\/revisions"}],"wp:featuredmedia":[{"embeddable":true,"href":"https:\/\/www.europesays.com\/fr\/wp-json\/wp\/v2\/media\/612282"}],"wp:attachment":[{"href":"https:\/\/www.europesays.com\/fr\/wp-json\/wp\/v2\/media?parent=612281"}],"wp:term":[{"taxonomy":"category","embeddable":true,"href":"https:\/\/www.europesays.com\/fr\/wp-json\/wp\/v2\/categories?post=612281"},{"taxonomy":"post_tag","embeddable":true,"href":"https:\/\/www.europesays.com\/fr\/wp-json\/wp\/v2\/tags?post=612281"}],"curies":[{"name":"wp","href":"https:\/\/api.w.org\/{rel}","templated":true}]}}