{"id":612283,"date":"2025-12-20T19:24:31","date_gmt":"2025-12-20T19:24:31","guid":{"rendered":"https:\/\/www.europesays.com\/fr\/612283\/"},"modified":"2025-12-20T19:24:31","modified_gmt":"2025-12-20T19:24:31","slug":"cyclo-cross-de-saint-etienne-meons-les-photos-actualite","status":"publish","type":"post","link":"https:\/\/www.europesays.com\/fr\/612283\/","title":{"rendered":"Cyclo-cross de Saint-\u00c9tienne M\u00e9ons : Les photos &#8211; Actualit\u00e9"},"content":{"rendered":"<p>                                                                    <img decoding=\"async\" src=\"https:\/\/www.europesays.com\/fr\/wp-content\/uploads\/2025\/12\/6946eb8672b63.jpg\" height=\"auto\" loading=\"lazy\"\/><br \/>\n                                                                    Cr\u00e9dit photo Philippe Pradier \/ Directvelo<\/p>\n<p class=\"images-caption\">Cr\u00e9dit photo Philippe Pradier \/ Directvelo<\/p>\n<p class=\"metadata\">\n            Par<br \/>\n        <strong class=\"text-black\">PHILIPPE PRADIER<\/strong><br \/>\n                    <br \/>Le<br \/>\n    20 d\u00e9cembre 2025, 19:38<\/p>\n<p>Damien Beton (UC P\u00e9lussin Loire Pilat) a remport\u00e9, ce samedi, le cyclo-cross de Saint-\u00c9tienne M\u00e9ons (Loire), organis\u00e9 par l&rsquo;EC Saint-Etienne Loire. Il a devanc\u00e9 Antony Chamerat-Dumont (VC Villefranche Beaujolais) et le tenant du titre Sandy Dujardin (TotalEnergies).<\/p>\n<p>Retrouvez toutes les photos <a href=\"https:\/\/www.directvelo.com\/albums\" target=\"_blank\" rel=\"noopener\">en cliquant ici<\/a> ou sur les images ci-dessous.<\/p>\n<p class=\"text-center\"><img decoding=\"async\" src=\"https:\/\/www.europesays.com\/fr\/wp-content\/uploads\/2025\/12\/6946e2f48e1e0.jpg\" alt=\"\" width=\"650\"\/><br \/>La course <a href=\"https:\/\/www.directvelo.com\/album\/4586\/cc-saint-etienne-meons-2025-elites\" target=\"_blank\" rel=\"noopener\">\u00c9lites<\/a><br \/><img decoding=\"async\" src=\"https:\/\/www.europesays.com\/fr\/wp-content\/uploads\/2025\/12\/6946e4699d58d.jpg\" alt=\"\" width=\"650\"\/><br \/>La course <a href=\"https:\/\/www.directvelo.com\/album\/4587\/cc-saint-etienne-meons-2025-u19\" target=\"_blank\" rel=\"noopener\">U19 et F\u00e9minines<\/a><\/p>\n","protected":false},"excerpt":{"rendered":"Cr\u00e9dit photo Philippe Pradier \/ Directvelo Cr\u00e9dit photo Philippe Pradier \/ Directvelo Par PHILIPPE PRADIER Le 20 d\u00e9cembre&hellip;\n","protected":false},"author":2,"featured_media":612284,"comment_status":"","ping_status":"","sticky":false,"template":"","format":"standard","meta":{"footnotes":""},"categories":[9653],"tags":[1111,11,834,2430,828,836,829,837,827,83,826,824,823,207,814,817,815,816,822,821,1777,674,832,211,839,1011,27,820,818,819,12,835,831,830,833,838,25,4001,212,208,825],"class_list":{"0":"post-612283","1":"post","2":"type-post","3":"status-publish","4":"format-standard","5":"has-post-thumbnail","7":"category-saint-etienne","8":"tag-actu","9":"tag-actualites","10":"tag-attaque","11":"tag-auvergne-rhone-alpes","12":"tag-belgique","13":"tag-braquet","14":"tag-bretagne","15":"tag-chute","16":"tag-competition","17":"tag-coupe-de-france","18":"tag-coureur","19":"tag-course-cyclisme","20":"tag-course-cycliste","21":"tag-cyclisme","22":"tag-direct","23":"tag-direct-velo","24":"tag-directvelo","25":"tag-directvelo-com","26":"tag-epreuve","27":"tag-epreuve-cycliste","28":"tag-eu","29":"tag-europe","30":"tag-federation-francaise-de-cyclisme","31":"tag-ffc","32":"tag-flandres","33":"tag-fr","34":"tag-france","35":"tag-live","36":"tag-live-course","37":"tag-live-epreuve","38":"tag-news","39":"tag-peloton","40":"tag-radio-peloton","41":"tag-radio-tour","42":"tag-ravitaillement","43":"tag-relance","44":"tag-republique-francaise","45":"tag-saint-etienne","46":"tag-uci","47":"tag-velo","48":"tag-velos"},"share_on_mastodon":{"url":"","error":"Validation failed: Text character limit of 500 exceeded"},"_links":{"self":[{"href":"https:\/\/www.europesays.com\/fr\/wp-json\/wp\/v2\/posts\/612283","targetHints":{"allow":["GET"]}}],"collection":[{"href":"https:\/\/www.europesays.com\/fr\/wp-json\/wp\/v2\/posts"}],"about":[{"href":"https:\/\/www.europesays.com\/fr\/wp-json\/wp\/v2\/types\/post"}],"author":[{"embeddable":true,"href":"https:\/\/www.europesays.com\/fr\/wp-json\/wp\/v2\/users\/2"}],"replies":[{"embeddable":true,"href":"https:\/\/www.europesays.com\/fr\/wp-json\/wp\/v2\/comments?post=612283"}],"version-history":[{"count":0,"href":"https:\/\/www.europesays.com\/fr\/wp-json\/wp\/v2\/posts\/612283\/revisions"}],"wp:featuredmedia":[{"embeddable":true,"href":"https:\/\/www.europesays.com\/fr\/wp-json\/wp\/v2\/media\/612284"}],"wp:attachment":[{"href":"https:\/\/www.europesays.com\/fr\/wp-json\/wp\/v2\/media?parent=612283"}],"wp:term":[{"taxonomy":"category","embeddable":true,"href":"https:\/\/www.europesays.com\/fr\/wp-json\/wp\/v2\/categories?post=612283"},{"taxonomy":"post_tag","embeddable":true,"href":"https:\/\/www.europesays.com\/fr\/wp-json\/wp\/v2\/tags?post=612283"}],"curies":[{"name":"wp","href":"https:\/\/api.w.org\/{rel}","templated":true}]}}