{"id":612285,"date":"2025-12-20T19:25:36","date_gmt":"2025-12-20T19:25:36","guid":{"rendered":"https:\/\/www.europesays.com\/fr\/612285\/"},"modified":"2025-12-20T19:25:36","modified_gmt":"2025-12-20T19:25:36","slug":"video-a-essey-les-nancy-le-dada-cafe-ceramique-offre-creativite-et-gourmandise","status":"publish","type":"post","link":"https:\/\/www.europesays.com\/fr\/612285\/","title":{"rendered":"Vid\u00e9o. \u00c0 Essey-l\u00e8s-Nancy, le Dada Caf\u00e9 C\u00e9ramique offre cr\u00e9ativit\u00e9 et gourmandise"},"content":{"rendered":"<p>        <strong>COMMERCE. Marjorie Larcher a ouvert le Dada Caf\u00e9 C\u00e9ramique, au 39, avenue du 69e R\u00e9giment d\u2019infanterie. Une parenth\u00e8se de d\u00e9tente et de gourmandise o\u00f9 les clients peuvent s&rsquo;exercer \u00e0 la peinture sur c\u00e9ramique, tout en profitant d\u2019une pause caf\u00e9 chaleureuse.<\/strong><\/p>\n<p>L\u2019id\u00e9e a germ\u00e9 il y a plusieurs ann\u00e9es, lors d\u2019un s\u00e9jour outre-mer. Sur l\u2019\u00eele de Saint-Martin, Marjorie Larcher d\u00e9couvre le concept du caf\u00e9 c\u00e9ramique o\u00f9 l\u2019on s\u2019accorde une parenth\u00e8se cr\u00e9ative le temps d\u2019une session artistique. De retour en m\u00e9tropole, elle reste sous le charme de cette exp\u00e9rience. Elle d\u00e9cide plus tard de se lancer et reprend un local \u00e0 Essey-l\u00e8s-Nancy. Soutenue par son mari, elle quitte alors son emploi dans la comptabilit\u00e9 pour se consacrer pleinement \u00e0 ce projet.<\/p>\n<p>Depuis l&rsquo;automne 2025, l\u2019enseigne fait \u00e9cho \u00e0 ses passions : l\u2019\u00e9quitation avec le nom \u00ab dada \u00bb, \u00e0 la c\u00e9ramique, mais aussi \u00e0 la p\u00e2tisserie. Sur place, elle propose des g\u00e2teaux faits maison comme des cookies et des boissons originales, comme le tr\u00e8s color\u00e9 \u00ab pink latte \u00bb, un lait aux fruits rouges.<\/p>\n<p>En franchissant les portes de Dada c\u00e9ramique, le concept est simple, les clients sont d&rsquo;abord invit\u00e9s \u00e0 choisir le support de leur choix parmi pr\u00e8s d\u2019une centaine de r\u00e9f\u00e9rences de c\u00e9ramiques brutes au noms \u00e9vocateurs des ann\u00e9es 1990 et 2000 ou faisant r\u00e9f\u00e9rence aux festivit\u00e9s du moment. Assiettes, pichets, figurines ou d\u00e9corations saisonni\u00e8res, dans les rayons, ce sont les mugs personnalis\u00e9s qui rencontrent un franc succ\u00e8s \u00e0 l\u2019image de la tasse \u00ab Spice Girls \u00bb, selon la g\u00e9rante.\u00a0<\/p>\n<p>Apr\u00e8s quelques conseils techniques, chacun peut se lancer en utilisant pinceaux, rubans adh\u00e9sifs et peintures de son choix. L&rsquo;activit\u00e9 achev\u00e9e, la magie op\u00e8rera en coulisses. La c\u00e9ramique confi\u00e9e \u00e0 la g\u00e9rante, alternera temps de repos, bain d&rsquo;\u00e9mail puis une cuisson dans un four \u00e0 pr\u00e8s de 1 000 degr\u00e9s pendant deux jours. Des \u00e9tapes qui permettront aux couleurs de devenir \u00ab\u00a0plus vives, brillantes et les cr\u00e9ations r\u00e9sistantes \u00e0 l\u2019usage \u00bb, explique Marjorie. Une cr\u00e9ation unique qui sera remise dans les jours qui suivent \u00e0 son propri\u00e9taire.<\/p>\n<p>C\u00f4t\u00e9 pratique, les tarifs s\u2019\u00e9chelonnent de 15 \u00e0 70 euros selon la pi\u00e8ce choisie. Le prix comprend le mat\u00e9riel, l\u2019\u00e9maillage et la cuisson.\u00a0Les sessions sont propos\u00e9es le mercredi, le samedi et le dimanche pour deux heures, ainsi que le jeudi et le vendredi pour deux heures et demie.\u00a0<\/p>\n<p>Depuis l\u2019ouverture, pr\u00e8s de 500 cr\u00e9ations ont d\u00e9j\u00e0 \u00e9t\u00e9 r\u00e9alis\u00e9es. Dans la continuit\u00e9, Marjorie Larcher qui ne manque pas d&rsquo;id\u00e9es entend d\u00e9velopper des partenariats associatifs, notamment autour de l\u2019autisme, et poursuivre l\u2019animation de son caf\u00e9 \u00e0 travers des ateliers vari\u00e9s, toujours ouverts \u00e0 la cr\u00e9ativit\u00e9 des habitants de la m\u00e9tropole nanc\u00e9ienne.<\/p>\n<p>Infos pratiques. Dada caf\u00e9 au 39 avenue du 69e Regiment d&rsquo;Infanterie 54270,\u00a0Essey-l\u00e8s-Nancy. T\u00e9l\u00e9phone 06 72 78 48 95.\u00a0<\/p>\n<p>\u00a0<\/p>\n<p>\t\t\t\t\t\t<a href=\"https:\/\/www.pinterest.com\/pin\/create\/button\/\" data-pin-do=\"buttonBookmark\" data-pin-color=\"red\" target=\"_blank\" rel=\"noopener\"><img decoding=\"async\" src=\"https:\/\/www.europesays.com\/fr\/wp-content\/uploads\/2025\/04\/pinit_fg_en_rect_red_20.png\" alt=\"Pin It\"\/><\/a><\/p>\n","protected":false},"excerpt":{"rendered":"COMMERCE. Marjorie Larcher a ouvert le Dada Caf\u00e9 C\u00e9ramique, au 39, avenue du 69e R\u00e9giment d\u2019infanterie. Une parenth\u00e8se&hellip;\n","protected":false},"author":2,"featured_media":612286,"comment_status":"","ping_status":"","sticky":false,"template":"","format":"standard","meta":{"footnotes":""},"categories":[9635],"tags":[1111,11,1777,674,1011,27,775,1702,12,25],"class_list":{"0":"post-612285","1":"post","2":"type-post","3":"status-publish","4":"format-standard","5":"has-post-thumbnail","7":"category-nancy","8":"tag-actu","9":"tag-actualites","10":"tag-eu","11":"tag-europe","12":"tag-fr","13":"tag-france","14":"tag-grand-est","15":"tag-nancy","16":"tag-news","17":"tag-republique-francaise"},"share_on_mastodon":{"url":"https:\/\/pubeurope.com\/@fr\/115753538749622999","error":""},"_links":{"self":[{"href":"https:\/\/www.europesays.com\/fr\/wp-json\/wp\/v2\/posts\/612285","targetHints":{"allow":["GET"]}}],"collection":[{"href":"https:\/\/www.europesays.com\/fr\/wp-json\/wp\/v2\/posts"}],"about":[{"href":"https:\/\/www.europesays.com\/fr\/wp-json\/wp\/v2\/types\/post"}],"author":[{"embeddable":true,"href":"https:\/\/www.europesays.com\/fr\/wp-json\/wp\/v2\/users\/2"}],"replies":[{"embeddable":true,"href":"https:\/\/www.europesays.com\/fr\/wp-json\/wp\/v2\/comments?post=612285"}],"version-history":[{"count":0,"href":"https:\/\/www.europesays.com\/fr\/wp-json\/wp\/v2\/posts\/612285\/revisions"}],"wp:featuredmedia":[{"embeddable":true,"href":"https:\/\/www.europesays.com\/fr\/wp-json\/wp\/v2\/media\/612286"}],"wp:attachment":[{"href":"https:\/\/www.europesays.com\/fr\/wp-json\/wp\/v2\/media?parent=612285"}],"wp:term":[{"taxonomy":"category","embeddable":true,"href":"https:\/\/www.europesays.com\/fr\/wp-json\/wp\/v2\/categories?post=612285"},{"taxonomy":"post_tag","embeddable":true,"href":"https:\/\/www.europesays.com\/fr\/wp-json\/wp\/v2\/tags?post=612285"}],"curies":[{"name":"wp","href":"https:\/\/api.w.org\/{rel}","templated":true}]}}